{"id":6550,"date":"2007-11-20T00:41:24","date_gmt":"2007-11-19T23:41:24","guid":{"rendered":"http:\/\/www.schoene-nachrichten.de\/?p=6550"},"modified":"2007-11-19T21:42:08","modified_gmt":"2007-11-19T20:42:08","slug":"fachtagung-hochschulen-im-bologna-prozess","status":"publish","type":"post","link":"https:\/\/www.fuldaernachrichten.de\/?p=6550","title":{"rendered":"Fachtagung \u201eHochschulen im Bologna-Prozess&#8221;"},"content":{"rendered":"<p><strong>Termin.<\/strong> Die Hochschule Fulda veranstaltet am 28. November 2007, ab 9.30 Uhr, im Geb. H\/ Halle 8, Marquardstra\u00dfe 35, eine ganzt\u00e4gige Fachtagung mit dem Titel: \u201eHochschulen im Bologna-Prozess: Erste Bilanz und neue Herausforderungen\u201c.<!--more--><\/p>\n<p>Hintergrund dieser Tagung ist die vollst\u00e4ndige Umstellung der Hochschule Fulda auf die gestuften Bachelor- und Masterstudieng\u00e4nge. Die Hochschule nimmt das Erreichen dieses wichtigen Meilensteins zum Anlass, ein erstes R\u00e9sum\u00e9 zu ziehen. Namhafte Referentinnen und Referenten werden die Folgen des Bologna-Prozesses aus verschiedenen Blickwinkeln beleuchten.<\/p>\n<p>Anl\u00e4sslich der Fachtagung werden nationale und internationale Projekte pr\u00e4sentiert, die sich mit Fragen zur Umsetzung des Bologna-Prozesses besch\u00e4ftigen. F\u00fcr die abschlie\u00dfende Podiumsdiskussion wurden ausgewiesene Expertinnen und Experten gewonnen.<\/p>\n<p>Die Veranstaltung ist \u00f6ffentlich und kostenlos. Interessierte sind willkommen. Anmeldungen sind unter <a href=\"mailto:wissenstransfer.wt@hs-fulda.de\">wissenstransfer.wt@hs-fulda.de<\/a> bis zum 23.11.2007 erbeten.<\/p>\n","protected":false},"excerpt":{"rendered":"<div class=\"tmnf_excerpt\"><p>Termin. Die Hochschule Fulda veranstaltet am 28. November 2007, ab 9.30 Uhr, im Geb. H\/ Halle 8, Marquardstra\u00dfe 35, eine ganzt\u00e4gige Fachtagung mit dem Titel: \u201eHochschulen im Bologna-Prozess: Erste Bilanz und neue Herausforderungen\u201c.<\/p>\n<\/div>","protected":false},"author":1,"featured_media":0,"comment_status":"closed","ping_status":"closed","sticky":false,"template":"","format":"standard","meta":{"footnotes":""},"categories":[1,53,48],"tags":[],"class_list":["post-6550","post","type-post","status-publish","format-standard","hentry","category-startseite","category-bildung","category-forschung"],"_links":{"self":[{"href":"https:\/\/www.fuldaernachrichten.de\/index.php?rest_route=\/wp\/v2\/posts\/6550","targetHints":{"allow":["GET"]}}],"collection":[{"href":"https:\/\/www.fuldaernachrichten.de\/index.php?rest_route=\/wp\/v2\/posts"}],"about":[{"href":"https:\/\/www.fuldaernachrichten.de\/index.php?rest_route=\/wp\/v2\/types\/post"}],"author":[{"embeddable":true,"href":"https:\/\/www.fuldaernachrichten.de\/index.php?rest_route=\/wp\/v2\/users\/1"}],"replies":[{"embeddable":true,"href":"https:\/\/www.fuldaernachrichten.de\/index.php?rest_route=%2Fwp%2Fv2%2Fcomments&post=6550"}],"version-history":[{"count":0,"href":"https:\/\/www.fuldaernachrichten.de\/index.php?rest_route=\/wp\/v2\/posts\/6550\/revisions"}],"wp:attachment":[{"href":"https:\/\/www.fuldaernachrichten.de\/index.php?rest_route=%2Fwp%2Fv2%2Fmedia&parent=6550"}],"wp:term":[{"taxonomy":"category","embeddable":true,"href":"https:\/\/www.fuldaernachrichten.de\/index.php?rest_route=%2Fwp%2Fv2%2Fcategories&post=6550"},{"taxonomy":"post_tag","embeddable":true,"href":"https:\/\/www.fuldaernachrichten.de\/index.php?rest_route=%2Fwp%2Fv2%2Ftags&post=6550"}],"curies":[{"name":"wp","href":"https:\/\/api.w.org\/{rel}","templated":true}]}}