{"id":65227,"date":"2010-07-21T16:29:48","date_gmt":"2010-07-21T14:29:48","guid":{"rendered":"http:\/\/www.fuldaer-nachrichten.de\/?p=65227"},"modified":"2010-07-21T16:29:48","modified_gmt":"2010-07-21T14:29:48","slug":"kreisjugendfeuerwehrzeltlager-800-camper-mit-97-zelten-in-tann-rhoen","status":"publish","type":"post","link":"https:\/\/www.fuldaernachrichten.de\/?p=65227","title":{"rendered":"Kreisjugendfeuerwehrzeltlager &#8211; 800 Camper mit 97 Zelten in Tann (Rh\u00f6n)"},"content":{"rendered":"<p><strong>Tann.<\/strong> Die Rh\u00f6nstadt Tann war in diesem Jahr Austragungsort des Zeltlagers der Kreisjugendfeuerwehr Fulda. An den ersten beiden Wochenenden der Sommerferien, jeweils von Donnerstag bis Sonntag schlugen 59 Jugendfeuerwehren ihre Zelte neben der Sportanlage auf. Ein umfangreiches Programm sorgte daf\u00fcr, dass keine Langeweile aufkam. Das Wetter, fast durchweg Sonnenschein und hei\u00df sorgte ebenfalls f\u00fcr eine gute Stimmung bei den Jugendlichen.<\/p>\n<p><strong>Fotos (39):<\/strong> Steffen Hohmann<\/p>\n<p><a title=\"Foto: Steffen Hohmann\" rel=\"lightbox[roadtrip]\" href=\"..\/wp-content\/uploads\/2010\/07\/100721_FF_031.jpg\" target=\"_blank\"><img decoding=\"async\" src=\"..\/wp-content\/uploads\/2010\/07\/100721_FF_031.thumbnail.jpg\" alt=\"100721_FF_031.jpg\" width=\"265\" \/><\/a> <a title=\"Foto: Steffen  Hohmann\" rel=\"lightbox[roadtrip]\" href=\"..\/wp-content\/uploads\/2010\/07\/100721_FF_032.jpg\" target=\"_blank\"><img decoding=\"async\" src=\"..\/wp-content\/uploads\/2010\/07\/100721_FF_032.thumbnail.jpg\" alt=\"100721_FF_032.jpg\" width=\"265\" \/><\/a><\/p>\n<p><a title=\"Foto: Steffen Hohmann\" rel=\"lightbox[roadtrip]\" href=\"..\/wp-content\/uploads\/2010\/07\/100721_FF_030.jpg\" target=\"_blank\"><img decoding=\"async\" src=\"..\/wp-content\/uploads\/2010\/07\/100721_FF_030.thumbnail.jpg\" alt=\"100721_FF_030.jpg\" width=\"265\" \/><\/a> <a title=\"Foto: Steffen Hohmann\" rel=\"lightbox[roadtrip]\" href=\"..\/wp-content\/uploads\/2010\/07\/100721_FF_003.jpg\" target=\"_blank\"><img decoding=\"async\" src=\"..\/wp-content\/uploads\/2010\/07\/100721_FF_003.thumbnail.jpg\" alt=\"100721_FF_003.jpg\" width=\"265\" \/><\/a><\/p>\n<p><!--more--><\/p>\n<p>Nachdem am Donnerstagnachmittag die Zeltstadt aufgestellt war, konnte Kreisjugendfeuerwehrwart Michael Knoth das Lager am Abend er\u00f6ffnen. Hierzu kamen viele G\u00e4ste, wie Landrat Bernd Woide, Erster Kreisbeigeordneter Dr. Heiko Wingenfeld, Erster Stadtrat Waldemar Leubecher, Kreisbrandinspektor und Vorsitzender des Kreisfeuerwehrverbandes Stefan Schmidt sowie Stadtbrandinspektor Thomas J\u00f6rges. Diese lobten die Nachwuchskr\u00e4fte der Feuerwehr f\u00fcr ihre Mitgliedschaft in der Jugendorganisation und Teilnahme am Zeltlager. Der Vertreter der Sparkassen Versicherung Detlef Reich \u00fcbergab zur Unterst\u00fctzung des Lagers einen Scheck von 200 Euro. Aber auch die Ehrenmitglieder des Kreisfeuerwehrverbandes Gustav M\u00fcnker, Walter Kr\u00e4mer, Gerwald Hofmann sowie Eugen Junk schauten vorbei und bekundeten ihre Freundschaft mit den jungen Kameraden.<\/p>\n<p><a title=\"Foto: Steffen Hohmann\" rel=\"lightbox[roadtrip]\" href=\"..\/wp-content\/uploads\/2010\/07\/100721_FF_009.jpg\" target=\"_blank\"><img decoding=\"async\" src=\"..\/wp-content\/uploads\/2010\/07\/100721_FF_009.thumbnail.jpg\" alt=\"100721_FF_009.jpg\" width=\"265\" \/><\/a> <a title=\"Foto: Steffen  Hohmann\" rel=\"lightbox[roadtrip]\" href=\"..\/wp-content\/uploads\/2010\/07\/100721_FF_010.jpg\" target=\"_blank\"><img decoding=\"async\" src=\"..\/wp-content\/uploads\/2010\/07\/100721_FF_010.thumbnail.jpg\" alt=\"100721_FF_010.jpg\" width=\"265\" \/><\/a><\/p>\n<p>Das Programm begann am Freitagmorgen nach dem Fr\u00fchst\u00fcck mit einer Stadtrally kreuz und quer durch Tann. Hierbei mussten verschiedene Fragen zu Tanner Sehensw\u00fcrdigkeiten beantwortet werden. Nachmittags hatten die Gruppen die M\u00f6glichkeit zu g\u00fcnstigen Preisen die Museen und das Geriethbad in Tann zu besuchen.<\/p>\n<p><a title=\"Foto: Steffen Hohmann\" rel=\"lightbox[roadtrip]\" href=\"..\/wp-content\/uploads\/2010\/07\/100721_FF_005.jpg\" target=\"_blank\"><img decoding=\"async\" src=\"..\/wp-content\/uploads\/2010\/07\/100721_FF_005.thumbnail.jpg\" alt=\"100721_FF_005.jpg\" width=\"265\" \/><\/a> <a title=\"Foto: Steffen  Hohmann\" rel=\"lightbox[roadtrip]\" href=\"..\/wp-content\/uploads\/2010\/07\/100721_FF_006.jpg\" target=\"_blank\"><img decoding=\"async\" src=\"..\/wp-content\/uploads\/2010\/07\/100721_FF_006.thumbnail.jpg\" alt=\"100721_FF_006.jpg\" width=\"265\" \/><\/a><\/p>\n<p>Am Freitagnachmittag hatten einige Jugendgruppen die M\u00f6glichkeit den Ausbildungsnachweis, die Jugendflamme in der Stufe 2 oder 3 in Form einer kleinen Pr\u00fcfung abzulegen. Hierbei mussten die Funktionen von feuerwehrtechnischen Ger\u00e4ten erkl\u00e4rt werden oder eine Einsatzstelle abgesichert werden. Andere Bauten einen Wasserwerfer auf oder f\u00fchrten eine L\u00f6sch\u00fcbung vor. Der Samstagvormittag stand ebenfalls im Zeichen der Feuerwehrausbildung. Hierbei wurden Themen wie Gefahrgut, Maschinistenausbildung, Kartenkunde, W\u00e4rmebildkamera, Technische Einsatzleitung und Sprechfunk, Hilfeleistung nach Verkehrsunfall, Grundt\u00e4tigkeiten, Umgang mit Leitern und Fettexplosion angeboten. Andere waren im Sch\u00fctzenhaus zum schie\u00dfen. Ein weiterer Workshop war mit dem Tanner Diakoniezentrum in der Kreativwerkstatt im Kunstcafe wo sich die Teilnehmer zusammen mit den Bewohnern gemeinsam kreativ bet\u00e4tigen durften. Der ehemalige Z\u00f6llner Willi Hartmann erkl\u00e4rte in Form von Filmvortr\u00e4gen und Anschauungsmaterialien die ehemalige innerdeutsche Grenze.<\/p>\n<p><a title=\"Foto: Steffen Hohmann\" rel=\"lightbox[roadtrip]\" href=\"..\/wp-content\/uploads\/2010\/07\/100721_FF_011.jpg\" target=\"_blank\"><img decoding=\"async\" src=\"..\/wp-content\/uploads\/2010\/07\/100721_FF_011.thumbnail.jpg\" alt=\"100721_FF_011.jpg\" width=\"265\" \/><\/a> <a title=\"Foto: Steffen  Hohmann\" rel=\"lightbox[roadtrip]\" href=\"..\/wp-content\/uploads\/2010\/07\/100721_FF_012.jpg\" target=\"_blank\"><img decoding=\"async\" src=\"..\/wp-content\/uploads\/2010\/07\/100721_FF_012.thumbnail.jpg\" alt=\"100721_FF_012.jpg\" width=\"265\" \/><\/a><\/p>\n<p>Unter der Federf\u00fchrung von Karl Fritsch und seiner Truppe vom Malteser Hilfsdienst aus Petersberg &#8211; Steinhaus wurde jeden Mittag eine leckere Mahlzeit an alle M\u00e4dchen und Jungen gereicht. Ein Ortsans\u00e4ssiger Metzger und B\u00e4cker versorgte die Jugendfeuerwehren morgens und abends mit frischen Fleisch- und Backwaren. Zu einem Jugendgottesdienst trafen sich die Jugendwehren am Samstagabend in der Tanner Kirche. Diese wurde durch die Konfirmanden sowie den Pfarrern Kleinert und J\u00e4ger feierlich gestaltet. Die Ausrichterjugendfeuerwehren aus den Stadtteilen Neuschwambach-Habel, Theobaldhof und Tann unter der Leitung von Stadtjugendfeuerwehrwart Andreas J\u00f6rges und dessen Stellvertreter Ren\u00e9 Dietrich organisierte am letzten Abend eine Discoveranstaltung auf dem Zeltplatz.<\/p>\n<p><a title=\"Foto: Steffen Hohmann\" rel=\"lightbox[roadtrip]\" href=\"..\/wp-content\/uploads\/2010\/07\/100721_FF_007.jpg\" target=\"_blank\"><img decoding=\"async\" src=\"..\/wp-content\/uploads\/2010\/07\/100721_FF_007.thumbnail.jpg\" alt=\"100721_FF_007.jpg\" width=\"265\" \/><\/a> <a title=\"Foto: Steffen  Hohmann\" rel=\"lightbox[roadtrip]\" href=\"..\/wp-content\/uploads\/2010\/07\/100721_FF_008.jpg\" target=\"_blank\"><img decoding=\"async\" src=\"..\/wp-content\/uploads\/2010\/07\/100721_FF_008.thumbnail.jpg\" alt=\"100721_FF_008.jpg\" width=\"265\" \/><\/a><\/p>\n<p>Das \u201eSaftwerk\u201c des Landkreises Fulda lockte mit verschiedenen alkoholfreien Cocktails. Bei wunderbarem Wetter und hei\u00dfen Temperaturen vergn\u00fcgten sich die Jungen und M\u00e4dchen am Zeltplatz. Manche hielten ihre F\u00fc\u00dfe in aufblasbare Swimmingpools, andere machten eine Wasserschlacht oder plauderten miteinander und schlossen neue Freundschaften untereinander. Das Kreisjugendfeuerwehrzeltlager was in diesem Jahr zum 42. Mal stattfand, z\u00e4hlt zu den Jahresh\u00f6hepunkten bei den Jugendfeuerwehren und l\u00e4sst den Schulstress zum Sommerferienanfang leicht vergessen. \u00dcber den organisatorischen Ablauf der Veranstaltung waren die Lagerleitung der Kreisjugendfeuerwehr Fulda sowie die Ausrichterjugendfeuerwehren aus den Tanner Stadtteilen sehr zufrieden.<br \/>\nUnd auch die Jugendlichen hatten bei ihrem Zeltlager sehr viel Spa\u00df und freuen sich schon heute auf das kommende Jahr im Zeltlager was dann in Burghaun stattfindet.<\/p>\n<p><a title=\"Foto: Steffen Hohmann\" rel=\"lightbox[roadtrip]\" href=\"..\/wp-content\/uploads\/2010\/07\/100721_FF_013.jpg\" target=\"_blank\"><img decoding=\"async\" src=\"..\/wp-content\/uploads\/2010\/07\/100721_FF_013.thumbnail.jpg\" alt=\"100721_FF_013.jpg\" width=\"265\" \/><\/a> <a title=\"Foto: Steffen  Hohmann\" rel=\"lightbox[roadtrip]\" href=\"..\/wp-content\/uploads\/2010\/07\/100721_FF_014.jpg\" target=\"_blank\"><img decoding=\"async\" src=\"..\/wp-content\/uploads\/2010\/07\/100721_FF_014.thumbnail.jpg\" alt=\"100721_FF_014.jpg\" width=\"265\" \/><\/a><\/p>\n<p>Jugendfeuerwehrmitglieder schilderten ihre Erlebnisse im Kreisjugendfeuerwehrzeltlager wie folgt: Die 13-j\u00e4hrige Lena Drott aus Simmershausen fand das passende Wetter besonders gut und so sorgte der Besuch im Freibad f\u00fcr die richtige Abk\u00fchlung. Sie hat im Zeltlager viele Leute kennengelernt und ist, wenn m\u00f6glich im n\u00e4chsten Jahr wieder mit von der Partie.<\/p>\n<p><a title=\"Foto: Steffen Hohmann\" rel=\"lightbox[roadtrip]\" href=\"..\/wp-content\/uploads\/2010\/07\/100721_FF_017.jpg\" target=\"_blank\"><img decoding=\"async\" src=\"..\/wp-content\/uploads\/2010\/07\/100721_FF_017.thumbnail.jpg\" alt=\"100721_FF_017.jpg\" width=\"265\" \/><\/a> <a title=\"Foto: Steffen  Hohmann\" rel=\"lightbox[roadtrip]\" href=\"..\/wp-content\/uploads\/2010\/07\/100721_FF_018.jpg\" target=\"_blank\"><img decoding=\"async\" src=\"..\/wp-content\/uploads\/2010\/07\/100721_FF_018.thumbnail.jpg\" alt=\"100721_FF_018.jpg\" width=\"265\" \/><\/a><\/p>\n<p>Clemens Sparleder, 11 Jahre, von der Jugendfeuerwehr Burghaun konnte sich beim Workshop \u201eSchie\u00dfen\u201c so richtig austoben. Dass er die Pr\u00fcfung f\u00fcr den Ausbildungsnachweis, die Jugendflamme der Stufe 2 erfolgreich bestanden hat zeigte ihn jetzt ganz stolz.<\/p>\n<p><a title=\"Foto: Steffen Hohmann\" rel=\"lightbox[roadtrip]\" href=\"..\/wp-content\/uploads\/2010\/07\/100721_FF_019.jpg\" target=\"_blank\"><img decoding=\"async\" src=\"..\/wp-content\/uploads\/2010\/07\/100721_FF_019.thumbnail.jpg\" alt=\"100721_FF_019.jpg\" width=\"265\" \/><\/a> <a title=\"Foto: Steffen  Hohmann\" rel=\"lightbox[roadtrip]\" href=\"..\/wp-content\/uploads\/2010\/07\/100721_FF_020.jpg\" target=\"_blank\"><img decoding=\"async\" src=\"..\/wp-content\/uploads\/2010\/07\/100721_FF_020.thumbnail.jpg\" alt=\"100721_FF_020.jpg\" width=\"265\" \/><\/a><\/p>\n<p>Leon Menz (14 Jahre) und Robin Leitschuh (13 Jahre) aus Poppenhausen haben zur Erfrischung bei den warmen Temperaturen eine Wasserschlacht durchgef\u00fchrt. Anschlie\u00dfend k\u00fchlten sie sich in einem selbst gebastelten Pool ab. Passend fanden die beiden Jungen auch das \u201eSaftwerk\u201c mit coolen alkoholfreien Cocktails. Weiterhin hat ihnen auch das Mittagessen gut geschmeckt. Ein rundum gelungenes Ferienlager!<\/p>\n<p><a title=\"Foto: Steffen Hohmann\" rel=\"lightbox[roadtrip]\" href=\"..\/wp-content\/uploads\/2010\/07\/100721_FF_021.jpg\" target=\"_blank\"><img decoding=\"async\" src=\"..\/wp-content\/uploads\/2010\/07\/100721_FF_021.thumbnail.jpg\" alt=\"100721_FF_021.jpg\" width=\"265\" \/><\/a> <a title=\"Foto: Steffen  Hohmann\" rel=\"lightbox[roadtrip]\" href=\"..\/wp-content\/uploads\/2010\/07\/100721_FF_022.jpg\" target=\"_blank\"><img decoding=\"async\" src=\"..\/wp-content\/uploads\/2010\/07\/100721_FF_022.thumbnail.jpg\" alt=\"100721_FF_022.jpg\" width=\"265\" \/><\/a><\/p>\n<p>Moritz Happ aus Neuhof \u2013 Dorfborn ist 9 Jahre alt und zum ersten Mal im Kreisjugendfeuerwehrzeltlager. Ihm hat die Stadtrally Spa\u00df gemacht. Im Schwimmbad konnte er sich mit seinen Jugendfeuerwehrfreunden austoben. Er freut sich auch schon auf das n\u00e4chste Jahr, wenn es wieder zum Zelten geht.<\/p>\n<p><strong>Fulda.<\/strong> Text<\/p>\n<p><a title=\"Foto: Steffen Hohmann\" rel=\"lightbox[roadtrip]\" href=\"http:\/\/www.fuldaer-nachrichten.de\/wp-content\/uploads\/2010\/07\/100721_FF_001.jpg\" target=\"_blank\"><img decoding=\"async\" src=\"http:\/\/www.fuldaer-nachrichten.de\/wp-content\/uploads\/2010\/07\/100721_FF_001.thumbnail.jpg\" alt=\"100721_FF_001.jpg\" width=\"265\" \/><\/a> <a title=\"Foto: Steffen Hohmann\" rel=\"lightbox[roadtrip]\" href=\"http:\/\/www.fuldaer-nachrichten.de\/wp-content\/uploads\/2010\/07\/100721_FF_002.jpg\" target=\"_blank\"><img decoding=\"async\" src=\"http:\/\/www.fuldaer-nachrichten.de\/wp-content\/uploads\/2010\/07\/100721_FF_002.thumbnail.jpg\" alt=\"100721_FF_002.jpg\" width=\"265\" \/><\/a><\/p>\n<p><a title=\"Foto: Steffen Hohmann\" rel=\"lightbox[roadtrip]\" href=\"..\/wp-content\/uploads\/2010\/07\/100721_FF_029.jpg\" target=\"_blank\"><img decoding=\"async\" src=\"..\/wp-content\/uploads\/2010\/07\/100721_FF_029.thumbnail.jpg\" alt=\"100721_FF_029.jpg\" width=\"265\" \/><\/a> <a title=\"Foto: Steffen Hohmann\" rel=\"lightbox[roadtrip]\" href=\"http:\/\/www.fuldaer-nachrichten.de\/wp-content\/uploads\/2010\/07\/100721_FF_004.jpg\" target=\"_blank\"><img decoding=\"async\" src=\"http:\/\/www.fuldaer-nachrichten.de\/wp-content\/uploads\/2010\/07\/100721_FF_004.thumbnail.jpg\" alt=\"100721_FF_004.jpg\" width=\"265\" \/><\/a><\/p>\n<p><a title=\"Foto: Steffen Hohmann\" rel=\"lightbox[roadtrip]\" href=\"http:\/\/www.fuldaer-nachrichten.de\/wp-content\/uploads\/2010\/07\/100721_FF_015.jpg\" target=\"_blank\"><img decoding=\"async\" src=\"http:\/\/www.fuldaer-nachrichten.de\/wp-content\/uploads\/2010\/07\/100721_FF_015.thumbnail.jpg\" alt=\"100721_FF_015.jpg\" width=\"265\" \/><\/a> <a title=\"Foto: Steffen Hohmann\" rel=\"lightbox[roadtrip]\" href=\"http:\/\/www.fuldaer-nachrichten.de\/wp-content\/uploads\/2010\/07\/100721_FF_016.jpg\" target=\"_blank\"><img decoding=\"async\" src=\"http:\/\/www.fuldaer-nachrichten.de\/wp-content\/uploads\/2010\/07\/100721_FF_016.thumbnail.jpg\" alt=\"100721_FF_016.jpg\" width=\"265\" \/><\/a><\/p>\n<p><a title=\"Foto: Steffen Hohmann\" rel=\"lightbox[roadtrip]\" href=\"http:\/\/www.fuldaer-nachrichten.de\/wp-content\/uploads\/2010\/07\/100721_FF_023.jpg\" target=\"_blank\"><img decoding=\"async\" src=\"http:\/\/www.fuldaer-nachrichten.de\/wp-content\/uploads\/2010\/07\/100721_FF_023.thumbnail.jpg\" alt=\"100721_FF_023.jpg\" width=\"265\" \/><\/a> <a title=\"Foto: Steffen Hohmann\" rel=\"lightbox[roadtrip]\" href=\"http:\/\/www.fuldaer-nachrichten.de\/wp-content\/uploads\/2010\/07\/100721_FF_024.jpg\" target=\"_blank\"><img decoding=\"async\" src=\"http:\/\/www.fuldaer-nachrichten.de\/wp-content\/uploads\/2010\/07\/100721_FF_024.thumbnail.jpg\" alt=\"100721_FF_024.jpg\" width=\"265\" \/><\/a><\/p>\n<p><a title=\"Foto: Steffen Hohmann\" rel=\"lightbox[roadtrip]\" href=\"http:\/\/www.fuldaer-nachrichten.de\/wp-content\/uploads\/2010\/07\/100721_FF_025.jpg\" target=\"_blank\"><img decoding=\"async\" src=\"http:\/\/www.fuldaer-nachrichten.de\/wp-content\/uploads\/2010\/07\/100721_FF_025.thumbnail.jpg\" alt=\"100721_FF_025.jpg\" width=\"265\" \/><\/a> <a title=\"Foto: Steffen Hohmann\" rel=\"lightbox[roadtrip]\" href=\"http:\/\/www.fuldaer-nachrichten.de\/wp-content\/uploads\/2010\/07\/100721_FF_026.jpg\" target=\"_blank\"><img decoding=\"async\" src=\"http:\/\/www.fuldaer-nachrichten.de\/wp-content\/uploads\/2010\/07\/100721_FF_026.thumbnail.jpg\" alt=\"100721_FF_026.jpg\" width=\"265\" \/><\/a><\/p>\n<p><a title=\"Foto: Steffen Hohmann\" rel=\"lightbox[roadtrip]\" href=\"http:\/\/www.fuldaer-nachrichten.de\/wp-content\/uploads\/2010\/07\/100721_FF_027.jpg\" target=\"_blank\"><img decoding=\"async\" src=\"http:\/\/www.fuldaer-nachrichten.de\/wp-content\/uploads\/2010\/07\/100721_FF_027.thumbnail.jpg\" alt=\"100721_FF_027.jpg\" width=\"265\" \/><\/a> <a title=\"Foto: Steffen Hohmann\" rel=\"lightbox[roadtrip]\" href=\"http:\/\/www.fuldaer-nachrichten.de\/wp-content\/uploads\/2010\/07\/100721_FF_028.jpg\" target=\"_blank\"><img decoding=\"async\" src=\"http:\/\/www.fuldaer-nachrichten.de\/wp-content\/uploads\/2010\/07\/100721_FF_028.thumbnail.jpg\" alt=\"100721_FF_028.jpg\" width=\"265\" \/><\/a><\/p>\n<p><a title=\"Foto: Steffen Hohmann\" rel=\"lightbox[roadtrip]\" href=\"http:\/\/www.fuldaer-nachrichten.de\/wp-content\/uploads\/2010\/07\/100721_FF_033.jpg\" target=\"_blank\"><img decoding=\"async\" src=\"http:\/\/www.fuldaer-nachrichten.de\/wp-content\/uploads\/2010\/07\/100721_FF_033.thumbnail.jpg\" alt=\"100721_FF_033.jpg\" width=\"265\" \/><\/a> <a title=\"Foto: Steffen Hohmann\" rel=\"lightbox[roadtrip]\" href=\"http:\/\/www.fuldaer-nachrichten.de\/wp-content\/uploads\/2010\/07\/100721_FF_034.jpg\" target=\"_blank\"><img decoding=\"async\" src=\"http:\/\/www.fuldaer-nachrichten.de\/wp-content\/uploads\/2010\/07\/100721_FF_034.thumbnail.jpg\" alt=\"100721_FF_034.jpg\" width=\"265\" \/><\/a><\/p>\n<p><a title=\"Foto: Steffen Hohmann\" rel=\"lightbox[roadtrip]\" href=\"http:\/\/www.fuldaer-nachrichten.de\/wp-content\/uploads\/2010\/07\/100721_FF_035.jpg\" target=\"_blank\"><img decoding=\"async\" src=\"http:\/\/www.fuldaer-nachrichten.de\/wp-content\/uploads\/2010\/07\/100721_FF_035.thumbnail.jpg\" alt=\"100721_FF_035.jpg\" width=\"265\" \/><\/a> <a title=\"Foto: Steffen Hohmann\" rel=\"lightbox[roadtrip]\" href=\"http:\/\/www.fuldaer-nachrichten.de\/wp-content\/uploads\/2010\/07\/100721_FF_036.jpg\" target=\"_blank\"><img decoding=\"async\" src=\"http:\/\/www.fuldaer-nachrichten.de\/wp-content\/uploads\/2010\/07\/100721_FF_036.thumbnail.jpg\" alt=\"100721_FF_036.jpg\" width=\"265\" \/><\/a><\/p>\n<p><a title=\"Foto: Steffen Hohmann\" rel=\"lightbox[roadtrip]\" href=\"http:\/\/www.fuldaer-nachrichten.de\/wp-content\/uploads\/2010\/07\/100721_FF_037.jpg\" target=\"_blank\"><img decoding=\"async\" src=\"http:\/\/www.fuldaer-nachrichten.de\/wp-content\/uploads\/2010\/07\/100721_FF_037.thumbnail.jpg\" alt=\"100721_FF_037.jpg\" width=\"265\" \/><\/a> <a title=\"Foto: Steffen Hohmann\" rel=\"lightbox[roadtrip]\" href=\"http:\/\/www.fuldaer-nachrichten.de\/wp-content\/uploads\/2010\/07\/100721_FF_038.jpg\" target=\"_blank\"><img decoding=\"async\" src=\"http:\/\/www.fuldaer-nachrichten.de\/wp-content\/uploads\/2010\/07\/100721_FF_038.thumbnail.jpg\" alt=\"100721_FF_038.jpg\" width=\"265\" \/><\/a><\/p>\n<p><a title=\"Foto: Steffen Hohmann\" rel=\"lightbox[roadtrip]\" href=\"http:\/\/www.fuldaer-nachrichten.de\/wp-content\/uploads\/2010\/07\/100721_FF_039.jpg\" target=\"_blank\"><img decoding=\"async\" src=\"http:\/\/www.fuldaer-nachrichten.de\/wp-content\/uploads\/2010\/07\/100721_FF_039.thumbnail.jpg\" alt=\"100721_FF_039.jpg\" width=\"265\" \/><\/a><\/p>\n","protected":false},"excerpt":{"rendered":"<div class=\"tmnf_excerpt\"><p>Tann. Die Rh\u00f6nstadt Tann war in diesem Jahr Austragungsort des Zeltlagers der Kreisjugendfeuerwehr Fulda. An den ersten beiden Wochenenden der Sommerferien, jeweils von Donnerstag bis Sonntag schlugen 59 Jugendfeuerwehren ihre Zelte neben der Sportanlage auf. Ein umfangreiches Programm sorgte daf\u00fcr, dass keine Langeweile aufkam. Das Wetter, fast durchweg Sonnenschein und hei\u00df sorgte ebenfalls f\u00fcr eine &hellip;<\/p>\n<\/div>","protected":false},"author":1,"featured_media":0,"comment_status":"closed","ping_status":"closed","sticky":false,"template":"","format":"standard","meta":{"footnotes":""},"categories":[1,54,71,72],"tags":[],"class_list":["post-65227","post","type-post","status-publish","format-standard","hentry","category-startseite","category-bildergalerien","category-feuerwehr","category-jugend"],"_links":{"self":[{"href":"https:\/\/www.fuldaernachrichten.de\/index.php?rest_route=\/wp\/v2\/posts\/65227","targetHints":{"allow":["GET"]}}],"collection":[{"href":"https:\/\/www.fuldaernachrichten.de\/index.php?rest_route=\/wp\/v2\/posts"}],"about":[{"href":"https:\/\/www.fuldaernachrichten.de\/index.php?rest_route=\/wp\/v2\/types\/post"}],"author":[{"embeddable":true,"href":"https:\/\/www.fuldaernachrichten.de\/index.php?rest_route=\/wp\/v2\/users\/1"}],"replies":[{"embeddable":true,"href":"https:\/\/www.fuldaernachrichten.de\/index.php?rest_route=%2Fwp%2Fv2%2Fcomments&post=65227"}],"version-history":[{"count":3,"href":"https:\/\/www.fuldaernachrichten.de\/index.php?rest_route=\/wp\/v2\/posts\/65227\/revisions"}],"predecessor-version":[{"id":65298,"href":"https:\/\/www.fuldaernachrichten.de\/index.php?rest_route=\/wp\/v2\/posts\/65227\/revisions\/65298"}],"wp:attachment":[{"href":"https:\/\/www.fuldaernachrichten.de\/index.php?rest_route=%2Fwp%2Fv2%2Fmedia&parent=65227"}],"wp:term":[{"taxonomy":"category","embeddable":true,"href":"https:\/\/www.fuldaernachrichten.de\/index.php?rest_route=%2Fwp%2Fv2%2Fcategories&post=65227"},{"taxonomy":"post_tag","embeddable":true,"href":"https:\/\/www.fuldaernachrichten.de\/index.php?rest_route=%2Fwp%2Fv2%2Ftags&post=65227"}],"curies":[{"name":"wp","href":"https:\/\/api.w.org\/{rel}","templated":true}]}}