{"id":647,"date":"2007-01-08T16:58:32","date_gmt":"2007-01-08T15:58:32","guid":{"rendered":"http:\/\/www.schoene-nachrichten.de\/?p=647"},"modified":"2007-01-08T16:59:25","modified_gmt":"2007-01-08T15:59:25","slug":"stipendien-fur-die-cite-internationale-des-arts-in-paris-jetzt-bewerben","status":"publish","type":"post","link":"https:\/\/www.fuldaernachrichten.de\/?p=647","title":{"rendered":"Stipendien f\u00fcr die Cit\u00e9 Internationale des Arts in Paris: Jetzt bewerben"},"content":{"rendered":"<p><strong>Sch\u00f6nes f\u00fcr Fulda.<\/strong> Junge hessische K\u00fcnstlerinnen und K\u00fcnstler k\u00f6nnen sich jetzt f\u00fcr ein Halbjahres-Stipendium an der Cit\u00e9 Internationale des Arts in Paris beim Ministerium f\u00fcr Wissenschaft und Kunst im Jahre 2008 bewerben, das die mit jeweils 9.000 Euro dotierte F\u00f6rderung vergibt. \u201eWir wollen jungen Menschen die M\u00f6glichkeit er\u00f6ffnen, sich in der anregenden Umgebung einer faszinierenden Stadt k\u00fcnstlerisch weiter zu entwickeln\u201c, so Minister Udo Corts.<\/p>\n<p>\u00c2\u00a0<\/p>\n<p><!--more-->Angesprochen sind vorrangig j\u00fcngere K\u00fcnstlerinnen und K\u00fcnstler der Sparten Bildende Kunst, Architektur und Musik (Komponisten und Interpreten), die in ihrer k\u00fcnstlerischen Entwicklung noch offen sind; Bewerbungen von Studierenden sind leider nicht vorgesehen.<\/p>\n<p>\u00c2\u00a0<\/p>\n<p>Die Auswahl der Stipendiaten trifft die Kulturstiftung der L\u00e4nder voraussichtlich Ende Juni. Interessenten m\u00fcssen deutsche Staatsangeh\u00f6rige sein oder ihren k\u00fcnstlerischen Schaffensmittelpunkt und den ersten Wohnsitz zum Zeitpunkt der Bewerbung seit mindestens zwei Jahren in Hessen haben. Ausreichende franz\u00f6sische Sprachkenntnisse werden bei Antritt des Stipendiums erwartet.<\/p>\n<p>\u00c2\u00a0<\/p>\n<p>Die Bewerbungsfrist endet am 1. Februar 2007 (Poststempel).<\/p>\n","protected":false},"excerpt":{"rendered":"<div class=\"tmnf_excerpt\"><p>Sch\u00f6nes f\u00fcr Fulda. Junge hessische K\u00fcnstlerinnen und K\u00fcnstler k\u00f6nnen sich jetzt f\u00fcr ein Halbjahres-Stipendium an der Cit\u00e9 Internationale des Arts in Paris beim Ministerium f\u00fcr Wissenschaft und Kunst im Jahre 2008 bewerben, das die mit jeweils 9.000 Euro dotierte F\u00f6rderung vergibt. \u201eWir wollen jungen Menschen die M\u00f6glichkeit er\u00f6ffnen, sich in der anregenden Umgebung einer faszinierenden &hellip;<\/p>\n<\/div>","protected":false},"author":1,"featured_media":0,"comment_status":"closed","ping_status":"closed","sticky":false,"template":"","format":"standard","meta":{"footnotes":""},"categories":[1],"tags":[],"class_list":["post-647","post","type-post","status-publish","format-standard","hentry","category-startseite"],"_links":{"self":[{"href":"https:\/\/www.fuldaernachrichten.de\/index.php?rest_route=\/wp\/v2\/posts\/647","targetHints":{"allow":["GET"]}}],"collection":[{"href":"https:\/\/www.fuldaernachrichten.de\/index.php?rest_route=\/wp\/v2\/posts"}],"about":[{"href":"https:\/\/www.fuldaernachrichten.de\/index.php?rest_route=\/wp\/v2\/types\/post"}],"author":[{"embeddable":true,"href":"https:\/\/www.fuldaernachrichten.de\/index.php?rest_route=\/wp\/v2\/users\/1"}],"replies":[{"embeddable":true,"href":"https:\/\/www.fuldaernachrichten.de\/index.php?rest_route=%2Fwp%2Fv2%2Fcomments&post=647"}],"version-history":[{"count":0,"href":"https:\/\/www.fuldaernachrichten.de\/index.php?rest_route=\/wp\/v2\/posts\/647\/revisions"}],"wp:attachment":[{"href":"https:\/\/www.fuldaernachrichten.de\/index.php?rest_route=%2Fwp%2Fv2%2Fmedia&parent=647"}],"wp:term":[{"taxonomy":"category","embeddable":true,"href":"https:\/\/www.fuldaernachrichten.de\/index.php?rest_route=%2Fwp%2Fv2%2Fcategories&post=647"},{"taxonomy":"post_tag","embeddable":true,"href":"https:\/\/www.fuldaernachrichten.de\/index.php?rest_route=%2Fwp%2Fv2%2Ftags&post=647"}],"curies":[{"name":"wp","href":"https:\/\/api.w.org\/{rel}","templated":true}]}}