{"id":644,"date":"2007-01-08T10:17:25","date_gmt":"2007-01-08T09:17:25","guid":{"rendered":"http:\/\/www.schoene-nachrichten.de\/?p=644"},"modified":"2007-01-08T13:43:47","modified_gmt":"2007-01-08T12:43:47","slug":"traditionelle-winterwanderung-der-spd-flieden-wieder-ein-erfolg","status":"publish","type":"post","link":"https:\/\/www.fuldaernachrichten.de\/?p=644","title":{"rendered":"Traditionelle Winterwanderung der SPD Flieden wieder ein Erfolg"},"content":{"rendered":"<p><strong>Sch\u00f6nes aus Flieden.<\/strong> Trotz des regnerischen Wetters nahmen auch in diesem Jahr wieder zahlreiche Mitglieder und Freunde der Fliedener SPD am vergangenen Samstag an der traditionellen Winterwanderung teil.<\/p>\n<p>\u00c2\u00a0<\/p>\n<p><a title=\"Foto: SPD Flieden\" href=\"http:\/\/www.schoene-nachrichten.de\/wp-content\/uploads\/2007\/01\/070108_spd_01.jpg\" target=\"_blank\"><img decoding=\"async\" id=\"image641\" height=\"66\" alt=\"070108_spd_01.jpg\" src=\"http:\/\/www.schoene-nachrichten.de\/wp-content\/uploads\/2007\/01\/070108_spd_01.thumbnail.jpg\" \/><\/a>\u00c2\u00a0<\/p>\n<p>\u00c2\u00a0<\/p>\n<p><!--more--><\/p>\n<p>\u00dcber D\u00f6ngesm\u00fchle &#8211; wo im Hof von Stefan Schaub eine kurze Rast eingelegt wurde &#8211; und Magdlos f\u00fchrte die Route an der neuen Salzlaugenversenkungsanlage von Kali und Salz an der Magdloser Stra\u00dfe vorbei \u00fcber den Heiligenberg zur Struth. In der neu er\u00f6ffneten Gastst\u00e4tte von Christine Stumpf am Scherhof 8 wurden alle Wanderer und die Hinzugekommenen vortrefflich bewirtete.<\/p>\n<p>\u00c2\u00a0<\/p>\n<p><a title=\"Foto: SPD Flieden\" href=\"http:\/\/www.schoene-nachrichten.de\/wp-content\/uploads\/2007\/01\/070108_spd_02.jpg\" target=\"_blank\"><img decoding=\"async\" id=\"image642\" height=\"52\" alt=\"070108_spd_02.jpg\" src=\"http:\/\/www.schoene-nachrichten.de\/wp-content\/uploads\/2007\/01\/070108_spd_02.thumbnail.jpg\" \/><\/a><\/p>\n<p>\u00c2\u00a0<\/p>\n<p>Mit von der Partie waren neben den \u00f6rtlichen Mandatstr\u00e4gern auch wieder die Landtagsabgeordnete Sabine Waschke, MdL, mit ihrem Mann und\u00c2\u00a0 die Bundestagskandidatin der heimischen SPD und erneute SPD-B\u00fcrgermeisterkandidatin in Lauterbach\/Hess., Claudia Blum mit Lebensgef\u00e4hrten.<\/p>\n<p>\u00c2\u00a0<\/p>\n<p>In seiner kurzen Begr\u00fc\u00dfung hob Vorsitzender Winfried M\u00f6ller hervor, dass sowohl Sabine Waschke f\u00fcr eine weitere Kandidatur zum Hessischen Landtag bei der in 2008 anstehenden Landtagswahl, als auch Claudia Blum als erneute SPD-Bundestagskandidatin zur n\u00e4chsten Bundestagswahl 2009 f\u00fcr den heimischen Bundestagswahlkreis 176 seitens der Fliedener SPD vorgeschlagen und tatkr\u00e4ftig unterst\u00fctzt werden.<\/p>\n<p>\u00c2\u00a0<\/p>\n<p><a title=\"Foto: SPD Flieden\" href=\"http:\/\/www.schoene-nachrichten.de\/wp-content\/uploads\/2007\/01\/070108_spd_03.jpg\" target=\"_blank\"><img decoding=\"async\" id=\"image643\" height=\"46\" alt=\"070108_spd_03.jpg\" src=\"http:\/\/www.schoene-nachrichten.de\/wp-content\/uploads\/2007\/01\/070108_spd_03.thumbnail.jpg\" \/><\/a><\/p>\n<p>\u00c2\u00a0<\/p>\n<p>Vor den ann\u00e4hernd 40 G\u00e4sten nahm M\u00f6ller auch die Gelegenheit wahr, Renate Kaufmann nachtr\u00e4glich zum 70. Geburtstag zu gratulieren und mit einem kleinen Pr\u00e4sent zu beschenken.<\/p>\n<p>\u00c2\u00a0<\/p>\n<p>F\u00fcr alle ausgeschiedenen Mandatstr\u00e4ger hob M\u00f6ller besonders die langj\u00e4hrige erfolgreiche Arbeit von Werner Zechmeister hervor, dem ehemaligen Fraktionsvorsitzenden und Ortsvorsteher von R\u00fcckers, der mit seiner Frau Ilse ebenso, wie die neue Ortsvorsteherin Elisabeth Sch\u00e4fer zu den langj\u00e4hrigen treuen Teilnehmern der Winterwanderung geh\u00f6rt.<\/p>\n<p>\u00c2\u00a0<\/p>\n<p>Zechmeister bedankte sich f\u00fcr die Flasche \u00d6ko-Apfelschaumwein der \u00f6rtlichen Kelterei Elm und die lobenden Worte und forderte insbesondere die anwesenden Mandatstr\u00e4ger auf, sich weiter zum Wohle der Gemeinde und ihren Ortsteilen zu engagieren.<\/p>\n","protected":false},"excerpt":{"rendered":"<div class=\"tmnf_excerpt\"><p>Sch\u00f6nes aus Flieden. Trotz des regnerischen Wetters nahmen auch in diesem Jahr wieder zahlreiche Mitglieder und Freunde der Fliedener SPD am vergangenen Samstag an der traditionellen Winterwanderung teil. \u00c2\u00a0 \u00c2\u00a0 \u00c2\u00a0<\/p>\n<\/div>","protected":false},"author":1,"featured_media":0,"comment_status":"closed","ping_status":"closed","sticky":false,"template":"","format":"standard","meta":{"footnotes":""},"categories":[1],"tags":[],"class_list":["post-644","post","type-post","status-publish","format-standard","hentry","category-startseite"],"_links":{"self":[{"href":"https:\/\/www.fuldaernachrichten.de\/index.php?rest_route=\/wp\/v2\/posts\/644","targetHints":{"allow":["GET"]}}],"collection":[{"href":"https:\/\/www.fuldaernachrichten.de\/index.php?rest_route=\/wp\/v2\/posts"}],"about":[{"href":"https:\/\/www.fuldaernachrichten.de\/index.php?rest_route=\/wp\/v2\/types\/post"}],"author":[{"embeddable":true,"href":"https:\/\/www.fuldaernachrichten.de\/index.php?rest_route=\/wp\/v2\/users\/1"}],"replies":[{"embeddable":true,"href":"https:\/\/www.fuldaernachrichten.de\/index.php?rest_route=%2Fwp%2Fv2%2Fcomments&post=644"}],"version-history":[{"count":0,"href":"https:\/\/www.fuldaernachrichten.de\/index.php?rest_route=\/wp\/v2\/posts\/644\/revisions"}],"wp:attachment":[{"href":"https:\/\/www.fuldaernachrichten.de\/index.php?rest_route=%2Fwp%2Fv2%2Fmedia&parent=644"}],"wp:term":[{"taxonomy":"category","embeddable":true,"href":"https:\/\/www.fuldaernachrichten.de\/index.php?rest_route=%2Fwp%2Fv2%2Fcategories&post=644"},{"taxonomy":"post_tag","embeddable":true,"href":"https:\/\/www.fuldaernachrichten.de\/index.php?rest_route=%2Fwp%2Fv2%2Ftags&post=644"}],"curies":[{"name":"wp","href":"https:\/\/api.w.org\/{rel}","templated":true}]}}