{"id":6438,"date":"2007-11-14T12:03:41","date_gmt":"2007-11-14T11:03:41","guid":{"rendered":"http:\/\/www.schoene-nachrichten.de\/?p=6438"},"modified":"2007-11-14T12:03:41","modified_gmt":"2007-11-14T11:03:41","slug":"jugendliche-gestalten-nachrichtensendung-morgen-live-im-offenen-kanal","status":"publish","type":"post","link":"https:\/\/www.fuldaernachrichten.de\/?p=6438","title":{"rendered":"Jugendliche gestalten Nachrichtensendung &#8211; morgen live im Offenen Kanal"},"content":{"rendered":"<p><strong><a rel=\"lightbox[roadtrip]\" target=\"_blank\" href=\"http:\/\/www.schoene-nachrichten.de\/wp-content\/uploads\/2007\/11\/071114_ok.jpg\" title=\"071114_ok.jpg\"><img decoding=\"async\" align=\"left\" src=\"http:\/\/www.schoene-nachrichten.de\/wp-content\/uploads\/2007\/11\/071114_ok.thumbnail.jpg\" hspace=\"5\" alt=\"071114_ok.jpg\" \/><\/a>Sch\u00f6nes aus Fulda.<\/strong> Erstmals\u00c2\u00a0haben Jugendliche, die bei der ARGE Fulda eine Berufsvorbereitende Bildungsma\u00dfnahme durchlaufen, an einem Nachrichtenprojekt in Zusammenarbeit mit dem Offenen Kanal teilgenommen.\u00c2\u00a0\u00c2\u00a0<!--more--><\/p>\n<p>22 junge Leute zwischen 16 und 21 Jahren, die von den ARGE-Mitgliedern Educationcenter BBZ, Gr\u00fcmel und Prisma im Auftrag der Agentur f\u00fcr Arbeit auf das Erwerbsleben vorbereitet werden, befassen sich derzeit intensiv mit Grundlagen des Journalismus. \u201eNachrichten: Wichtig? Richtig? Nichtig?\u201c lautet der Titel des Projekts unter Regie des Teams Medienblau aus Leipzig.<\/p>\n<p>\u201eDamit wird die Medienkompetenz der Teilnehmer gest\u00e4rkt, die dann besser beurteilen k\u00f6nnen, wie gesendete Nachrichten einzuordnen sind\u201c, betont Gr\u00fcmel-Gesch\u00e4ftsf\u00fchrerin Jutta Diel. Nach Theorietagen und einer Einf\u00fchrung in den Umgang mit der Kamera haben die jungen Leute in vier Gruppen Beitr\u00e4ge zu aktuellen regionalen Themen gedreht.<\/p>\n<p>Sie sind vorgesehen f\u00fcr eine von den Projekt-Aktiven live gestaltete Nachrichtensendung, die der Offene Kanal Fulda <strong>am morgigen Donnerstag, 15. November, um 18 Uhr ausstrahlen wird<\/strong>. \u201eAuch das Pr\u00e4sentieren der Wettervorhersage ist Sache der Jugendlichen\u201c, berichtet Gr\u00fcmel-Bildungsbegleiterin Sarah Arnold.<\/p>\n","protected":false},"excerpt":{"rendered":"<div class=\"tmnf_excerpt\"><p>Sch\u00f6nes aus Fulda. Erstmals\u00c2\u00a0haben Jugendliche, die bei der ARGE Fulda eine Berufsvorbereitende Bildungsma\u00dfnahme durchlaufen, an einem Nachrichtenprojekt in Zusammenarbeit mit dem Offenen Kanal teilgenommen.\u00c2\u00a0\u00c2\u00a0<\/p>\n<\/div>","protected":false},"author":1,"featured_media":0,"comment_status":"closed","ping_status":"closed","sticky":false,"template":"","format":"standard","meta":{"footnotes":""},"categories":[1,53,72],"tags":[],"class_list":["post-6438","post","type-post","status-publish","format-standard","hentry","category-startseite","category-bildung","category-jugend"],"_links":{"self":[{"href":"https:\/\/www.fuldaernachrichten.de\/index.php?rest_route=\/wp\/v2\/posts\/6438","targetHints":{"allow":["GET"]}}],"collection":[{"href":"https:\/\/www.fuldaernachrichten.de\/index.php?rest_route=\/wp\/v2\/posts"}],"about":[{"href":"https:\/\/www.fuldaernachrichten.de\/index.php?rest_route=\/wp\/v2\/types\/post"}],"author":[{"embeddable":true,"href":"https:\/\/www.fuldaernachrichten.de\/index.php?rest_route=\/wp\/v2\/users\/1"}],"replies":[{"embeddable":true,"href":"https:\/\/www.fuldaernachrichten.de\/index.php?rest_route=%2Fwp%2Fv2%2Fcomments&post=6438"}],"version-history":[{"count":0,"href":"https:\/\/www.fuldaernachrichten.de\/index.php?rest_route=\/wp\/v2\/posts\/6438\/revisions"}],"wp:attachment":[{"href":"https:\/\/www.fuldaernachrichten.de\/index.php?rest_route=%2Fwp%2Fv2%2Fmedia&parent=6438"}],"wp:term":[{"taxonomy":"category","embeddable":true,"href":"https:\/\/www.fuldaernachrichten.de\/index.php?rest_route=%2Fwp%2Fv2%2Fcategories&post=6438"},{"taxonomy":"post_tag","embeddable":true,"href":"https:\/\/www.fuldaernachrichten.de\/index.php?rest_route=%2Fwp%2Fv2%2Ftags&post=6438"}],"curies":[{"name":"wp","href":"https:\/\/api.w.org\/{rel}","templated":true}]}}