{"id":64050,"date":"2010-07-07T01:57:57","date_gmt":"2010-07-06T23:57:57","guid":{"rendered":"http:\/\/www.fuldaer-nachrichten.de\/?p=64050"},"modified":"2010-07-06T19:58:08","modified_gmt":"2010-07-06T17:58:08","slug":"gemeindefeuerwehrtag-der-feuerwehren-eichenzell-am-vergangenen-wochenende","status":"publish","type":"post","link":"https:\/\/www.fuldaernachrichten.de\/?p=64050","title":{"rendered":"Gemeindefeuerwehrtag der Feuerwehren Eichenzell am vergangenen Wochenende"},"content":{"rendered":"<p><strong><a href=\"http:\/\/www.fuldaer-nachrichten.de\/wp-content\/uploads\/2010\/07\/100706_Feuerwehr_012.jpg\"><img fetchpriority=\"high\" decoding=\"async\" class=\"alignleft size-thumbnail wp-image-64062\" title=\"100706_Feuerwehr_012\" src=\"http:\/\/www.fuldaer-nachrichten.de\/wp-content\/uploads\/2010\/07\/100706_Feuerwehr_012-265x212.jpg\" alt=\"100706_Feuerwehr_012\" width=\"265\" height=\"212\" srcset=\"https:\/\/www.fuldaernachrichten.de\/wp-content\/uploads\/2010\/07\/100706_Feuerwehr_012-265x212.jpg 265w, https:\/\/www.fuldaernachrichten.de\/wp-content\/uploads\/2010\/07\/100706_Feuerwehr_012.jpg 592w\" sizes=\"(max-width: 265px) 100vw, 265px\" \/><\/a>Eichenzell. <\/strong>Bei strahlendem Sonnenschein und sehr hohen Temperaturen fand der Gemeindefeuerwehrtag der Feuerwehren Eichenzell am vergangenen Wochenende in B\u00fcchenberg statt. Am Samstag k\u00e4mpften die Einsatzabteilungen der Feuerwehren B\u00fcchenberg, L\u00fctter, R\u00f6nshausen und Rothemann um den Wanderpokal der Gemeinde Eichenzell. Das Schiedsrichter-Team um Bernd Sch\u00e4del leitete die spannenden Wettk\u00e4mpfe, die von hohem Niveau der Einsatzabteilungen zeugten. Nach der Beantwortung der Fragebogen hatte R\u00f6nshausen mit nur einer falsch beantworteten Frage noch die Nase vorn, nachdem die Staffel aus L\u00fctter jedoch eine fehlerfreie L\u00f6sch\u00fcbung nach FwDv3 zeigte, wendete sich das Blatt. <!--more--><\/p>\n<p>Die Feuerwehr L\u00fctter ging mit 98,3 Prozent als Sieger hervor. Auf den Pl\u00e4tzen zwei bis vier folgten die Mannschaften aus R\u00f6nshausen, Rothemann und B\u00fcchenberg. \u00dcbungsleiter Andr\u00e9 M\u00fcller zeigte sich sehr erfreut \u00fcber die guten Leistungen der einzelnen Wettkampfgruppen. Gemeindejugendfeuerwehrwart Jan Diegelmann er\u00f6ffnete am Sonntagmorgen die Wettk\u00e4mpfe der Jugendfeuerwehren. Nach Absprache mit dem Schiedsrichter-Team mit Nils Waschke an der Spitze gab Diegelmann bekannt, dass die Wettk\u00e4mpfe aufgrund der hohen Temperaturen ohne Uniformjacke durchgef\u00fchrt werden.<\/p>\n<p>Als Besonderheit wurde\u00c2\u00a0 in diesem Jahr zum ersten mal bei dem Aufbau des L\u00f6schangriffs auch die daf\u00fcr ben\u00f6tigte Zeit in die Bewertung mit einbezogen. Nach dem Ende der Wettk\u00e4mpfe mit den Disziplinen Fragebogen, L\u00f6schangriff, Schnelligkeits\u00fcbung und der Disziplin Knoten und Stiche kam es zu ebenso knappen Entscheidungen wie am Vortag.<\/p>\n<p>Bei der anschlie\u00dfenden Siegerehrung dankte B\u00fcrgermeister Dieter Kolb allen Jugendlichen f\u00fcr ihr Engagement. Er zeigte sich erfreut \u00fcber die guten Ergebnisse und sei stolz auf Leistungen der Jugendfeuerwehren. Wettbewerbe wie ein Gemeindejugendfeuerwehrwettkampf motiviere die Jugendlichen zum Erbringen guter Leistungen. Er dankte allen Jugendfeuerwehrwarten und -betreuern f\u00fcr deren Arbeit.<\/p>\n<p>Auch Gemeindejugendfeuerwehrwart Jan Diegelmann war stolz auf die Leistungen der M\u00e4dchen und Jungen. Er bedankte sich bei dem Schiedsrichter-Team und der ausrichtenden Feuerwehr B\u00fcchenberg f\u00fcr das tolle Rahmenprogramm. Den ersten Platz belegte die Jugendfeuerwehr aus Rothemann mit 476 Punkten, gefolgt von den Jugendlichen aus L\u00f6schenrod mit 463 Punkten und der drittplatzierten Mannschaft aus R\u00f6nshausen mit 462 Punkten. B\u00fcchenberg und L\u00fctter belegten die Pl\u00e4tze vier und f\u00fcnf.<\/p>\n<p>Nach den Jahren 2008 und 2009 konnte die Jugendfeuerwehr Rothemann den Wanderpokal der Gemeinde Eichenzell nun zum dritten mal hintereinander erwerben. Er geht somit in ihren Besitz \u00fcber.<\/p>\n\n\t\t<style type=\"text\/css\">\n\t\t\t#gallery-1 {\n\t\t\t\tmargin: auto;\n\t\t\t}\n\t\t\t#gallery-1 .gallery-item {\n\t\t\t\tfloat: left;\n\t\t\t\tmargin-top: 10px;\n\t\t\t\ttext-align: center;\n\t\t\t\twidth: 50%;\n\t\t\t}\n\t\t\t#gallery-1 img {\n\t\t\t\tborder: 2px solid #cfcfcf;\n\t\t\t}\n\t\t\t#gallery-1 .gallery-caption {\n\t\t\t\tmargin-left: 0;\n\t\t\t}\n\t\t\t\/* see gallery_shortcode() in wp-includes\/media.php *\/\n\t\t<\/style>\n\t\t<div id='gallery-1' class='gallery galleryid-64050 gallery-columns-2 gallery-size-thumbnail'><dl class='gallery-item'>\n\t\t\t<dt class='gallery-icon landscape'>\n\t\t\t\t<a href='https:\/\/www.fuldaernachrichten.de\/wp-content\/uploads\/2010\/07\/100706_Feuerwehr_001.jpg'><img decoding=\"async\" width=\"150\" height=\"120\" src=\"https:\/\/www.fuldaernachrichten.de\/wp-content\/uploads\/2010\/07\/100706_Feuerwehr_001-265x212.jpg\" class=\"attachment-thumbnail size-thumbnail\" alt=\"\" srcset=\"https:\/\/www.fuldaernachrichten.de\/wp-content\/uploads\/2010\/07\/100706_Feuerwehr_001-265x212.jpg 265w, https:\/\/www.fuldaernachrichten.de\/wp-content\/uploads\/2010\/07\/100706_Feuerwehr_001.jpg 592w\" sizes=\"(max-width: 150px) 100vw, 150px\" \/><\/a>\n\t\t\t<\/dt><\/dl><dl class='gallery-item'>\n\t\t\t<dt class='gallery-icon landscape'>\n\t\t\t\t<a href='https:\/\/www.fuldaernachrichten.de\/wp-content\/uploads\/2010\/07\/100706_Feuerwehr_002.jpg'><img decoding=\"async\" width=\"150\" height=\"120\" src=\"https:\/\/www.fuldaernachrichten.de\/wp-content\/uploads\/2010\/07\/100706_Feuerwehr_002-265x212.jpg\" class=\"attachment-thumbnail size-thumbnail\" alt=\"\" srcset=\"https:\/\/www.fuldaernachrichten.de\/wp-content\/uploads\/2010\/07\/100706_Feuerwehr_002-265x212.jpg 265w, https:\/\/www.fuldaernachrichten.de\/wp-content\/uploads\/2010\/07\/100706_Feuerwehr_002.jpg 592w\" sizes=\"(max-width: 150px) 100vw, 150px\" \/><\/a>\n\t\t\t<\/dt><\/dl><br style=\"clear: both\" \/><dl class='gallery-item'>\n\t\t\t<dt class='gallery-icon landscape'>\n\t\t\t\t<a href='https:\/\/www.fuldaernachrichten.de\/wp-content\/uploads\/2010\/07\/100706_Feuerwehr_003.jpg'><img loading=\"lazy\" decoding=\"async\" width=\"150\" height=\"120\" src=\"https:\/\/www.fuldaernachrichten.de\/wp-content\/uploads\/2010\/07\/100706_Feuerwehr_003-265x212.jpg\" class=\"attachment-thumbnail size-thumbnail\" alt=\"\" srcset=\"https:\/\/www.fuldaernachrichten.de\/wp-content\/uploads\/2010\/07\/100706_Feuerwehr_003-265x212.jpg 265w, https:\/\/www.fuldaernachrichten.de\/wp-content\/uploads\/2010\/07\/100706_Feuerwehr_003.jpg 592w\" sizes=\"(max-width: 150px) 100vw, 150px\" \/><\/a>\n\t\t\t<\/dt><\/dl><dl class='gallery-item'>\n\t\t\t<dt class='gallery-icon landscape'>\n\t\t\t\t<a href='https:\/\/www.fuldaernachrichten.de\/wp-content\/uploads\/2010\/07\/100706_Feuerwehr_004.jpg'><img loading=\"lazy\" decoding=\"async\" width=\"150\" height=\"120\" src=\"https:\/\/www.fuldaernachrichten.de\/wp-content\/uploads\/2010\/07\/100706_Feuerwehr_004-265x212.jpg\" class=\"attachment-thumbnail size-thumbnail\" alt=\"\" srcset=\"https:\/\/www.fuldaernachrichten.de\/wp-content\/uploads\/2010\/07\/100706_Feuerwehr_004-265x212.jpg 265w, https:\/\/www.fuldaernachrichten.de\/wp-content\/uploads\/2010\/07\/100706_Feuerwehr_004.jpg 592w\" sizes=\"(max-width: 150px) 100vw, 150px\" \/><\/a>\n\t\t\t<\/dt><\/dl><br style=\"clear: both\" \/><dl class='gallery-item'>\n\t\t\t<dt class='gallery-icon landscape'>\n\t\t\t\t<a href='https:\/\/www.fuldaernachrichten.de\/wp-content\/uploads\/2010\/07\/100706_Feuerwehr_005.jpg'><img loading=\"lazy\" decoding=\"async\" width=\"150\" height=\"120\" src=\"https:\/\/www.fuldaernachrichten.de\/wp-content\/uploads\/2010\/07\/100706_Feuerwehr_005-265x212.jpg\" class=\"attachment-thumbnail size-thumbnail\" alt=\"\" srcset=\"https:\/\/www.fuldaernachrichten.de\/wp-content\/uploads\/2010\/07\/100706_Feuerwehr_005-265x212.jpg 265w, https:\/\/www.fuldaernachrichten.de\/wp-content\/uploads\/2010\/07\/100706_Feuerwehr_005.jpg 592w\" sizes=\"(max-width: 150px) 100vw, 150px\" \/><\/a>\n\t\t\t<\/dt><\/dl><dl class='gallery-item'>\n\t\t\t<dt class='gallery-icon landscape'>\n\t\t\t\t<a href='https:\/\/www.fuldaernachrichten.de\/wp-content\/uploads\/2010\/07\/100706_Feuerwehr_006.jpg'><img loading=\"lazy\" decoding=\"async\" width=\"150\" height=\"120\" src=\"https:\/\/www.fuldaernachrichten.de\/wp-content\/uploads\/2010\/07\/100706_Feuerwehr_006-265x212.jpg\" class=\"attachment-thumbnail size-thumbnail\" alt=\"\" srcset=\"https:\/\/www.fuldaernachrichten.de\/wp-content\/uploads\/2010\/07\/100706_Feuerwehr_006-265x212.jpg 265w, https:\/\/www.fuldaernachrichten.de\/wp-content\/uploads\/2010\/07\/100706_Feuerwehr_006.jpg 592w\" sizes=\"(max-width: 150px) 100vw, 150px\" \/><\/a>\n\t\t\t<\/dt><\/dl><br style=\"clear: both\" \/><dl class='gallery-item'>\n\t\t\t<dt class='gallery-icon landscape'>\n\t\t\t\t<a href='https:\/\/www.fuldaernachrichten.de\/wp-content\/uploads\/2010\/07\/100706_Feuerwehr_007.jpg'><img loading=\"lazy\" decoding=\"async\" width=\"150\" height=\"120\" src=\"https:\/\/www.fuldaernachrichten.de\/wp-content\/uploads\/2010\/07\/100706_Feuerwehr_007-265x212.jpg\" class=\"attachment-thumbnail size-thumbnail\" alt=\"\" srcset=\"https:\/\/www.fuldaernachrichten.de\/wp-content\/uploads\/2010\/07\/100706_Feuerwehr_007-265x212.jpg 265w, https:\/\/www.fuldaernachrichten.de\/wp-content\/uploads\/2010\/07\/100706_Feuerwehr_007.jpg 592w\" sizes=\"(max-width: 150px) 100vw, 150px\" \/><\/a>\n\t\t\t<\/dt><\/dl><dl class='gallery-item'>\n\t\t\t<dt class='gallery-icon landscape'>\n\t\t\t\t<a href='https:\/\/www.fuldaernachrichten.de\/wp-content\/uploads\/2010\/07\/100706_Feuerwehr_008.jpg'><img loading=\"lazy\" decoding=\"async\" width=\"150\" height=\"120\" src=\"https:\/\/www.fuldaernachrichten.de\/wp-content\/uploads\/2010\/07\/100706_Feuerwehr_008-265x212.jpg\" class=\"attachment-thumbnail size-thumbnail\" alt=\"\" srcset=\"https:\/\/www.fuldaernachrichten.de\/wp-content\/uploads\/2010\/07\/100706_Feuerwehr_008-265x212.jpg 265w, https:\/\/www.fuldaernachrichten.de\/wp-content\/uploads\/2010\/07\/100706_Feuerwehr_008.jpg 592w\" sizes=\"(max-width: 150px) 100vw, 150px\" \/><\/a>\n\t\t\t<\/dt><\/dl><br style=\"clear: both\" \/><dl class='gallery-item'>\n\t\t\t<dt class='gallery-icon landscape'>\n\t\t\t\t<a href='https:\/\/www.fuldaernachrichten.de\/wp-content\/uploads\/2010\/07\/100706_Feuerwehr_009.jpg'><img loading=\"lazy\" decoding=\"async\" width=\"150\" height=\"120\" src=\"https:\/\/www.fuldaernachrichten.de\/wp-content\/uploads\/2010\/07\/100706_Feuerwehr_009-265x212.jpg\" class=\"attachment-thumbnail size-thumbnail\" alt=\"\" srcset=\"https:\/\/www.fuldaernachrichten.de\/wp-content\/uploads\/2010\/07\/100706_Feuerwehr_009-265x212.jpg 265w, https:\/\/www.fuldaernachrichten.de\/wp-content\/uploads\/2010\/07\/100706_Feuerwehr_009.jpg 592w\" sizes=\"(max-width: 150px) 100vw, 150px\" \/><\/a>\n\t\t\t<\/dt><\/dl><dl class='gallery-item'>\n\t\t\t<dt class='gallery-icon landscape'>\n\t\t\t\t<a href='https:\/\/www.fuldaernachrichten.de\/wp-content\/uploads\/2010\/07\/100706_Feuerwehr_010.jpg'><img loading=\"lazy\" decoding=\"async\" width=\"150\" height=\"120\" src=\"https:\/\/www.fuldaernachrichten.de\/wp-content\/uploads\/2010\/07\/100706_Feuerwehr_010-265x212.jpg\" class=\"attachment-thumbnail size-thumbnail\" alt=\"\" srcset=\"https:\/\/www.fuldaernachrichten.de\/wp-content\/uploads\/2010\/07\/100706_Feuerwehr_010-265x212.jpg 265w, https:\/\/www.fuldaernachrichten.de\/wp-content\/uploads\/2010\/07\/100706_Feuerwehr_010.jpg 592w\" sizes=\"(max-width: 150px) 100vw, 150px\" \/><\/a>\n\t\t\t<\/dt><\/dl><br style=\"clear: both\" \/><dl class='gallery-item'>\n\t\t\t<dt class='gallery-icon landscape'>\n\t\t\t\t<a href='https:\/\/www.fuldaernachrichten.de\/wp-content\/uploads\/2010\/07\/100706_Feuerwehr_011.jpg'><img loading=\"lazy\" decoding=\"async\" width=\"150\" height=\"120\" src=\"https:\/\/www.fuldaernachrichten.de\/wp-content\/uploads\/2010\/07\/100706_Feuerwehr_011-265x212.jpg\" class=\"attachment-thumbnail size-thumbnail\" alt=\"\" srcset=\"https:\/\/www.fuldaernachrichten.de\/wp-content\/uploads\/2010\/07\/100706_Feuerwehr_011-265x212.jpg 265w, https:\/\/www.fuldaernachrichten.de\/wp-content\/uploads\/2010\/07\/100706_Feuerwehr_011.jpg 592w\" sizes=\"(max-width: 150px) 100vw, 150px\" \/><\/a>\n\t\t\t<\/dt><\/dl><dl class='gallery-item'>\n\t\t\t<dt class='gallery-icon landscape'>\n\t\t\t\t<a href='https:\/\/www.fuldaernachrichten.de\/wp-content\/uploads\/2010\/07\/100706_Feuerwehr_012.jpg'><img loading=\"lazy\" decoding=\"async\" width=\"150\" height=\"120\" src=\"https:\/\/www.fuldaernachrichten.de\/wp-content\/uploads\/2010\/07\/100706_Feuerwehr_012-265x212.jpg\" class=\"attachment-thumbnail size-thumbnail\" alt=\"\" srcset=\"https:\/\/www.fuldaernachrichten.de\/wp-content\/uploads\/2010\/07\/100706_Feuerwehr_012-265x212.jpg 265w, https:\/\/www.fuldaernachrichten.de\/wp-content\/uploads\/2010\/07\/100706_Feuerwehr_012.jpg 592w\" sizes=\"(max-width: 150px) 100vw, 150px\" \/><\/a>\n\t\t\t<\/dt><\/dl><br style=\"clear: both\" \/>\n\t\t<\/div>\n\n","protected":false},"excerpt":{"rendered":"<div class=\"tmnf_excerpt\"><p>Eichenzell. Bei strahlendem Sonnenschein und sehr hohen Temperaturen fand der Gemeindefeuerwehrtag der Feuerwehren Eichenzell am vergangenen Wochenende in B\u00fcchenberg statt. Am Samstag k\u00e4mpften die Einsatzabteilungen der Feuerwehren B\u00fcchenberg, L\u00fctter, R\u00f6nshausen und Rothemann um den Wanderpokal der Gemeinde Eichenzell. Das Schiedsrichter-Team um Bernd Sch\u00e4del leitete die spannenden Wettk\u00e4mpfe, die von hohem Niveau der Einsatzabteilungen zeugten. Nach &hellip;<\/p>\n<\/div>","protected":false},"author":1,"featured_media":0,"comment_status":"closed","ping_status":"closed","sticky":false,"template":"","format":"standard","meta":{"footnotes":""},"categories":[1,71],"tags":[],"class_list":["post-64050","post","type-post","status-publish","format-standard","hentry","category-startseite","category-feuerwehr"],"_links":{"self":[{"href":"https:\/\/www.fuldaernachrichten.de\/index.php?rest_route=\/wp\/v2\/posts\/64050","targetHints":{"allow":["GET"]}}],"collection":[{"href":"https:\/\/www.fuldaernachrichten.de\/index.php?rest_route=\/wp\/v2\/posts"}],"about":[{"href":"https:\/\/www.fuldaernachrichten.de\/index.php?rest_route=\/wp\/v2\/types\/post"}],"author":[{"embeddable":true,"href":"https:\/\/www.fuldaernachrichten.de\/index.php?rest_route=\/wp\/v2\/users\/1"}],"replies":[{"embeddable":true,"href":"https:\/\/www.fuldaernachrichten.de\/index.php?rest_route=%2Fwp%2Fv2%2Fcomments&post=64050"}],"version-history":[{"count":4,"href":"https:\/\/www.fuldaernachrichten.de\/index.php?rest_route=\/wp\/v2\/posts\/64050\/revisions"}],"predecessor-version":[{"id":64144,"href":"https:\/\/www.fuldaernachrichten.de\/index.php?rest_route=\/wp\/v2\/posts\/64050\/revisions\/64144"}],"wp:attachment":[{"href":"https:\/\/www.fuldaernachrichten.de\/index.php?rest_route=%2Fwp%2Fv2%2Fmedia&parent=64050"}],"wp:term":[{"taxonomy":"category","embeddable":true,"href":"https:\/\/www.fuldaernachrichten.de\/index.php?rest_route=%2Fwp%2Fv2%2Fcategories&post=64050"},{"taxonomy":"post_tag","embeddable":true,"href":"https:\/\/www.fuldaernachrichten.de\/index.php?rest_route=%2Fwp%2Fv2%2Ftags&post=64050"}],"curies":[{"name":"wp","href":"https:\/\/api.w.org\/{rel}","templated":true}]}}