{"id":63913,"date":"2010-07-06T02:27:45","date_gmt":"2010-07-06T00:27:45","guid":{"rendered":"http:\/\/www.fuldaer-nachrichten.de\/?p=63913"},"modified":"2010-07-05T18:28:01","modified_gmt":"2010-07-05T16:28:01","slug":"zeltlager-ist-ein-hoehepunkt-im-jugendfeuerwehrjahr","status":"publish","type":"post","link":"https:\/\/www.fuldaernachrichten.de\/?p=63913","title":{"rendered":"Zeltlager ist ein H\u00f6hepunkt im Jugendfeuerwehrjahr"},"content":{"rendered":"<p><strong><a href=\"http:\/\/www.fuldaer-nachrichten.de\/wp-content\/uploads\/2010\/07\/100705_Zeltlager.jpg\"><img decoding=\"async\" class=\"alignleft size-thumbnail wp-image-63914\" title=\"100705_Zeltlager\" src=\"http:\/\/www.fuldaer-nachrichten.de\/wp-content\/uploads\/2010\/07\/100705_Zeltlager-265x176.jpg\" alt=\"100705_Zeltlager\" width=\"265\" height=\"176\" srcset=\"https:\/\/www.fuldaernachrichten.de\/wp-content\/uploads\/2010\/07\/100705_Zeltlager-265x176.jpg 265w, https:\/\/www.fuldaernachrichten.de\/wp-content\/uploads\/2010\/07\/100705_Zeltlager.jpg 592w\" sizes=\"(max-width: 265px) 100vw, 265px\" \/><\/a>Tann \/ Rh\u00f6n.<\/strong> Am kommenden und darauffolgenden Wochenende, jeweils von Donnerstag bis Sonntag, \u00c2\u00a0startet das Zeltlager der Kreisjugendfeuerwehr Fulda in Tann \/ Rh\u00f6n. Gezeltet wird in der N\u00e4he des Sportgel\u00e4ndes. Hier steht die Infrastruktur f\u00fcr eine solche Gro\u00dfveranstaltung bereit und die Jugendgruppen haben weiterhin die M\u00f6glichkeit alle Tourismusangebote in Tann zu nutzen. Auf dem umfangreichen Programm stehen am Donnerstag die Anreise der Teilnehmer und der Aufbau der gro\u00dfen Zeltstadt. Die offizielle Er\u00f6ffnung beginnt um 19.00 Uhr. Die Nachtruhe ist f\u00fcr 23.00 Uhr vorgesehen.<!--more--><\/p>\n<p>Der Freitag beginnt &#8211; nach dem Fr\u00fchst\u00fcck &#8211; mit einer Stadtrally durch Tann. Nachmittags gibt es die M\u00f6glichkeit das Freibad zu besuchen oder ein Fu\u00dfballturnier durchzuf\u00fchren. Um 16 Uhr wird die Jugendflamme der Stufen 2 und 3 abgenommen. Hierbei handelt es sich um einen Ausbildungsnachweis f\u00fcr die Jugendfeuerwehrmitglieder, die bestimmte feuerwehrtechnische Aufgaben erledigen m\u00fcssen. Abends findet das allgemeine Lagerleben statt, wo sich die Jugendlichen untereinander austauschen oder gemeinsame Spiele durchf\u00fchren k\u00f6nnen. Am Samstag finden vormittags verschiedene Feuerwehrausbildungseinheiten und Workshops statt. Nachmittags haben die Gruppen Zeit zur freien Verf\u00fcgung. Um 18.00 Uhr findet am Zeltplatz ein Lagergottesdienst statt.<\/p>\n<p><a href=\"http:\/\/www.fuldaer-nachrichten.de\/wp-content\/uploads\/2010\/07\/100705_Zeltlager2.jpg\"><img decoding=\"async\" class=\"alignnone size-thumbnail wp-image-63915\" title=\"100705_Zeltlager2\" src=\"http:\/\/www.fuldaer-nachrichten.de\/wp-content\/uploads\/2010\/07\/100705_Zeltlager2-265x176.jpg\" alt=\"100705_Zeltlager2\" width=\"265\" height=\"176\" srcset=\"https:\/\/www.fuldaernachrichten.de\/wp-content\/uploads\/2010\/07\/100705_Zeltlager2-265x176.jpg 265w, https:\/\/www.fuldaernachrichten.de\/wp-content\/uploads\/2010\/07\/100705_Zeltlager2.jpg 592w\" sizes=\"(max-width: 265px) 100vw, 265px\" \/><\/a> <a href=\"http:\/\/www.fuldaer-nachrichten.de\/wp-content\/uploads\/2010\/07\/100705_Zeltlager3.jpg\"><img decoding=\"async\" class=\"alignnone size-thumbnail wp-image-63916\" title=\"100705_Zeltlager3\" src=\"http:\/\/www.fuldaer-nachrichten.de\/wp-content\/uploads\/2010\/07\/100705_Zeltlager3-265x176.jpg\" alt=\"100705_Zeltlager3\" width=\"265\" height=\"176\" srcset=\"https:\/\/www.fuldaernachrichten.de\/wp-content\/uploads\/2010\/07\/100705_Zeltlager3-265x176.jpg 265w, https:\/\/www.fuldaernachrichten.de\/wp-content\/uploads\/2010\/07\/100705_Zeltlager3.jpg 592w\" sizes=\"(max-width: 265px) 100vw, 265px\" \/><\/a><\/p>\n<p>Anschlie\u00dfend beginnt die Lagerdisco und die Cocktailbar aus dem \u201eSaftwerk\u201c wird er\u00f6ffnet. Am Sonntagmorgen finden &#8211; nach dem Fr\u00fchst\u00fcck &#8211; heitere Betreuerspiele statt. Nach dem gemeinsamen Mittagessen wird das Zeltlager geschlossen. Abschlie\u00dfend werden die Zelte abgebaut und der Platz gereinigt. W\u00e4hrend des gesamten Lagers gilt striktes Alkoholverbot. Das Kreisjugendfeuerwehrzeltlager gilt als ein ganz besonderes Erlebnis und als ein H\u00f6hepunkt in jedem Jugendfeuerwehrjahr.<\/p>\n","protected":false},"excerpt":{"rendered":"<div class=\"tmnf_excerpt\"><p>Tann \/ Rh\u00f6n. Am kommenden und darauffolgenden Wochenende, jeweils von Donnerstag bis Sonntag, \u00c2\u00a0startet das Zeltlager der Kreisjugendfeuerwehr Fulda in Tann \/ Rh\u00f6n. Gezeltet wird in der N\u00e4he des Sportgel\u00e4ndes. Hier steht die Infrastruktur f\u00fcr eine solche Gro\u00dfveranstaltung bereit und die Jugendgruppen haben weiterhin die M\u00f6glichkeit alle Tourismusangebote in Tann zu nutzen. Auf dem umfangreichen &hellip;<\/p>\n<\/div>","protected":false},"author":1,"featured_media":0,"comment_status":"closed","ping_status":"closed","sticky":false,"template":"","format":"standard","meta":{"footnotes":""},"categories":[1,71],"tags":[],"class_list":["post-63913","post","type-post","status-publish","format-standard","hentry","category-startseite","category-feuerwehr"],"_links":{"self":[{"href":"https:\/\/www.fuldaernachrichten.de\/index.php?rest_route=\/wp\/v2\/posts\/63913","targetHints":{"allow":["GET"]}}],"collection":[{"href":"https:\/\/www.fuldaernachrichten.de\/index.php?rest_route=\/wp\/v2\/posts"}],"about":[{"href":"https:\/\/www.fuldaernachrichten.de\/index.php?rest_route=\/wp\/v2\/types\/post"}],"author":[{"embeddable":true,"href":"https:\/\/www.fuldaernachrichten.de\/index.php?rest_route=\/wp\/v2\/users\/1"}],"replies":[{"embeddable":true,"href":"https:\/\/www.fuldaernachrichten.de\/index.php?rest_route=%2Fwp%2Fv2%2Fcomments&post=63913"}],"version-history":[{"count":2,"href":"https:\/\/www.fuldaernachrichten.de\/index.php?rest_route=\/wp\/v2\/posts\/63913\/revisions"}],"predecessor-version":[{"id":64002,"href":"https:\/\/www.fuldaernachrichten.de\/index.php?rest_route=\/wp\/v2\/posts\/63913\/revisions\/64002"}],"wp:attachment":[{"href":"https:\/\/www.fuldaernachrichten.de\/index.php?rest_route=%2Fwp%2Fv2%2Fmedia&parent=63913"}],"wp:term":[{"taxonomy":"category","embeddable":true,"href":"https:\/\/www.fuldaernachrichten.de\/index.php?rest_route=%2Fwp%2Fv2%2Fcategories&post=63913"},{"taxonomy":"post_tag","embeddable":true,"href":"https:\/\/www.fuldaernachrichten.de\/index.php?rest_route=%2Fwp%2Fv2%2Ftags&post=63913"}],"curies":[{"name":"wp","href":"https:\/\/api.w.org\/{rel}","templated":true}]}}