{"id":6381,"date":"2007-11-13T00:25:34","date_gmt":"2007-11-12T23:25:34","guid":{"rendered":"http:\/\/www.schoene-nachrichten.de\/?p=6381"},"modified":"2007-11-12T22:54:43","modified_gmt":"2007-11-12T21:54:43","slug":"infoveranstatung-zu-eu-foerdermitteln","status":"publish","type":"post","link":"https:\/\/www.fuldaernachrichten.de\/?p=6381","title":{"rendered":"Infoveranstaltung zu EU-F\u00f6rdermitteln"},"content":{"rendered":"<p><strong>Termin.<\/strong> Wie F\u00f6rdermittelprogramme der Europ\u00e4ischen Union die Arbeit an der Basis f\u00fcr Vereine, Verb\u00e4nde, Institutionen der Bereiche Jugend, Kultur, Bildung, Soziales, Sport und Umwelt der Stadt und des Kreises Fulda unterst\u00fctzen k\u00f6nnen: unter diesem Thema steht die erste Informationsveranstaltung des Fuldaer Europab\u00fcros am 22. November 07, um 10 Uhr. <!--more--><\/p>\n<p>Ralf Czajkowski, Leiter des Europe Direct Relais Fulda, erl\u00e4utert M\u00f6glichkeiten und Beispiele einer effektiven europ\u00e4ischen Netzwerkarbeit. Dem Veranstalter steht nur eine beschr\u00e4nkte Platzkapazit\u00e4t zur Verf\u00fcgung, deshalb wird um Voranmeldung unter der Rufnummer 0661-5800111 gebeten.<br \/>\n\u00c2\u00a0<br \/>\nDas europ\u00e4ische B\u00fcrgerb\u00fcro, das seinen Sitz im ITZ am Alten Schlachthof hat, bietet umfangreiche Informationen zum Thema Europa. Informationen findet man auch im Internet unter: <a target=\"_blank\" href=\"http:\/\/www.europa-osthessen.de\">www.europa-osthessen.de<\/a> .<\/p>\n","protected":false},"excerpt":{"rendered":"<div class=\"tmnf_excerpt\"><p>Termin. Wie F\u00f6rdermittelprogramme der Europ\u00e4ischen Union die Arbeit an der Basis f\u00fcr Vereine, Verb\u00e4nde, Institutionen der Bereiche Jugend, Kultur, Bildung, Soziales, Sport und Umwelt der Stadt und des Kreises Fulda unterst\u00fctzen k\u00f6nnen: unter diesem Thema steht die erste Informationsveranstaltung des Fuldaer Europab\u00fcros am 22. November 07, um 10 Uhr.<\/p>\n<\/div>","protected":false},"author":1,"featured_media":0,"comment_status":"closed","ping_status":"closed","sticky":false,"template":"","format":"standard","meta":{"footnotes":""},"categories":[1,53,72,44,46,52],"tags":[],"class_list":["post-6381","post","type-post","status-publish","format-standard","hentry","category-startseite","category-bildung","category-jugend","category-kultur","category-sport","category-umwelt"],"_links":{"self":[{"href":"https:\/\/www.fuldaernachrichten.de\/index.php?rest_route=\/wp\/v2\/posts\/6381","targetHints":{"allow":["GET"]}}],"collection":[{"href":"https:\/\/www.fuldaernachrichten.de\/index.php?rest_route=\/wp\/v2\/posts"}],"about":[{"href":"https:\/\/www.fuldaernachrichten.de\/index.php?rest_route=\/wp\/v2\/types\/post"}],"author":[{"embeddable":true,"href":"https:\/\/www.fuldaernachrichten.de\/index.php?rest_route=\/wp\/v2\/users\/1"}],"replies":[{"embeddable":true,"href":"https:\/\/www.fuldaernachrichten.de\/index.php?rest_route=%2Fwp%2Fv2%2Fcomments&post=6381"}],"version-history":[{"count":0,"href":"https:\/\/www.fuldaernachrichten.de\/index.php?rest_route=\/wp\/v2\/posts\/6381\/revisions"}],"wp:attachment":[{"href":"https:\/\/www.fuldaernachrichten.de\/index.php?rest_route=%2Fwp%2Fv2%2Fmedia&parent=6381"}],"wp:term":[{"taxonomy":"category","embeddable":true,"href":"https:\/\/www.fuldaernachrichten.de\/index.php?rest_route=%2Fwp%2Fv2%2Fcategories&post=6381"},{"taxonomy":"post_tag","embeddable":true,"href":"https:\/\/www.fuldaernachrichten.de\/index.php?rest_route=%2Fwp%2Fv2%2Ftags&post=6381"}],"curies":[{"name":"wp","href":"https:\/\/api.w.org\/{rel}","templated":true}]}}