{"id":638,"date":"2007-01-08T14:45:27","date_gmt":"2007-01-08T13:45:27","guid":{"rendered":"http:\/\/www.schoene-nachrichten.de\/?p=638"},"modified":"2007-01-08T13:42:57","modified_gmt":"2007-01-08T12:42:57","slug":"individual-fahrzeuge-%e2%80%93-herausforderung-fur-die-edag-vortrag-im-uwag-informationszentrum","status":"publish","type":"post","link":"https:\/\/www.fuldaernachrichten.de\/?p=638","title":{"rendered":"&#8220;Individual-Fahrzeuge \u2013 Herausforderung f\u00fcr die EDAG&#8221; &#8211; Vortrag im \u00dcWAG-Informationszentrum"},"content":{"rendered":"<p><strong>Sch\u00f6nes aus Fulda.<\/strong> \u00dcber die Herausforderungen bei der Produktentwicklung von Individual-Fahrzeugen referiert Dipl.-Betriebswirt Christoph Horvath von der EDAG am Mittwoch, 17. Januar 2007. Der Vortrag im Rahmen einer Veranstaltungsreihe des VDE Rhein-Main e. V. beginnt um 18:00 Uhr im \u00dcWAG-Informationszentrum, Frankfurter Stra\u00dfe 6, in Fulda.<\/p>\n<p>\u00c2\u00a0<\/p>\n<p><!--more--><\/p>\n<p>Christoph Horvath, Leiter Interne und Externe Kommunikation der EDAG Engineering + Design AG, Fulda, berichtet \u00fcber die Herausforderung, gemeinsam mit der Automobilindustrie die immer gr\u00f6\u00dfere Zahl von Fahrzeugmodellen und Ausstattungsvarianten unter \u00f6konomisch akzeptablen Rahmenbedingungen zu entwickeln und herzustellen.<\/p>\n<p>\u00c2\u00a0<\/p>\n<p>Mit dem Trend zu Nischenfahrzeugen entsprechen die Autohersteller dem Wunsch der Kunden nach Individualisierung \u2013 jedoch stellt sich die Frage nach Notwendigkeit und Mehrwert. Der Referent gibt Antworten zum Thema \u201eIndividualisierung in der Automobilindustrie\u201c, die interessante L\u00f6sungsans\u00e4tze auch f\u00fcr andere Branchen bieten.<\/p>\n<p>\u00c2\u00a0<\/p>\n<p>Die EDAG Engineering + Design AG ist der weltweit gr\u00f6\u00dfte unabh\u00e4ngige Engineering-Partner der Automobil- und Luftfahrtindustrie.Zu dem Vortrag sind VDE-Mitglieder und G\u00e4ste herzlich willkommen. Parkm\u00f6glichkeiten finden sich in unmittelbarer N\u00e4he des \u00dcWAG-Informationszentrums am Dieselkraftwerk.<\/p>\n","protected":false},"excerpt":{"rendered":"<div class=\"tmnf_excerpt\"><p>Sch\u00f6nes aus Fulda. \u00dcber die Herausforderungen bei der Produktentwicklung von Individual-Fahrzeugen referiert Dipl.-Betriebswirt Christoph Horvath von der EDAG am Mittwoch, 17. Januar 2007. Der Vortrag im Rahmen einer Veranstaltungsreihe des VDE Rhein-Main e. V. beginnt um 18:00 Uhr im \u00dcWAG-Informationszentrum, Frankfurter Stra\u00dfe 6, in Fulda. \u00c2\u00a0<\/p>\n<\/div>","protected":false},"author":1,"featured_media":0,"comment_status":"closed","ping_status":"closed","sticky":false,"template":"","format":"standard","meta":{"footnotes":""},"categories":[1],"tags":[],"class_list":["post-638","post","type-post","status-publish","format-standard","hentry","category-startseite"],"_links":{"self":[{"href":"https:\/\/www.fuldaernachrichten.de\/index.php?rest_route=\/wp\/v2\/posts\/638","targetHints":{"allow":["GET"]}}],"collection":[{"href":"https:\/\/www.fuldaernachrichten.de\/index.php?rest_route=\/wp\/v2\/posts"}],"about":[{"href":"https:\/\/www.fuldaernachrichten.de\/index.php?rest_route=\/wp\/v2\/types\/post"}],"author":[{"embeddable":true,"href":"https:\/\/www.fuldaernachrichten.de\/index.php?rest_route=\/wp\/v2\/users\/1"}],"replies":[{"embeddable":true,"href":"https:\/\/www.fuldaernachrichten.de\/index.php?rest_route=%2Fwp%2Fv2%2Fcomments&post=638"}],"version-history":[{"count":0,"href":"https:\/\/www.fuldaernachrichten.de\/index.php?rest_route=\/wp\/v2\/posts\/638\/revisions"}],"wp:attachment":[{"href":"https:\/\/www.fuldaernachrichten.de\/index.php?rest_route=%2Fwp%2Fv2%2Fmedia&parent=638"}],"wp:term":[{"taxonomy":"category","embeddable":true,"href":"https:\/\/www.fuldaernachrichten.de\/index.php?rest_route=%2Fwp%2Fv2%2Fcategories&post=638"},{"taxonomy":"post_tag","embeddable":true,"href":"https:\/\/www.fuldaernachrichten.de\/index.php?rest_route=%2Fwp%2Fv2%2Ftags&post=638"}],"curies":[{"name":"wp","href":"https:\/\/api.w.org\/{rel}","templated":true}]}}