{"id":63249,"date":"2010-06-28T03:51:16","date_gmt":"2010-06-28T01:51:16","guid":{"rendered":"http:\/\/www.fuldaer-nachrichten.de\/?p=63249"},"modified":"2010-06-28T09:51:41","modified_gmt":"2010-06-28T07:51:41","slug":"special-olympics-national-games-2010-in-bremen-gold-fuer-monika-und-wilfried-breitkopf","status":"publish","type":"post","link":"https:\/\/www.fuldaernachrichten.de\/?p=63249","title":{"rendered":"Special Olympics National Games 2010 in Bremen: Gold f\u00fcr Monika und Wilfried Breitkopf"},"content":{"rendered":"<p><strong>Bremen. <\/strong>Die Special Olympics National Games 2010 in Bremen sind vorbei. Mitte Juni erlebten \u00fcber 4.500 Athletinnen und Athleten und 12.000 Organisatoren, Helfer, Betreuer, Trainer, Ordner und Fans  in der Hansestadt an der Weser eine eindrucksvolle Veranstaltung. Die Veranstalter von Special Olympics Deutschland (<a href=\"http:\/\/www.specialolympics.de\">www.specialolympics.de<\/a>), der deutschen Organisation der weltweit gr\u00f6\u00dften Sportbewegung f\u00fcr Menschen mit geistiger Behinderung, k\u00f6nnen mit dem Verlauf der Spiele und der Gastgeberstadt Bremen mehr als zufrieden sein. Bremen und die Nationalen Spiele setzten in vielen Belangen neue Ma\u00dfst\u00e4be: Noch nie zuvor nahmen so viele Menschen aktiv an den National Games teil. Und es gab noch nie ein so umfangreiches Wettbewerbsangebot.<\/p>\n<p><a href=\"http:\/\/www.fuldaer-nachrichten.de\/wp-content\/uploads\/2010\/06\/100627_kanu1.jpg\"><img decoding=\"async\" class=\"alignnone size-medium wp-image-63251\" title=\"100627_kanu1\" src=\"http:\/\/www.fuldaer-nachrichten.de\/wp-content\/uploads\/2010\/06\/100627_kanu1-265x176.jpg\" alt=\"100627_kanu1\" width=\"265\" height=\"176\" srcset=\"https:\/\/www.fuldaernachrichten.de\/wp-content\/uploads\/2010\/06\/100627_kanu1-265x176.jpg 265w, https:\/\/www.fuldaernachrichten.de\/wp-content\/uploads\/2010\/06\/100627_kanu1.jpg 600w\" sizes=\"(max-width: 265px) 100vw, 265px\" \/><\/a> <a href=\"http:\/\/www.fuldaer-nachrichten.de\/wp-content\/uploads\/2010\/06\/100627_kanu2.jpg\"><img decoding=\"async\" class=\"alignnone size-medium wp-image-63252\" title=\"100627_kanu2\" src=\"http:\/\/www.fuldaer-nachrichten.de\/wp-content\/uploads\/2010\/06\/100627_kanu2-265x176.jpg\" alt=\"100627_kanu2\" width=\"265\" height=\"176\" srcset=\"https:\/\/www.fuldaernachrichten.de\/wp-content\/uploads\/2010\/06\/100627_kanu2-265x176.jpg 265w, https:\/\/www.fuldaernachrichten.de\/wp-content\/uploads\/2010\/06\/100627_kanu2.jpg 600w\" sizes=\"(max-width: 265px) 100vw, 265px\" \/><\/a><!--more--><br \/>\n<a href=\"http:\/\/www.fuldaer-nachrichten.de\/wp-content\/uploads\/2010\/06\/100627_kanu3.jpg\"><img fetchpriority=\"high\" decoding=\"async\" class=\"alignnone size-medium wp-image-63253\" title=\"100627_kanu3\" src=\"http:\/\/www.fuldaer-nachrichten.de\/wp-content\/uploads\/2010\/06\/100627_kanu3-265x198.jpg\" alt=\"100627_kanu3\" width=\"265\" height=\"198\" srcset=\"https:\/\/www.fuldaernachrichten.de\/wp-content\/uploads\/2010\/06\/100627_kanu3-265x198.jpg 265w, https:\/\/www.fuldaernachrichten.de\/wp-content\/uploads\/2010\/06\/100627_kanu3.jpg 600w\" sizes=\"(max-width: 265px) 100vw, 265px\" \/><\/a> <a href=\"http:\/\/www.fuldaer-nachrichten.de\/wp-content\/uploads\/2010\/06\/100627_kanu4.jpg\"><img loading=\"lazy\" decoding=\"async\" class=\"alignnone size-medium wp-image-63250\" title=\"100627_kanu4\" src=\"http:\/\/www.fuldaer-nachrichten.de\/wp-content\/uploads\/2010\/06\/100627_kanu4-265x176.jpg\" alt=\"100627_kanu4\" width=\"265\" height=\"176\" srcset=\"https:\/\/www.fuldaernachrichten.de\/wp-content\/uploads\/2010\/06\/100627_kanu4-265x176.jpg 265w, https:\/\/www.fuldaernachrichten.de\/wp-content\/uploads\/2010\/06\/100627_kanu4.jpg 600w\" sizes=\"(max-width: 265px) 100vw, 265px\" \/><\/a><\/p>\n<p>Mit Petra Nettelbeck, Evi Zerbst, Monika Breitkopf, Holger Niehogen, Helmut B\u00e4uml, Martin Grinda, Christian Tiggemann und Wilfried Breitkopf hatte der Fuldaer Kanu Coach Thorsten Staubach aus dem Special Olympic Team des Kanu-Club-Fulda acht Leistungstr\u00e4ger f\u00fcr die Teilnahme in Bremen nominiert. Eine gute Wahl, wie sich im Laufe der Wettk\u00e4mpfe zeigen sollte.<\/p>\n<p>Direkt nach dem Tag der offenen Bootshaust\u00fcr war das Team aus Osthessen nach Bremen aufgebrochen. Gut gelaunt ging es am ersten Tag zur Besichtigung und zum Training in das Kanu-Stadion. Leider kam die Crew mit Versp\u00e4tung an, weil der Weg von der Unterkunft zur Regattastrecke deutlich mehr Zeit in Anspruch nahm, als man gedacht hatte. Das bereit gestellte Material war aber bestens und am Abend konnte Elmar M\u00f6ller vom Antoniusheim allen Sportlern mitteilen, dass ein privater Sponsor f\u00fcr jeden Teilnehmer ein kleines Taschengeld gespendet hatte. Die Freude dar\u00fcber war riesig!<\/p>\n<p>Alle Fuldaer kamen schadlos durch die Vorl\u00e4ufe und qualifizierten sich f\u00fcr bis zu 6 unterschiedliche Leistungsklassen. Die schnellsten Boote waren die Zweier-Kajak-Teams. Und hier zeigten Monika und Wilfried Breitkopf, was sie auf dem Kasten haben und den Konkurrenten zeigten sie das Heck ihres schnellen Kajaks. In 1:19,59 Minuten holten sich die Breitkopfs die Goldmedaille. Auch Petra Nettelbeck und Helmut B\u00e4uml gingen im Zweier-Mixed-Kajak an den Start und kamen mit einem R\u00fcckstand von nur 6,22 Sekunden auf den Bronzerang.<\/p>\n<p>Der schnellste Osthesse war Martin Grinda. Er zeigte im Laufe der Wettk\u00e4mpfe kontinuierlich steigende Leistungen und fuhr im Endlauf eine Zeit von 1:25,47 Minuten. Das reichte dem Sportler vom Richthof in Schlitz f\u00fcr die Silbermedaille im Rennen der Herren der Leistungsklasse II. In der Leistungsklasse I kamen mit Christian Tiggemann und Wilfried Breitkopf gleich 2 Fuldaer Kanuten in den Endlauf. Ganz knapp musste sich Tiggemann als undankbarer Vierter mit der \u201eHolzplakette\u201c zufrieden geben; er fuhr eine Zeit von 1:29,25 Minuten. Nach 1:31,59 Minuten durchbrach Wilfried Breitkopf die Lichtschranke und wurde F\u00fcnfter. In der Leistungsklasse III der Herren peitschte Helmut B\u00e4uml seinen schmalen Kajak \u00fcber die Strecke und fuhr auf den Bronzerang.<\/p>\n<p>Unsere schnellste Dame war Petra Nettelbeck. In der Leistungsklasse I der Damen reichte ihre Zeit von 1:50,35 Minuten leider nicht f\u00fcr eine Medaille; sie wurde F\u00fcnfte. Evi Zerbst und Monika Breitkopf belegten in der Damen-Leistungsklasse II die Pl\u00e4tze 4 und 5.<\/p>\n<p>Zwei zweite Pl\u00e4tze gab es noch in den Canadier-Rennen: In der Leistungsklasse 1 waren Tiggemann, Breitkopf, Breitkopf erfolgreich (Zeit 1:18,19 Minuten) und in der Leistungsklasse II waren Niehogen, B\u00e4uml und Grinda dabei (Zeit 1:18,59 Minuten.<\/p>\n<p>Thorsten Staubach war mit den Ergebnissen seines Teams sehr zufrieden. \u201eDurch den langen Winter konnte die Wasserarbeit erst sehr sp\u00e4t beginnen und da mussten wir uns in der kurzen Vorbereitungszeit alle m\u00e4chtig ins Zeug legen. Aber, es hat sich gelohnt. Nicht nur sportlich war Bremen spitze, auch das ganze Rahmenprogramm war beeindruckend. Das werden wir wohl nie vergessen\u201c, stellte der Coach tief bewegt fest.<\/p>\n","protected":false},"excerpt":{"rendered":"<div class=\"tmnf_excerpt\"><p>Bremen. Die Special Olympics National Games 2010 in Bremen sind vorbei. Mitte Juni erlebten \u00fcber 4.500 Athletinnen und Athleten und 12.000 Organisatoren, Helfer, Betreuer, Trainer, Ordner und Fans in der Hansestadt an der Weser eine eindrucksvolle Veranstaltung. Die Veranstalter von Special Olympics Deutschland (www.specialolympics.de), der deutschen Organisation der weltweit gr\u00f6\u00dften Sportbewegung f\u00fcr Menschen mit geistiger &hellip;<\/p>\n<\/div>","protected":false},"author":1,"featured_media":0,"comment_status":"closed","ping_status":"closed","sticky":false,"template":"","format":"standard","meta":{"footnotes":""},"categories":[1,46],"tags":[],"class_list":["post-63249","post","type-post","status-publish","format-standard","hentry","category-startseite","category-sport"],"_links":{"self":[{"href":"https:\/\/www.fuldaernachrichten.de\/index.php?rest_route=\/wp\/v2\/posts\/63249","targetHints":{"allow":["GET"]}}],"collection":[{"href":"https:\/\/www.fuldaernachrichten.de\/index.php?rest_route=\/wp\/v2\/posts"}],"about":[{"href":"https:\/\/www.fuldaernachrichten.de\/index.php?rest_route=\/wp\/v2\/types\/post"}],"author":[{"embeddable":true,"href":"https:\/\/www.fuldaernachrichten.de\/index.php?rest_route=\/wp\/v2\/users\/1"}],"replies":[{"embeddable":true,"href":"https:\/\/www.fuldaernachrichten.de\/index.php?rest_route=%2Fwp%2Fv2%2Fcomments&post=63249"}],"version-history":[{"count":3,"href":"https:\/\/www.fuldaernachrichten.de\/index.php?rest_route=\/wp\/v2\/posts\/63249\/revisions"}],"predecessor-version":[{"id":63271,"href":"https:\/\/www.fuldaernachrichten.de\/index.php?rest_route=\/wp\/v2\/posts\/63249\/revisions\/63271"}],"wp:attachment":[{"href":"https:\/\/www.fuldaernachrichten.de\/index.php?rest_route=%2Fwp%2Fv2%2Fmedia&parent=63249"}],"wp:term":[{"taxonomy":"category","embeddable":true,"href":"https:\/\/www.fuldaernachrichten.de\/index.php?rest_route=%2Fwp%2Fv2%2Fcategories&post=63249"},{"taxonomy":"post_tag","embeddable":true,"href":"https:\/\/www.fuldaernachrichten.de\/index.php?rest_route=%2Fwp%2Fv2%2Ftags&post=63249"}],"curies":[{"name":"wp","href":"https:\/\/api.w.org\/{rel}","templated":true}]}}