{"id":63223,"date":"2010-06-28T02:51:54","date_gmt":"2010-06-28T00:51:54","guid":{"rendered":"http:\/\/www.fuldaer-nachrichten.de\/?p=63223"},"modified":"2010-06-28T09:52:09","modified_gmt":"2010-06-28T07:52:09","slug":"junior-ranger-und-freiwillige-in-parks-ausgezeichnet","status":"publish","type":"post","link":"https:\/\/www.fuldaernachrichten.de\/?p=63223","title":{"rendered":"\u201eJunior-Ranger\u201c und \u201eFreiwillige in Parks\u201c ausgezeichnet"},"content":{"rendered":"<p><strong>Berlin\/Rh\u00f6n.<\/strong> Die Jury des Nationalkomitees der UN-Dekade \u201eBildung f\u00fcr nachhaltige Entwicklung\u201c hat gleich zwei Projekte von EUROPARC Deutschland e.V. als offizielle deutsche Dekadeprojekte f\u00fcr den Zeitraum 2010\/2011 ausgew\u00e4hlt. Das Programm \u201eJunior Ranger\u201c wendet sich an Kinder von 7 bis 12 Jahren, die spielerisch an den Natur- und Umweltschutz herangef\u00fchrt werden. \u201eFreiwillige in Parks\u201c hingegen wendet sich an \u00c4ltere und st\u00e4rkt das Ehrenamt in den Nationalen Naturlandschaften. Dieses Projekt hat die begehrte Auszeichnung ein zweites Mal erhalten. <!--more--><\/p>\n<p>In der Wiederbewerbung konnte nachgewiesen werden, dass sich die Inhalte im Vergleich zur Erstbewerbung vor zweieinhalb Jahren weiterentwickelt hatten. Zu Themenbereichen wie Chancengleichheit, lebenslanges Lernen, Unternehmensverantwortung, internationale Zusammenarbeit, Teilhabe und Mitbestimmung gibt es zahlreiche Beispiele guter Praxis in den Nationalen Naturlandschaften. In beiden Projekten wird nachhaltiges Denken und Handeln vermittelt, angewendet und weiter verbreitet. \u201eDie Auszeichnung beweist uns, dass wir mit beiden Programmen in den Nationalen Naturlandschaften einen richtigen Kurs fahren. Nachhaltiges Denken und Handeln f\u00fchrt Menschen zusammen, bereitet Spa\u00df und st\u00e4rkt die zwischenmenschlichen Beziehungen. Und die wachsende Zahl an Junior Rangern wie der Freiwilligen in Parks zeigt, dass das Interesse an Kompetenz, Wissen und Verantwortung im Bereich Natur- und Umweltschutz weiter wachsen wird\u201c, so Guido Puhlmann, Vorstandsvorsitzender von EUROPARC Deutschland.<\/p>\n<p>Die Nationalen Naturlandschaften vereinen als Dachmarke alle deutschen Gro\u00dfschutzgebiete unter einem Namen. Ihr Ziel ist es, die derzeit 14 Nationalparks, 16 Biosph\u00e4renreservate und \u00fcber 100 Naturparks durch ihren gemeinsamen Auftritt zum Inbegriff f\u00fcr die Sch\u00f6nheit deutscher Natur zu machen. Die Nationalen Naturlandschaften bieten den Gro\u00dfschutzgebieten einen einheitlichen gestalterischen Rahmen, der Besuchern, F\u00f6rderern und Medien Orientierung, \u00dcberblick und Wahrnehmung der zahlreichen Angebote erleichtern soll. In ihnen finden die Programme wie \u201eFreiwillige in Parks\u201c, \u201eJunior Ranger\u201c, Praktikum f\u00fcr die Umwelt\u201c sowie \u201ePartner der Nationalen Naturlandschaften\u201c statt. Die Nationalen Naturlandschaften werden von der Dachorganisation der Nationalparks, Biosph\u00e4renreservate und Naturparks EUROPARC Deutschland getragen sowie von der Deutschen Bundesstiftung Umwelt (DBU) und dem Bundesministerium f\u00fcr Umwelt, Naturschutz und Reaktorsicherheit unterst\u00fctzt.<\/p>\n","protected":false},"excerpt":{"rendered":"<div class=\"tmnf_excerpt\"><p>Berlin\/Rh\u00f6n. Die Jury des Nationalkomitees der UN-Dekade \u201eBildung f\u00fcr nachhaltige Entwicklung\u201c hat gleich zwei Projekte von EUROPARC Deutschland e.V. als offizielle deutsche Dekadeprojekte f\u00fcr den Zeitraum 2010\/2011 ausgew\u00e4hlt. Das Programm \u201eJunior Ranger\u201c wendet sich an Kinder von 7 bis 12 Jahren, die spielerisch an den Natur- und Umweltschutz herangef\u00fchrt werden. \u201eFreiwillige in Parks\u201c hingegen wendet &hellip;<\/p>\n<\/div>","protected":false},"author":1,"featured_media":0,"comment_status":"closed","ping_status":"closed","sticky":false,"template":"","format":"standard","meta":{"footnotes":""},"categories":[1,52],"tags":[],"class_list":["post-63223","post","type-post","status-publish","format-standard","hentry","category-startseite","category-umwelt"],"_links":{"self":[{"href":"https:\/\/www.fuldaernachrichten.de\/index.php?rest_route=\/wp\/v2\/posts\/63223","targetHints":{"allow":["GET"]}}],"collection":[{"href":"https:\/\/www.fuldaernachrichten.de\/index.php?rest_route=\/wp\/v2\/posts"}],"about":[{"href":"https:\/\/www.fuldaernachrichten.de\/index.php?rest_route=\/wp\/v2\/types\/post"}],"author":[{"embeddable":true,"href":"https:\/\/www.fuldaernachrichten.de\/index.php?rest_route=\/wp\/v2\/users\/1"}],"replies":[{"embeddable":true,"href":"https:\/\/www.fuldaernachrichten.de\/index.php?rest_route=%2Fwp%2Fv2%2Fcomments&post=63223"}],"version-history":[{"count":2,"href":"https:\/\/www.fuldaernachrichten.de\/index.php?rest_route=\/wp\/v2\/posts\/63223\/revisions"}],"predecessor-version":[{"id":63272,"href":"https:\/\/www.fuldaernachrichten.de\/index.php?rest_route=\/wp\/v2\/posts\/63223\/revisions\/63272"}],"wp:attachment":[{"href":"https:\/\/www.fuldaernachrichten.de\/index.php?rest_route=%2Fwp%2Fv2%2Fmedia&parent=63223"}],"wp:term":[{"taxonomy":"category","embeddable":true,"href":"https:\/\/www.fuldaernachrichten.de\/index.php?rest_route=%2Fwp%2Fv2%2Fcategories&post=63223"},{"taxonomy":"post_tag","embeddable":true,"href":"https:\/\/www.fuldaernachrichten.de\/index.php?rest_route=%2Fwp%2Fv2%2Ftags&post=63223"}],"curies":[{"name":"wp","href":"https:\/\/api.w.org\/{rel}","templated":true}]}}