{"id":63055,"date":"2010-06-26T02:58:34","date_gmt":"2010-06-26T00:58:34","guid":{"rendered":"http:\/\/www.fuldaer-nachrichten.de\/?p=63055"},"modified":"2010-06-26T06:59:06","modified_gmt":"2010-06-26T04:59:06","slug":"neubau-b-458-ortsumgehung-dipperz-gestern-gestartet","status":"publish","type":"post","link":"https:\/\/www.fuldaernachrichten.de\/?p=63055","title":{"rendered":"Neubau B 458 Ortsumgehung Dipperz gestern gestartet"},"content":{"rendered":"<p><strong>Dipperz. <\/strong>Die Planungen und Vorbereitungen f\u00fcr den Bau der Ortsumgehung Dipperz im Zuge der Bundesstra\u00dfe 458 sind abgeschlossen. Mit dem 1. Spatenstich durch den Parlamentarischen Staatssekret\u00e4r beim Bundesminister f\u00fcr Verkehr, Bau und Stadtentwicklung, Jan M\u00fccke, und Hessens Verkehrsstaatssekret\u00e4r Steffen Saebisch, begannen gestern die Bauarbeiten. Anwesend waren auch Bernd Woide, Landrat des Landkreises Fulda und Klaus-Dieter Vogler, B\u00fcrgermeister der Gemeinde Dipperz.<!--more--><\/p>\n<p>Hauptbaulasttr\u00e4ger der Ma\u00dfnahme mit Gesamtkosten in H\u00f6he von rund 9,86 Millionen Euro ist der Bund. Das Land Hessen tr\u00e4gt davon die Ausbaukosten der Landesstra\u00dfe 3258 in H\u00f6he von rund 550.000 Euro als zuk\u00fcnftige Hauptanbindung von Dipperz. An dem Bau eines neuen Kreisverkehrsplatzes sowie an der Errichtung von teilweise neuen Gehwegen im Bereich des Ortseinganges, ist auch die Gemeinde mit 100.000 Euro beteiligt.<\/p>\n<p>Die Umgehung, mit einer Gesamtl\u00e4nge von rund 3,9 Kilometern, f\u00fchrt nach ihrer Fertigstellung s\u00fcdlich um den Ort. Eine besondere Bedeutung in der Planungsphase hatte neben der Einbeziehung des sensiblen Naturraums am Fu\u00df der Rh\u00f6n, die Ber\u00fccksichtigung der landwirtschaftlichen Interessen (hier werden z. B. Wirtschaftswege sowie zwei Br\u00fccken hergestellt).<\/p>\n<p>Die Ortslage kann in Teilabschnitten bis zu 93 Prozent vom Verkehr entlastet werden. \u201eDies ist eine bedeutende Verbesserung der Verkehrsverh\u00e4ltnisse in der Ortslage und war ein ganz wichtiges Ziel des Neubaus\u201c, sagte Saebisch. Davon profitieren durch die erh\u00f6hte Verkehrssicherheit nicht nur Fu\u00dfg\u00e4nger und Radfahrer, sondern insbesondere auch die Anwohner durch eine erhebliche Steigerung der Lebensqualit\u00e4t. Durch die teilweise sehr dichte Bebauung an der Stra\u00dfe, lag eine hohe L\u00e4rm- und Schadstoffbelastung vor.<\/p>\n<p>Insgesamt m\u00fcssen rund 120.000 m\u00c2\u00b3 Boden bewegt werden. Mit dem Spatenstich beginnen zun\u00e4chst die Arbeiten an einem Br\u00fcckenbauwerk. Der Bau von zwei weiteren Br\u00fccken sowie die Errichtung von St\u00fctzmauern in topografisch anspruchsvollem Gel\u00e4nde und die Herstellung der Bundesstra\u00dfe mit zwei Anbindungen an das bestehende Stra\u00dfennetz vor und hinter Dipperz schlie\u00dfen sich an. Die zuk\u00fcnftige Hauptanbindung der Gemeinde wird \u00fcber die derzeitige Landesstra\u00dfe nach Wisselsrod am Gewerbegebiet &#8220;Wisselsroder Stra\u00dfe&#8221; vorbei erfolgen.<\/p>\n<p>Nach gut dreij\u00e4hriger Bauzeit ist voraussichtlich Ende 2013 mit Fertigstellung der Stra\u00dfe zu rechnen.<\/p>\n","protected":false},"excerpt":{"rendered":"<div class=\"tmnf_excerpt\"><p>Dipperz. Die Planungen und Vorbereitungen f\u00fcr den Bau der Ortsumgehung Dipperz im Zuge der Bundesstra\u00dfe 458 sind abgeschlossen. Mit dem 1. Spatenstich durch den Parlamentarischen Staatssekret\u00e4r beim Bundesminister f\u00fcr Verkehr, Bau und Stadtentwicklung, Jan M\u00fccke, und Hessens Verkehrsstaatssekret\u00e4r Steffen Saebisch, begannen gestern die Bauarbeiten. Anwesend waren auch Bernd Woide, Landrat des Landkreises Fulda und Klaus-Dieter &hellip;<\/p>\n<\/div>","protected":false},"author":1,"featured_media":0,"comment_status":"closed","ping_status":"closed","sticky":false,"template":"","format":"standard","meta":{"footnotes":""},"categories":[1,35],"tags":[],"class_list":["post-63055","post","type-post","status-publish","format-standard","hentry","category-startseite","category-auto"],"_links":{"self":[{"href":"https:\/\/www.fuldaernachrichten.de\/index.php?rest_route=\/wp\/v2\/posts\/63055","targetHints":{"allow":["GET"]}}],"collection":[{"href":"https:\/\/www.fuldaernachrichten.de\/index.php?rest_route=\/wp\/v2\/posts"}],"about":[{"href":"https:\/\/www.fuldaernachrichten.de\/index.php?rest_route=\/wp\/v2\/types\/post"}],"author":[{"embeddable":true,"href":"https:\/\/www.fuldaernachrichten.de\/index.php?rest_route=\/wp\/v2\/users\/1"}],"replies":[{"embeddable":true,"href":"https:\/\/www.fuldaernachrichten.de\/index.php?rest_route=%2Fwp%2Fv2%2Fcomments&post=63055"}],"version-history":[{"count":2,"href":"https:\/\/www.fuldaernachrichten.de\/index.php?rest_route=\/wp\/v2\/posts\/63055\/revisions"}],"predecessor-version":[{"id":63132,"href":"https:\/\/www.fuldaernachrichten.de\/index.php?rest_route=\/wp\/v2\/posts\/63055\/revisions\/63132"}],"wp:attachment":[{"href":"https:\/\/www.fuldaernachrichten.de\/index.php?rest_route=%2Fwp%2Fv2%2Fmedia&parent=63055"}],"wp:term":[{"taxonomy":"category","embeddable":true,"href":"https:\/\/www.fuldaernachrichten.de\/index.php?rest_route=%2Fwp%2Fv2%2Fcategories&post=63055"},{"taxonomy":"post_tag","embeddable":true,"href":"https:\/\/www.fuldaernachrichten.de\/index.php?rest_route=%2Fwp%2Fv2%2Ftags&post=63055"}],"curies":[{"name":"wp","href":"https:\/\/api.w.org\/{rel}","templated":true}]}}