{"id":62970,"date":"2010-06-24T02:44:18","date_gmt":"2010-06-24T00:44:18","guid":{"rendered":"http:\/\/www.fuldaer-nachrichten.de\/?p=62970"},"modified":"2010-06-24T06:47:27","modified_gmt":"2010-06-24T04:47:27","slug":"biebertalschule-will-schueler-konsequent-foerdern-und-soziale-grundtugenden-vermitteln","status":"publish","type":"post","link":"https:\/\/www.fuldaernachrichten.de\/?p=62970","title":{"rendered":"Biebertalschule will Sch\u00fcler konsequent f\u00f6rdern und soziale Grundtugenden vermitteln"},"content":{"rendered":"<p><a href=\"http:\/\/www.fuldaer-nachrichten.de\/wp-content\/uploads\/2010\/06\/100624_Biebertalschule1.jpg\"><img decoding=\"async\" class=\"alignnone size-thumbnail wp-image-62971\" title=\"100624_Biebertalschule1\" src=\"http:\/\/www.fuldaer-nachrichten.de\/wp-content\/uploads\/2010\/06\/100624_Biebertalschule1.jpg\" alt=\"100624_Biebertalschule1\" width=\"560\" srcset=\"https:\/\/www.fuldaernachrichten.de\/wp-content\/uploads\/2010\/06\/100624_Biebertalschule1.jpg 592w, https:\/\/www.fuldaernachrichten.de\/wp-content\/uploads\/2010\/06\/100624_Biebertalschule1-265x175.jpg 265w\" sizes=\"(max-width: 592px) 100vw, 592px\" \/><\/a><\/p>\n<p>Hofbieber. Kann eine Schule fr\u00f6hlich und konsequent zugleich sein? Bei der Biebertalschule in Hofbieber ist dies m\u00f6glich, da bestehen bei Schulleiter Hermann-Josef Stangier und seinen beiden Konrektorinnen Angelika Hennemuth und Ursula Mollenhauer keine Zweifel. Die Erfolge geben ihnen Recht, ist die Schule doch seit vielen Jahren stets unter den ersten Zehn bei den Leistungswettbewerben der IHK-Arbeitsgemeinschaft Hessen zu finden. Und das bei rund 400 teilnehmenden Schulen.<\/p>\n<p>Fotos (2): Max Colin Heydenreich<\/p>\n<p><!--more--><\/p>\n<p><strong> <\/strong><\/p>\n<p>Dies gelte allerdings nicht nur f\u00fcr den \u201eintellektuellen Bereich\u201c, unterstreicht das Leitungsteam, denn auch auf dem sportlichen Sektor belege man erste Pl\u00e4tze. So beispielsweise beim Sportabzeichenwettbewerb oder bei \u201eJugend trainiert f\u00fcr Olympia\u201c. Zum Gl\u00fcck ist die Zeit vorbei, als man keine \u00dcbungsm\u00f6glichkeiten hatte: Im Mai 2007 war die Kreissporthalle durch einen Brand zerst\u00f6rt worden und stand erst im September 2009 wieder zur Verf\u00fcgung, nachdem 4,6 Millionen Euro in einen Neubau investiert worden waren. Die Sch\u00fcler mussten bis dato zur sportlichen Bet\u00e4tigung in die Natur, in Klassenr\u00e4ume, in umliegende Schwimmb\u00e4der oder in die Halle der Hermann-Lietz-Schule auf Schloss Bieberstein ausweichen.<\/p>\n<p><a href=\"http:\/\/www.fuldaer-nachrichten.de\/wp-content\/uploads\/2010\/06\/100624_Biebertalschule2.jpg\"><img fetchpriority=\"high\" decoding=\"async\" class=\"alignleft size-thumbnail wp-image-62972\" title=\"100624_Biebertalschule2\" src=\"http:\/\/www.fuldaer-nachrichten.de\/wp-content\/uploads\/2010\/06\/100624_Biebertalschule2-265x399.jpg\" alt=\"100624_Biebertalschule2\" width=\"265\" height=\"399\" srcset=\"https:\/\/www.fuldaernachrichten.de\/wp-content\/uploads\/2010\/06\/100624_Biebertalschule2-265x399.jpg 265w, https:\/\/www.fuldaernachrichten.de\/wp-content\/uploads\/2010\/06\/100624_Biebertalschule2.jpg 399w\" sizes=\"(max-width: 265px) 100vw, 265px\" \/><\/a>Die Biebertalschule, mitten im Ortskern von Hofbieber und in unmittelbarer Nachbarschaft der Gemeindeverwaltung gelegen, steht in Tr\u00e4gerschaft des Landkreises Fulda und besitzt ein \u201eriesiges Einzugsgebiet mit \u00fcber 60 Bushaltestellen\u201c. Die knapp 610 Sch\u00fclerinnen und Sch\u00fcler kommen n\u00e4mlich aus den\u00c2\u00a0 Gro\u00dfgemeinden Hofbieber, Dipperz, N\u00fcsttal und Petersberg sowie aus Teilen des Altkreises H\u00fcnfeld. Unterrichtet werden sie von etwa 45 Lehrerinnen und Lehrern, die \u201edurchl\u00e4ssig\u201c arbeiten k\u00f6nnen. Denn die Biebertalschule vereinigt unter ihrem Dach eine Vorklasse sowie Grund-, Haupt- und Realschule. \u201eWir begleiten die Sch\u00fcler von der ersten bis zur zehnten Klasse und k\u00f6nnen daher die Entwicklung jedes Einzelnen verfolgen, seine St\u00e4rken genauso erkennen wie seine Schw\u00e4chen\u201c, bilanziert Stangier. Um gleichzeitig darauf zu verweisen, dass auch in diesem Jahr die Abschlussklassen ungemein leistungsstark seien. \u201eDiese Topleistungen sind zum einen gut f\u00fcr die Ausbildungsplatzsuche, zum anderen aber auch f\u00fcr die heimischen Unternehmen<strong>, <\/strong>die gute Auszubildende bekommen.\u201c<\/p>\n<p>Bei Fragen nach dem Leitbild der Schule antwortet Stangier, der seit zehn Jahren dem Kollegium vorsteht, nahezu druckreif: \u201eWir wollen eine besondere Atmosph\u00e4re schaffen, in der alle in der Schule T\u00e4tigen \u2013 von den Sch\u00fclern \u00fcber Lehrer und externe Mitarbeiter bis hin zu den Eltern \u2013 sich wohl f\u00fchlen. Der Rahmen soll durch gewisse Prinzipien so gestaltet und geregelt sein, dass optimale Leistungen erreicht werden k\u00f6nnen.\u201c Auch in Zukunft wolle man an dieser \u201ekonstruktiven, zielgerichteten und leistungsorientierten Wertevermittlung\u201c festhalten \u2013 was laut Konrektorin Mollenhauer aber nicht unbedingt \u201ekonservativ\u201c oder \u201ealtbacken\u201c bedeutet. Vielmehr sei man als Schule allem Neuen aufgeschlossen, doch wehre man sich dagegen, zum \u201eExperimentierfeld p\u00e4dagogischer Ideengeber\u201c zu werden. Es gelte, sich den vielf\u00e4ltigen gesellschaftlichen Herausforderungen zu stellen, was beispielsweise ein ver\u00e4ndertes Familienbild und ver\u00e4nderte Lebensgewohnheiten der Kinder und Jugendlichen betreffe.<\/p>\n<p>Seit sechs Jahren beteiligt sich die Biebertalschule am so genannten \u201eSystematischen Lernkompetenztraining\u201c (SyLT), bei dem unter anderen Sprachkompetenz, Methodik und Pr\u00e4sentationen, aber auch Grundtugenden wie Teamf\u00e4higkeit, H\u00f6flichkeit und Toleranz vermittelt werden. Konrektorin Hennemuth verweist in diesem Zusammenhang auch auf das gute Miteinander und nennt das Beispiel \u201eHelferklassen\u201c: Leistungsstarke Sch\u00fcler aus den Abschlussklassen k\u00f6nnen sich bewerben, um auf Honorarbasis bei der p\u00e4dagogischen Mittagsbetreuung f\u00fcr die J\u00fcngeren da zu sein.<\/p>\n<p>Stolz ist das Leistungsteam darauf, \u201edass alle Sch\u00fcler nach dem Ende ihrer Biebertaler Schulzeit entweder eine Ausbildung beginnen oder auf weiterf\u00fchrende Schulen wechseln\u201c. Der Leiter betont in diesem Kontext die guten Kontakte zu den Betrieben des Einzugsgebiets und zu anderen Vertretern der heimischen Wirtschaft und des Handwerks. Zum Bewerbertraining f\u00fcr \u00c4ltere w\u00fcrden stets Entscheidungstr\u00e4ger kommen, und auch bei den Berufsfindungstagen st\u00fcnden kompetente Ansprechpartner bereit. Apropos Partner: Die Biebertalschule verf\u00fcgt nicht nur \u00fcber einen 20-j\u00e4hrigen Austausch mit einer Schule im franz\u00f6sischen Vittel, sondern auch \u00fcber eine ganze Menge externer Kontakte: sei es zu \u201eSmog\u201c (Schule machen ohne Gewalt), zur Initiative \u201eCool sein &#8211; cool bleiben\u201c in Zusammenarbeit mit der Polizeistation Hilders, zum Antoniusheim Fulda, zum Waldkindergarten Langenbieber oder auch zum Golfclub Hofbieber.<\/p>\n<p>Voll des Lobes ist das Leitungsteam, wenn es um die Beziehungen zum Schultr\u00e4ger, dem Landkreis Fulda, und zur Gemeinde Hofbieber geht. Stangier: \u201eIn wenigen Tagen startet der Mensa-Neubau, und das zeigt, dass der Schulstandort Hofbieber langfristig gest\u00e4rkt werden soll. In 2011 wird dann der Schulhof umgestaltet und somit unsere sch\u00f6ne Au\u00dfenanlage noch erg\u00e4nzt.\u201c Mit den Verantwortlichen der Kreisschulverwaltung, aber auch mit dem Geb\u00e4udemanagement bestehe ein ganz ausgezeichnetes Verh\u00e4ltnis, eine \u201eerfolgsorientierte Zusammenarbeit\u201c. Der Schulleiter: \u201eWir sind in jeglicher Hinsicht sehr gut aufgestellt, gerade auch was die Ausstattung betrifft.\u201c Und auch mit B\u00fcrgermeister Marcus Schafft verstehe man sich sehr gut, die Gemeinde stelle das Gemeindezentrum f\u00fcr die P\u00e4dagogische Nachmittagsbetreuung zur Verf\u00fcgung, und sei im Pr\u00e4ventionsrat der Schule vertreten.<\/p>\n","protected":false},"excerpt":{"rendered":"<div class=\"tmnf_excerpt\"><p>Hofbieber. Kann eine Schule fr\u00f6hlich und konsequent zugleich sein? Bei der Biebertalschule in Hofbieber ist dies m\u00f6glich, da bestehen bei Schulleiter Hermann-Josef Stangier und seinen beiden Konrektorinnen Angelika Hennemuth und Ursula Mollenhauer keine Zweifel. Die Erfolge geben ihnen Recht, ist die Schule doch seit vielen Jahren stets unter den ersten Zehn bei den Leistungswettbewerben der &hellip;<\/p>\n<\/div>","protected":false},"author":1,"featured_media":0,"comment_status":"closed","ping_status":"closed","sticky":false,"template":"","format":"standard","meta":{"footnotes":""},"categories":[1,53,29,78],"tags":[],"class_list":["post-62970","post","type-post","status-publish","format-standard","hentry","category-startseite","category-bildung","category-politik","category-topthema"],"_links":{"self":[{"href":"https:\/\/www.fuldaernachrichten.de\/index.php?rest_route=\/wp\/v2\/posts\/62970","targetHints":{"allow":["GET"]}}],"collection":[{"href":"https:\/\/www.fuldaernachrichten.de\/index.php?rest_route=\/wp\/v2\/posts"}],"about":[{"href":"https:\/\/www.fuldaernachrichten.de\/index.php?rest_route=\/wp\/v2\/types\/post"}],"author":[{"embeddable":true,"href":"https:\/\/www.fuldaernachrichten.de\/index.php?rest_route=\/wp\/v2\/users\/1"}],"replies":[{"embeddable":true,"href":"https:\/\/www.fuldaernachrichten.de\/index.php?rest_route=%2Fwp%2Fv2%2Fcomments&post=62970"}],"version-history":[{"count":1,"href":"https:\/\/www.fuldaernachrichten.de\/index.php?rest_route=\/wp\/v2\/posts\/62970\/revisions"}],"predecessor-version":[{"id":62973,"href":"https:\/\/www.fuldaernachrichten.de\/index.php?rest_route=\/wp\/v2\/posts\/62970\/revisions\/62973"}],"wp:attachment":[{"href":"https:\/\/www.fuldaernachrichten.de\/index.php?rest_route=%2Fwp%2Fv2%2Fmedia&parent=62970"}],"wp:term":[{"taxonomy":"category","embeddable":true,"href":"https:\/\/www.fuldaernachrichten.de\/index.php?rest_route=%2Fwp%2Fv2%2Fcategories&post=62970"},{"taxonomy":"post_tag","embeddable":true,"href":"https:\/\/www.fuldaernachrichten.de\/index.php?rest_route=%2Fwp%2Fv2%2Ftags&post=62970"}],"curies":[{"name":"wp","href":"https:\/\/api.w.org\/{rel}","templated":true}]}}