{"id":62851,"date":"2010-06-24T02:01:19","date_gmt":"2010-06-24T00:01:19","guid":{"rendered":"http:\/\/www.fuldaer-nachrichten.de\/?p=62851"},"modified":"2010-06-23T22:01:32","modified_gmt":"2010-06-23T20:01:32","slug":"werke-peter-hackels-anlaesslich-seines-80-geburtstages-im-museum-modern-art-huenfeld-zu-sehen","status":"publish","type":"post","link":"https:\/\/www.fuldaernachrichten.de\/?p=62851","title":{"rendered":"Werke Peter Hackels anl\u00e4sslich seines 80. Geburtstages im Museum Modern Art H\u00fcnfeld zu sehen"},"content":{"rendered":"<p><strong>H\u00fcnfeld. <\/strong>Eine Retrospektive zum 80. Geburtstag von Peter Hackel, Vorsitzender des IDEA-Kunstvereins H\u00fcnfeld-Fulda, ist ab dem 6. Juli im Museum Modern Art H\u00fcnfeld \u2013 Sammlung J\u00fcrgen Blum zu sehen. Es sind Werke aus dem malerischen und grafischen Schaffen sowie Objekte des K\u00fcnstlers zu sehen. Die Ausstellung dauert bis zum 10. August und kann t\u00e4glich au\u00dfer montags von 14 Uhr bis 17 Uhr besucht werden.<\/p>\n","protected":false},"excerpt":{"rendered":"<div class=\"tmnf_excerpt\"><p>H\u00fcnfeld. Eine Retrospektive zum 80. Geburtstag von Peter Hackel, Vorsitzender des IDEA-Kunstvereins H\u00fcnfeld-Fulda, ist ab dem 6. Juli im Museum Modern Art H\u00fcnfeld \u2013 Sammlung J\u00fcrgen Blum zu sehen. Es sind Werke aus dem malerischen und grafischen Schaffen sowie Objekte des K\u00fcnstlers zu sehen. Die Ausstellung dauert bis zum 10. August und kann t\u00e4glich au\u00dfer &hellip;<\/p>\n<\/div>","protected":false},"author":1,"featured_media":0,"comment_status":"closed","ping_status":"closed","sticky":false,"template":"","format":"standard","meta":{"footnotes":""},"categories":[1],"tags":[],"class_list":["post-62851","post","type-post","status-publish","format-standard","hentry","category-startseite"],"_links":{"self":[{"href":"https:\/\/www.fuldaernachrichten.de\/index.php?rest_route=\/wp\/v2\/posts\/62851","targetHints":{"allow":["GET"]}}],"collection":[{"href":"https:\/\/www.fuldaernachrichten.de\/index.php?rest_route=\/wp\/v2\/posts"}],"about":[{"href":"https:\/\/www.fuldaernachrichten.de\/index.php?rest_route=\/wp\/v2\/types\/post"}],"author":[{"embeddable":true,"href":"https:\/\/www.fuldaernachrichten.de\/index.php?rest_route=\/wp\/v2\/users\/1"}],"replies":[{"embeddable":true,"href":"https:\/\/www.fuldaernachrichten.de\/index.php?rest_route=%2Fwp%2Fv2%2Fcomments&post=62851"}],"version-history":[{"count":2,"href":"https:\/\/www.fuldaernachrichten.de\/index.php?rest_route=\/wp\/v2\/posts\/62851\/revisions"}],"predecessor-version":[{"id":62965,"href":"https:\/\/www.fuldaernachrichten.de\/index.php?rest_route=\/wp\/v2\/posts\/62851\/revisions\/62965"}],"wp:attachment":[{"href":"https:\/\/www.fuldaernachrichten.de\/index.php?rest_route=%2Fwp%2Fv2%2Fmedia&parent=62851"}],"wp:term":[{"taxonomy":"category","embeddable":true,"href":"https:\/\/www.fuldaernachrichten.de\/index.php?rest_route=%2Fwp%2Fv2%2Fcategories&post=62851"},{"taxonomy":"post_tag","embeddable":true,"href":"https:\/\/www.fuldaernachrichten.de\/index.php?rest_route=%2Fwp%2Fv2%2Ftags&post=62851"}],"curies":[{"name":"wp","href":"https:\/\/api.w.org\/{rel}","templated":true}]}}