{"id":6244,"date":"2007-11-05T00:03:19","date_gmt":"2007-11-04T23:03:19","guid":{"rendered":"http:\/\/www.schoene-nachrichten.de\/?p=6244"},"modified":"2007-11-04T23:46:36","modified_gmt":"2007-11-04T22:46:36","slug":"art-against-fgm-ausstellung-vom-5-bis-9-november","status":"publish","type":"post","link":"https:\/\/www.fuldaernachrichten.de\/?p=6244","title":{"rendered":"\u201cArt against FGM&#8221; &#8211; Ausstellung vom 5. bis 9. November"},"content":{"rendered":"<p><strong>Fulda\/Br\u00fcssel.<\/strong> In der Woche vom 5. bis 9. November 2007 wird im Br\u00fcsseler Europa-Parlament eine Ausstellung gezeigt, die von internationaler Bedeutung ist. Die K\u00fcnstlerinitiative \u201eArt against FGM\u201c, das Center for PROFS, angesiedelt an der Hochschule Fulda und der Fuldaer Verein \u201eLebendige Kommunikation mit Frauen in ihren Kulturen (LebKom)\u201c haben auf Anfrage des Europaparlamentariers Alexander Alvaro eine Pr\u00e4sentation realisiert, die in eindrucksvoller Weise zum weltweiten Problem der weiblichen Genitalverst\u00fcmmelung (Female Genital Mutilation, FGM) Stellung bezieht. <!--more--><\/p>\n<p>Die K\u00fcnstlerinitiative vereint K\u00fcnstlerinnen und K\u00fcnstler aus sieben europ\u00e4ischen L\u00e4ndern, die die Nominierung des Fulda-Mosocho-Projektes f\u00fcr den Sakharov-Menschenrechtspreis des EU-Parlamentes in 2006 unterst\u00fctzten. Einige dieser Werke, von einer Jury ausgew\u00e4hlt, werden Bestandteil der EU-Ausstellung sein.<\/p>\n<p>In einer ausgewogenen Mischung aus Kunstwerken und Informationen thematisiert die Ausstellung die grausame Tradition FGM. Sowohl das durch diese Tradition verursachte Leid, wie auch positive Entwicklungen, die zu einem kulturellen Wandel zu f\u00fchren verm\u00f6gen, sind Gegenstand der Bilder und Info-Texte auf den 30 Stellw\u00e4nden.<\/p>\n<p>15 der Stellw\u00e4nde sind vom Center for PROFS gestaltet worden, mit fachlicher Unterst\u00fctzung von GrafikerInnen und \u00dcbersetzerInnen und Druckereien aus ganz Deutschland, die von der Ausstellungsidee angetan waren. Diese Ausstellung gibt wissenschaftliche und in der Praxis erprobte Antworten auf die Frage, wie die internationalen Bem\u00fchungen zur \u00dcberwindung dieser Tradition deutlich zu beschleunigen sind.<\/p>\n<p>Mit einem in die Ausstellung integrierten Film wird die Arbeit des Fulda-Mosocho-Projektes vorgestellt, das sich seit 2002 im Westen Kenias f\u00fcr die \u00dcberwindung der weiblichen Genitalverst\u00fcmmelung mit gro\u00dfem, international anerkanntem Erfolg engagiert. Das Projekt arbeitet nach dem von Prof. Hinkelmann-Toewe entwickelten wert-zentrierten Ansatz. In einer 3 1\/2\u2013j\u00e4hrigen akademischen Zusatzausbildung wurden 210 Lehrer und Lehrerinnen in der Mosocho-Region nach diesem Ansatz zu MultiplikatorInnen ausgebildet.<\/p>\n<p>Die Ausstellung ist von Alexander Alvaro, Mitglied des Europ\u00e4ischen Parlamentes und Sprecher der Liberalen-Fraktion f\u00fcr b\u00fcrgerliche Freiheiten, Inneres und Justiz, initiiert worden.<\/p>\n<p>Am Dienstag, 6. November, wird MdEP Alvaro die Ausstellung durch eine Vernissage (Beginn 18.30 Uhr) feierlich er\u00f6ffnen und sie gemeinsam mit Prof. Dr. Hinkelmann-Toewe und der K\u00fcnstler-Initiative vor einem breiten Publikum eingeladener G\u00e4ste pr\u00e4sentieren. Im Anschluss daran l\u00e4dt das EU-Parlament im Rahmen der Ausstellungser\u00f6ffnung zu einem Gala-Diner ein.<\/p>\n","protected":false},"excerpt":{"rendered":"<div class=\"tmnf_excerpt\"><p>Fulda\/Br\u00fcssel. In der Woche vom 5. bis 9. November 2007 wird im Br\u00fcsseler Europa-Parlament eine Ausstellung gezeigt, die von internationaler Bedeutung ist. Die K\u00fcnstlerinitiative \u201eArt against FGM\u201c, das Center for PROFS, angesiedelt an der Hochschule Fulda und der Fuldaer Verein \u201eLebendige Kommunikation mit Frauen in ihren Kulturen (LebKom)\u201c haben auf Anfrage des Europaparlamentariers Alexander Alvaro &hellip;<\/p>\n<\/div>","protected":false},"author":1,"featured_media":0,"comment_status":"closed","ping_status":"closed","sticky":false,"template":"","format":"standard","meta":{"footnotes":""},"categories":[1,29,48],"tags":[],"class_list":["post-6244","post","type-post","status-publish","format-standard","hentry","category-startseite","category-politik","category-forschung"],"_links":{"self":[{"href":"https:\/\/www.fuldaernachrichten.de\/index.php?rest_route=\/wp\/v2\/posts\/6244","targetHints":{"allow":["GET"]}}],"collection":[{"href":"https:\/\/www.fuldaernachrichten.de\/index.php?rest_route=\/wp\/v2\/posts"}],"about":[{"href":"https:\/\/www.fuldaernachrichten.de\/index.php?rest_route=\/wp\/v2\/types\/post"}],"author":[{"embeddable":true,"href":"https:\/\/www.fuldaernachrichten.de\/index.php?rest_route=\/wp\/v2\/users\/1"}],"replies":[{"embeddable":true,"href":"https:\/\/www.fuldaernachrichten.de\/index.php?rest_route=%2Fwp%2Fv2%2Fcomments&post=6244"}],"version-history":[{"count":0,"href":"https:\/\/www.fuldaernachrichten.de\/index.php?rest_route=\/wp\/v2\/posts\/6244\/revisions"}],"wp:attachment":[{"href":"https:\/\/www.fuldaernachrichten.de\/index.php?rest_route=%2Fwp%2Fv2%2Fmedia&parent=6244"}],"wp:term":[{"taxonomy":"category","embeddable":true,"href":"https:\/\/www.fuldaernachrichten.de\/index.php?rest_route=%2Fwp%2Fv2%2Fcategories&post=6244"},{"taxonomy":"post_tag","embeddable":true,"href":"https:\/\/www.fuldaernachrichten.de\/index.php?rest_route=%2Fwp%2Fv2%2Ftags&post=6244"}],"curies":[{"name":"wp","href":"https:\/\/api.w.org\/{rel}","templated":true}]}}