{"id":622,"date":"2007-01-06T14:01:16","date_gmt":"2007-01-06T13:01:16","guid":{"rendered":"http:\/\/www.schoene-nachrichten.de\/?p=622"},"modified":"2007-01-12T01:52:58","modified_gmt":"2007-01-12T00:52:58","slug":"kinder-sagen-ja-zur-schopfung-uber-1000-sternsinger-im-fuldaer-dom","status":"publish","type":"post","link":"https:\/\/www.fuldaernachrichten.de\/?p=622","title":{"rendered":"&#8220;Kinder sagen Ja zur Sch\u00f6pfung&#8221; &#8211; \u00dcber 1.000 Sternsinger im Fuldaer Dom"},"content":{"rendered":"<p><a title=\"Foto: Max Colin Heydenreich\" href=\"http:\/\/www.schoene-nachrichten.de\/wp-content\/uploads\/2007\/01\/070106_sternsinger_07.jpg\" target=\"_blank\"><img decoding=\"async\" id=\"image629\" height=\"85\" alt=\"070106_sternsinger_07.jpg\" src=\"http:\/\/www.schoene-nachrichten.de\/wp-content\/uploads\/2007\/01\/070106_sternsinger_07.thumbnail.jpg\" \/><\/a> <a title=\"Foto: Max Colin Heydenreich\" href=\"http:\/\/www.schoene-nachrichten.de\/wp-content\/uploads\/2007\/01\/070106_sternsinger_09.jpg\" target=\"_blank\"><img decoding=\"async\" id=\"image631\" height=\"85\" alt=\"070106_sternsinger_09.jpg\" src=\"http:\/\/www.schoene-nachrichten.de\/wp-content\/uploads\/2007\/01\/070106_sternsinger_09.thumbnail.jpg\" \/><\/a> <a title=\"Foto: Max Colin Heydenreich\" href=\"http:\/\/www.schoene-nachrichten.de\/wp-content\/uploads\/2007\/01\/070106_sternsinger_10.jpg\" target=\"_blank\"><img decoding=\"async\" id=\"image632\" height=\"85\" alt=\"070106_sternsinger_10.jpg\" src=\"http:\/\/www.schoene-nachrichten.de\/wp-content\/uploads\/2007\/01\/070106_sternsinger_10.thumbnail.jpg\" \/><\/a><\/p>\n<p><a title=\"Foto: Max Colin Heydenreich\" href=\"http:\/\/www.schoene-nachrichten.de\/wp-content\/uploads\/2007\/01\/070106_sternsinger_08.jpg\" target=\"_blank\"><img decoding=\"async\" id=\"image630\" height=\"85\" alt=\"070106_sternsinger_08.jpg\" src=\"http:\/\/www.schoene-nachrichten.de\/wp-content\/uploads\/2007\/01\/070106_sternsinger_08.thumbnail.jpg\" \/><\/a> <a title=\"Foto: Max Colin Heydenreich\" href=\"http:\/\/www.schoene-nachrichten.de\/wp-content\/uploads\/2007\/01\/070106_sternsinger_06.jpg\" target=\"_blank\"><img decoding=\"async\" id=\"image628\" height=\"85\" alt=\"070106_sternsinger_06.jpg\" src=\"http:\/\/www.schoene-nachrichten.de\/wp-content\/uploads\/2007\/01\/070106_sternsinger_06.thumbnail.jpg\" \/><\/a> <a title=\"Foto: Max Colin Heydenreich\" href=\"http:\/\/www.schoene-nachrichten.de\/wp-content\/uploads\/2007\/01\/070106_sternsinger_12.jpg\" target=\"_blank\"><img decoding=\"async\" id=\"image634\" height=\"85\" alt=\"070106_sternsinger_12.jpg\" src=\"http:\/\/www.schoene-nachrichten.de\/wp-content\/uploads\/2007\/01\/070106_sternsinger_12.thumbnail.jpg\" \/><\/a><\/p>\n<p><a title=\"Foto: Max Colin Heydenreich\" href=\"http:\/\/www.schoene-nachrichten.de\/wp-content\/uploads\/2007\/01\/070106_sternsinger_11.jpg\" target=\"_blank\"><img decoding=\"async\" id=\"image633\" height=\"85\" alt=\"070106_sternsinger_11.jpg\" src=\"http:\/\/www.schoene-nachrichten.de\/wp-content\/uploads\/2007\/01\/070106_sternsinger_11.thumbnail.jpg\" \/><\/a> <a title=\"Foto: Max Colin Heydenreich\" href=\"http:\/\/www.schoene-nachrichten.de\/wp-content\/uploads\/2007\/01\/070106_sternsinger_03.jpg\" target=\"_blank\"><img decoding=\"async\" id=\"image625\" height=\"85\" alt=\"070106_sternsinger_03.jpg\" src=\"http:\/\/www.schoene-nachrichten.de\/wp-content\/uploads\/2007\/01\/070106_sternsinger_03.thumbnail.jpg\" \/><\/a> <a title=\"Foto: Max Colin Heydenreich\" href=\"http:\/\/www.schoene-nachrichten.de\/wp-content\/uploads\/2007\/01\/070106_sternsinger_14.jpg\" target=\"_blank\"><img decoding=\"async\" id=\"image636\" height=\"85\" alt=\"070106_sternsinger_14.jpg\" src=\"http:\/\/www.schoene-nachrichten.de\/wp-content\/uploads\/2007\/01\/070106_sternsinger_14.thumbnail.jpg\" \/><\/a><\/p>\n<p>\u00c2\u00a0<\/p>\n<p><!--more-->Sch\u00f6nes aus Fulda. Mehr als 1.000 Kinder und Jugendliche aus dem gesamten Bistum Fulda waren am Dreik\u00f6nigstag zur zentralen Aussendungsfeier in den Fuldaer Dom gekommen.&#8221;Kinder sagen Ja zur Sch\u00f6pfung\u201c lautet in diesem Jahr das Motto der Sternsinger, deren Engagement der Insel Madagaskar gilt. Dort ger\u00e4t der Lebensraum vieler Kinder durch das Abholzen der W\u00e4lder immer mehr in Gefahr.\u00c2\u00a0<\/p>\n<p>\u00c2\u00a0<\/p>\n<p>Fotos (14): Max Colin Heydenreich<\/p>\n<p>\u00c2\u00a0<\/p>\n<p><a title=\"Foto: Max Colin Heydenreich\" href=\"http:\/\/www.schoene-nachrichten.de\/wp-content\/uploads\/2007\/01\/070106_sternsinger_13.jpg\" target=\"_blank\"><img decoding=\"async\" id=\"image635\" height=\"85\" alt=\"070106_sternsinger_13.jpg\" src=\"http:\/\/www.schoene-nachrichten.de\/wp-content\/uploads\/2007\/01\/070106_sternsinger_13.thumbnail.jpg\" \/><\/a> <a title=\"Foto: Max Colin Heydenreich\" href=\"http:\/\/www.schoene-nachrichten.de\/wp-content\/uploads\/2007\/01\/070106_sternsinger_05.jpg\" target=\"_blank\"><img decoding=\"async\" id=\"image627\" height=\"85\" alt=\"070106_sternsinger_05.jpg\" src=\"http:\/\/www.schoene-nachrichten.de\/wp-content\/uploads\/2007\/01\/070106_sternsinger_05.thumbnail.jpg\" \/><\/a> <a title=\"Foto: Max Colin Heydenreich\" href=\"http:\/\/www.schoene-nachrichten.de\/wp-content\/uploads\/2007\/01\/070106_sternsinger_04.jpg\" target=\"_blank\"><img decoding=\"async\" id=\"image626\" height=\"85\" alt=\"070106_sternsinger_04.jpg\" src=\"http:\/\/www.schoene-nachrichten.de\/wp-content\/uploads\/2007\/01\/070106_sternsinger_04.thumbnail.jpg\" \/><\/a><\/p>\n<p>\u00c2\u00a0<\/p>\n<p>In ihren bunten Gew\u00e4ndern feierten die Sternsinger gemeinsam mit Bischof Heinz Josef Algermissen die heilige Messe. Die Botschaft des Festes: &#8220;Jesus Christus, das Licht der Welt, macht unser Leben hell. Der Stern von Bethlehem wird zum Hoffnungslicht, das von Gott erz\u00e4hlt&#8221;, so Algermissen, f\u00fcr den die Lichttr\u00e4gerinnen und Lichttr\u00e4ger &#8220;Missionare der guten Botschaft&#8221; sind.<\/p>\n<p>\u00c2\u00a0<\/p>\n<p>Vor der Aussendungsfeier hatten sich die Sternsinger unter Leitung von Domkapellmeister Franz-Peter Huber musikalisch auf den Tag eingestimmt. Nach dem Gottesdienst gab es ein Mittagessen im Kreuzgang des Priesterseminars und Workshops in der Domschule, die der Bund der deutschen katholischen Jugend (BDKJ) vorbereitet hatte. Auch das Dommuseum war f\u00fcr Sternsingergruppen wieder kostenfrei ge\u00f6ffnet.<\/p>\n<p>\u00c2\u00a0<\/p>\n<p><a title=\"Foto: Max Colin Heydenreich\" href=\"http:\/\/www.schoene-nachrichten.de\/wp-content\/uploads\/2007\/01\/070106_sternsinger_02.jpg\" target=\"_blank\"><img decoding=\"async\" id=\"image624\" height=\"85\" alt=\"070106_sternsinger_02.jpg\" src=\"http:\/\/www.schoene-nachrichten.de\/wp-content\/uploads\/2007\/01\/070106_sternsinger_02.thumbnail.jpg\" \/><\/a> <a title=\"Foto: Max Colin Heydenreich\" href=\"http:\/\/www.schoene-nachrichten.de\/wp-content\/uploads\/2007\/01\/070106_sternsinger_01.jpg\" target=\"_blank\"><img decoding=\"async\" id=\"image623\" height=\"85\" alt=\"070106_sternsinger_01.jpg\" src=\"http:\/\/www.schoene-nachrichten.de\/wp-content\/uploads\/2007\/01\/070106_sternsinger_01.thumbnail.jpg\" \/><\/a><\/p>\n<p>\u00c2\u00a0<\/p>\n<p>Bei ihrer letzten Aktion haben die Sternsinger in Deutschland rund 38,7 Millionen f\u00fcr die Kinder in Not \u201eersungen\u201c. Bundesweit hatten sich 12.421 katholische Gemeinden und Gruppen an der Aktion beteiligt. Die Sternsinger wurden dabei durch \u00fcber 80.000 ehrenamtliche Mitarbeiter unterst\u00fctzt. Im Bistum Fulda brachte das Dreik\u00f6nigssingen 2006 ein beachtliches Ergebnis: Die Sternsinger ersangen hier rund 564.162 Euro. Insgesamt hatten sich im Bistum Fulda 269 Gemeinden beteiligt.<\/p>\n<p>\u00c2\u00a0<\/p>\n<p>Weitere 72 Fotos finden Sie unter <a href=\"http:\/\/www.pressefoto-fulda.de\/\">http:\/\/www.pressefoto-fulda.de\/<\/a><\/p>\n","protected":false},"excerpt":{"rendered":"<div class=\"tmnf_excerpt\"><p>\u00c2\u00a0<\/p>\n<\/div>","protected":false},"author":1,"featured_media":0,"comment_status":"closed","ping_status":"closed","sticky":false,"template":"","format":"standard","meta":{"footnotes":""},"categories":[1,54],"tags":[],"class_list":["post-622","post","type-post","status-publish","format-standard","hentry","category-startseite","category-bildergalerien"],"_links":{"self":[{"href":"https:\/\/www.fuldaernachrichten.de\/index.php?rest_route=\/wp\/v2\/posts\/622","targetHints":{"allow":["GET"]}}],"collection":[{"href":"https:\/\/www.fuldaernachrichten.de\/index.php?rest_route=\/wp\/v2\/posts"}],"about":[{"href":"https:\/\/www.fuldaernachrichten.de\/index.php?rest_route=\/wp\/v2\/types\/post"}],"author":[{"embeddable":true,"href":"https:\/\/www.fuldaernachrichten.de\/index.php?rest_route=\/wp\/v2\/users\/1"}],"replies":[{"embeddable":true,"href":"https:\/\/www.fuldaernachrichten.de\/index.php?rest_route=%2Fwp%2Fv2%2Fcomments&post=622"}],"version-history":[{"count":0,"href":"https:\/\/www.fuldaernachrichten.de\/index.php?rest_route=\/wp\/v2\/posts\/622\/revisions"}],"wp:attachment":[{"href":"https:\/\/www.fuldaernachrichten.de\/index.php?rest_route=%2Fwp%2Fv2%2Fmedia&parent=622"}],"wp:term":[{"taxonomy":"category","embeddable":true,"href":"https:\/\/www.fuldaernachrichten.de\/index.php?rest_route=%2Fwp%2Fv2%2Fcategories&post=622"},{"taxonomy":"post_tag","embeddable":true,"href":"https:\/\/www.fuldaernachrichten.de\/index.php?rest_route=%2Fwp%2Fv2%2Ftags&post=622"}],"curies":[{"name":"wp","href":"https:\/\/api.w.org\/{rel}","templated":true}]}}