{"id":6206,"date":"2007-11-03T01:12:55","date_gmt":"2007-11-03T00:12:55","guid":{"rendered":"http:\/\/www.schoene-nachrichten.de\/?p=6206"},"modified":"2007-11-03T01:12:55","modified_gmt":"2007-11-03T00:12:55","slug":"woche-der-suchtpraevention-in-fulda-und-im-vogelsberg","status":"publish","type":"post","link":"https:\/\/www.fuldaernachrichten.de\/?p=6206","title":{"rendered":"Woche der Suchtpr\u00e4vention in Fulda und im Vogelsberg"},"content":{"rendered":"<p><strong>Termin.<\/strong> &#8220;Ohne ist besser.&#8221; Unter diesem Motto laden die Schul\u00e4mter f\u00fcr Stadt und Landkreis Fulda, Landkreis Gie\u00dfen und Vogelsbergkreis zu einer Woche der Pr\u00e4vention vom 5. bis 8. November ein. Beteiligt ist auch die Fachstelle f\u00fcr Suchtpr\u00e4vention des Caritasverbandes f\u00fcr Stadt und Landkreis Fulda. Geboten werden unter anderem Workshops, eine \u201ePr\u00e4ventionsmesse\u201c und Kinovorstellungen. <!--more--><\/p>\n<p>Einer der Hauptprogrammpunkte ist am Montagabend um 19.30 Uhr in der Ferdinand-Braun-Schule Fulda der Vortrag \u201eWarum Huckleberry Finn nicht s\u00fcchtig wurde\u201c von Dr. Ekkehard Schiffer zur Suchtvorbeugung im Kindes- und Jugendalter. \u201eAnstiftung gegen Sucht und Gewalt im Kindes- und Jugendalter\u201c ist das Anliegen von Dr. Eckhard Schiffer, Chefarzt der Psychosomatischen Abteilung mit Familientherapeutischem Zentrum des Christlichen Krankenhauses Quakenbr\u00fcck.\u00c2\u00a0<\/p>\n<p>Schiffer ist der Autor mehrerer erfolgreicher B\u00fccher zu dem Thema Sucht- und Gewaltpr\u00e4vention, die im Beltz-Verlag erschienen sind. Das Buch \u201eWarum Huckleberry Finn nicht s\u00fcchtig wurde. Anstiftung gegen Sucht und Selbstzerst\u00f6rung bei Kindern und Jugendlichen\u201c ist bereits in der 15. Auflage erschienen und auch in mehrere europ\u00e4ische Sprachen \u00fcbersetzt worden. Die Basler Zeitung nennt es \u201eein auszuzeichnendes Buch\u201c. Schiffer beteiligt sich \u00fcbrigens auch an Gewalt- und Suchtpr\u00e4ventionsprogrammen in Liechtenstein und mehreren \u00f6sterreichischen Bundesl\u00e4ndern.<\/p>\n<p>In seinem Vortrag wird Ekkehard Schiffer vor dem Hintergrund seiner klinischen Erfahrung darstellen, wie \u00fcber eine lebendige Phantasie und ein spielerisch erworbenes Selbstbewusstsein, \u00fcber Wahrnehmungsf\u00e4higkeit, fair-play und sozial angemessene Konfliktf\u00e4higkeit Kinder eine \u201egute Immunit\u00e4t\u201c gegen Suchtgefahren und Gewaltimpulse erlangen k\u00f6nnen. Schiffer zeigt an zahlreichen Beispielen die Bedeutung von \u201eSpiel und Dialog\u201c im Kindes- und Jugendalter auf.<\/p>\n<p>Er verkn\u00fcpft dabei eine salutogenetische (\u201eEntstehung von Gesundheit betreffende\u201c) Betrachtungsweise mit aktuellen Ergebnissen der Hirnforschung und beobachtenden S\u00e4uglingsforschung. Der allgemein verst\u00e4ndliche Vortrag mit anschlie\u00dfender Diskussion wendet sich an Eltern, Erzieherinnen, Lehrerinnen, Politiker \u2013 kurz an alle, die mit Kindern und Jugendlichen zu tun haben. Infos\u00c2\u00a0zum weiteren Programm der Woche der Suchtpr\u00e4vention bei der Caritas Sucht- und Drogenberatung:\u00c2\u00a0 Tel. 0661 \/ 24 28-360.<\/p>\n","protected":false},"excerpt":{"rendered":"<div class=\"tmnf_excerpt\"><p>Termin. &#8220;Ohne ist besser.&#8221; Unter diesem Motto laden die Schul\u00e4mter f\u00fcr Stadt und Landkreis Fulda, Landkreis Gie\u00dfen und Vogelsbergkreis zu einer Woche der Pr\u00e4vention vom 5. bis 8. November ein. Beteiligt ist auch die Fachstelle f\u00fcr Suchtpr\u00e4vention des Caritasverbandes f\u00fcr Stadt und Landkreis Fulda. Geboten werden unter anderem Workshops, eine \u201ePr\u00e4ventionsmesse\u201c und Kinovorstellungen.<\/p>\n<\/div>","protected":false},"author":1,"featured_media":0,"comment_status":"closed","ping_status":"closed","sticky":false,"template":"","format":"standard","meta":{"footnotes":""},"categories":[1,72],"tags":[],"class_list":["post-6206","post","type-post","status-publish","format-standard","hentry","category-startseite","category-jugend"],"_links":{"self":[{"href":"https:\/\/www.fuldaernachrichten.de\/index.php?rest_route=\/wp\/v2\/posts\/6206","targetHints":{"allow":["GET"]}}],"collection":[{"href":"https:\/\/www.fuldaernachrichten.de\/index.php?rest_route=\/wp\/v2\/posts"}],"about":[{"href":"https:\/\/www.fuldaernachrichten.de\/index.php?rest_route=\/wp\/v2\/types\/post"}],"author":[{"embeddable":true,"href":"https:\/\/www.fuldaernachrichten.de\/index.php?rest_route=\/wp\/v2\/users\/1"}],"replies":[{"embeddable":true,"href":"https:\/\/www.fuldaernachrichten.de\/index.php?rest_route=%2Fwp%2Fv2%2Fcomments&post=6206"}],"version-history":[{"count":0,"href":"https:\/\/www.fuldaernachrichten.de\/index.php?rest_route=\/wp\/v2\/posts\/6206\/revisions"}],"wp:attachment":[{"href":"https:\/\/www.fuldaernachrichten.de\/index.php?rest_route=%2Fwp%2Fv2%2Fmedia&parent=6206"}],"wp:term":[{"taxonomy":"category","embeddable":true,"href":"https:\/\/www.fuldaernachrichten.de\/index.php?rest_route=%2Fwp%2Fv2%2Fcategories&post=6206"},{"taxonomy":"post_tag","embeddable":true,"href":"https:\/\/www.fuldaernachrichten.de\/index.php?rest_route=%2Fwp%2Fv2%2Ftags&post=6206"}],"curies":[{"name":"wp","href":"https:\/\/api.w.org\/{rel}","templated":true}]}}