{"id":62,"date":"2006-11-24T14:09:53","date_gmt":"2006-11-24T13:09:53","guid":{"rendered":"http:\/\/www.schoene-nachrichten.de\/?p=62"},"modified":"2006-11-30T19:45:06","modified_gmt":"2006-11-30T18:45:06","slug":"besucherrekord-bei-13-fuldaer-energiesparwochen","status":"publish","type":"post","link":"https:\/\/www.fuldaernachrichten.de\/?p=62","title":{"rendered":"Besucherrekord bei 13. Fuldaer Energiesparwochen"},"content":{"rendered":"<p><strong>Sch\u00f6nes aus Fulda.<\/strong> Einen Besucherrekord vermeldeten heute die Mitglieder des Arbeitskreises Energiesparen. \u00dcber 1.700 Besucherinnen und Besucher wurden auf den 23 Veranstaltungen der diesj\u00e4hrigen Energiesparwochen, die vom 28. Oktober bis zum 24. November stattfanden, gez\u00e4hlt. Das sind rund 500 Interessenten mehr als im vergangenen Jahr. Schwerpunkte waren der effiziente und sparsame Einsatz von Energie in Geb\u00e4uden sowie die\u00c2\u00a0Erschlie\u00dfung und der Einsatz erneuerbarer Energien.<\/p>\n<p>\u00c2\u00a0<\/p>\n<p><a title=\"Sch\u00f6ne Nachrichten - Foto: Max Colin Heydenreich\" href=\"http:\/\/www.schoene-nachrichten.de\/wp-content\/uploads\/2006\/11\/dsc_0011.jpg\" target=\"_blank\"><img decoding=\"async\" id=\"image63\" height=\"85\" alt=\"dsc_0011.jpg\" src=\"http:\/\/www.schoene-nachrichten.de\/wp-content\/uploads\/2006\/11\/dsc_0011.thumbnail.jpg\" \/><\/a>\u00c2\u00a0<a title=\"Sch\u00f6ne Nachrichten - Foto: Max Colin Heydenreich\" href=\"http:\/\/www.schoene-nachrichten.de\/wp-content\/uploads\/2006\/11\/dsc_0018.jpg\" target=\"_blank\"><img decoding=\"async\" id=\"image64\" height=\"85\" alt=\"dsc_0018.jpg\" src=\"http:\/\/www.schoene-nachrichten.de\/wp-content\/uploads\/2006\/11\/dsc_0018.thumbnail.jpg\" \/><\/a><\/p>\n<p>\u00c2\u00a0<\/p>\n<p><!--more--><\/p>\n<p>Im Rahmen der Energiesparwochen werden j\u00e4hrlich Vortr\u00e4ge, Ausstellungen und Exkursionen angeboten. Wie die Mitglieder des Arbeitskreises berichten, ist nicht nur die Nachfrage nach Informationsangeboten gestiegen, auch die Fragen der Besucher seien im Laufe der Jahre viel spezieller und konkreter geworden. So seien W\u00e4rmed\u00e4mmung und Heizungstechnik von Geb\u00e4uden sowie Stand der Technik und Perspektiven f\u00fcr regenerative Energien besonders nachgefragt worden.\u00c2\u00a0<\/p>\n<p>\u00c2\u00a0<\/p>\n<p>Geboren wurden\u00c2\u00a0die Fuldaer Energiesparwochen\u00c2\u00a0im Jahr 1994. Damals wollten die Jungen Gr\u00fcnen zu einem Aktionstag Energiesparlampen kostenlos verteilen. Nach Gespr\u00e4chen mit dem Magistrat der Stadt und\u00c2\u00a0potenziellen Partnern wurde ein Arbeitskreis gegr\u00fcndet und das Umweltzentrum mit der Organisation der Energiesparwochen\u00c2\u00a0beauftragt.<\/p>\n<p>\u00c2\u00a0<\/p>\n<p>Inzwischen geh\u00f6ren dem Arbeitskreis 22 Mitglieder an, darunter die regionalen Energieversorger \u00dcWAG und GWV, Umweltorganisationen, Naturschutzverb\u00e4nde Vertreter der regenerativen Energien, Biomasse, Solarenergie und Erdw\u00e4rme ebenso wie der Magistrat der Stadt Fulda und der Landkreis Fulda. Nach Angaben von Volker Strauch, Sprecher des Arbeitskreises, wurden in den vergangenen 13 Jahren mit rund 300 Veranstaltungen 25.000 B\u00fcrger erreicht. Die 14. Energiesparwochen sind laut Strauch f\u00fcr November 2007 geplant.<\/p>\n<p>\u00c2\u00a0<\/p>\n<p>\u00c2\u00a0<\/p>\n","protected":false},"excerpt":{"rendered":"<div class=\"tmnf_excerpt\"><p>Sch\u00f6nes aus Fulda. Einen Besucherrekord vermeldeten heute die Mitglieder des Arbeitskreises Energiesparen. \u00dcber 1.700 Besucherinnen und Besucher wurden auf den 23 Veranstaltungen der diesj\u00e4hrigen Energiesparwochen, die vom 28. Oktober bis zum 24. November stattfanden, gez\u00e4hlt. Das sind rund 500 Interessenten mehr als im vergangenen Jahr. Schwerpunkte waren der effiziente und sparsame Einsatz von Energie in &hellip;<\/p>\n<\/div>","protected":false},"author":1,"featured_media":0,"comment_status":"closed","ping_status":"closed","sticky":false,"template":"","format":"standard","meta":{"footnotes":""},"categories":[1],"tags":[],"class_list":["post-62","post","type-post","status-publish","format-standard","hentry","category-startseite"],"_links":{"self":[{"href":"https:\/\/www.fuldaernachrichten.de\/index.php?rest_route=\/wp\/v2\/posts\/62","targetHints":{"allow":["GET"]}}],"collection":[{"href":"https:\/\/www.fuldaernachrichten.de\/index.php?rest_route=\/wp\/v2\/posts"}],"about":[{"href":"https:\/\/www.fuldaernachrichten.de\/index.php?rest_route=\/wp\/v2\/types\/post"}],"author":[{"embeddable":true,"href":"https:\/\/www.fuldaernachrichten.de\/index.php?rest_route=\/wp\/v2\/users\/1"}],"replies":[{"embeddable":true,"href":"https:\/\/www.fuldaernachrichten.de\/index.php?rest_route=%2Fwp%2Fv2%2Fcomments&post=62"}],"version-history":[{"count":0,"href":"https:\/\/www.fuldaernachrichten.de\/index.php?rest_route=\/wp\/v2\/posts\/62\/revisions"}],"wp:attachment":[{"href":"https:\/\/www.fuldaernachrichten.de\/index.php?rest_route=%2Fwp%2Fv2%2Fmedia&parent=62"}],"wp:term":[{"taxonomy":"category","embeddable":true,"href":"https:\/\/www.fuldaernachrichten.de\/index.php?rest_route=%2Fwp%2Fv2%2Fcategories&post=62"},{"taxonomy":"post_tag","embeddable":true,"href":"https:\/\/www.fuldaernachrichten.de\/index.php?rest_route=%2Fwp%2Fv2%2Ftags&post=62"}],"curies":[{"name":"wp","href":"https:\/\/api.w.org\/{rel}","templated":true}]}}