{"id":6175,"date":"2007-11-01T00:21:31","date_gmt":"2007-10-31T23:21:31","guid":{"rendered":"http:\/\/www.schoene-nachrichten.de\/?p=6175"},"modified":"2007-11-01T00:21:31","modified_gmt":"2007-10-31T23:21:31","slug":"dem-yeti-auf-der-spur-winterspass-in-garmisch-partenkirchen","status":"publish","type":"post","link":"https:\/\/www.fuldaernachrichten.de\/?p=6175","title":{"rendered":"&#8220;Dem Yeti auf der Spur&#8221; &#8211; Winterspa\u00df in Garmisch-Partenkirchen"},"content":{"rendered":"<p><strong>Sch\u00f6nes aus Fulda.<\/strong> Der Landkreis Fulda bietet vom 5. bis 11. Januar 2008 eine Winterfreizeit f\u00fcr Elf- bis Dreizehnj\u00e4hrige in der Jugendherberge in Garmisch-Partenkirchen an. Das Motto lautet \u201eDem Yeti auf der Spur\u201c. <!--more--><br \/>\nUnter anderem besteht Gelegenheit, die Trendsportart Schneeschuhwandern auszuprobieren. Sollte zu wenig Schnee f\u00fcr Winteraktivit\u00e4ten liegen, gibt es in und rund um Garmisch-Partenkirchen genug Alternativangebote: Wellenbad, das Olympia-Eissportzentrum sowie eine Kletterwand und einen Volleyballplatz direkt an der Jugendherberge.<\/p>\n<p>Die Freizeit findet bei jedem Wetter statt. Anmeldungen und Anfragen sind zu richten an den Kreisausschuss des Landkreises Fulda, Fachdienst Jugend, Familie, Sport, Ehrenamt, W\u00f6rthstra\u00dfe 15, 36037 Fulda, Tel.: 0661\/6006-427 oder 0661\/6006-486, E-Mail: <a href=\"mailto:jugend@landkreis-fulda.de\">jugend@landkreis-fulda.de<\/a><\/p>\n","protected":false},"excerpt":{"rendered":"<div class=\"tmnf_excerpt\"><p>Sch\u00f6nes aus Fulda. Der Landkreis Fulda bietet vom 5. bis 11. Januar 2008 eine Winterfreizeit f\u00fcr Elf- bis Dreizehnj\u00e4hrige in der Jugendherberge in Garmisch-Partenkirchen an. Das Motto lautet \u201eDem Yeti auf der Spur\u201c.<\/p>\n<\/div>","protected":false},"author":1,"featured_media":0,"comment_status":"closed","ping_status":"closed","sticky":false,"template":"","format":"standard","meta":{"footnotes":""},"categories":[1,72,46],"tags":[],"class_list":["post-6175","post","type-post","status-publish","format-standard","hentry","category-startseite","category-jugend","category-sport"],"_links":{"self":[{"href":"https:\/\/www.fuldaernachrichten.de\/index.php?rest_route=\/wp\/v2\/posts\/6175","targetHints":{"allow":["GET"]}}],"collection":[{"href":"https:\/\/www.fuldaernachrichten.de\/index.php?rest_route=\/wp\/v2\/posts"}],"about":[{"href":"https:\/\/www.fuldaernachrichten.de\/index.php?rest_route=\/wp\/v2\/types\/post"}],"author":[{"embeddable":true,"href":"https:\/\/www.fuldaernachrichten.de\/index.php?rest_route=\/wp\/v2\/users\/1"}],"replies":[{"embeddable":true,"href":"https:\/\/www.fuldaernachrichten.de\/index.php?rest_route=%2Fwp%2Fv2%2Fcomments&post=6175"}],"version-history":[{"count":0,"href":"https:\/\/www.fuldaernachrichten.de\/index.php?rest_route=\/wp\/v2\/posts\/6175\/revisions"}],"wp:attachment":[{"href":"https:\/\/www.fuldaernachrichten.de\/index.php?rest_route=%2Fwp%2Fv2%2Fmedia&parent=6175"}],"wp:term":[{"taxonomy":"category","embeddable":true,"href":"https:\/\/www.fuldaernachrichten.de\/index.php?rest_route=%2Fwp%2Fv2%2Fcategories&post=6175"},{"taxonomy":"post_tag","embeddable":true,"href":"https:\/\/www.fuldaernachrichten.de\/index.php?rest_route=%2Fwp%2Fv2%2Ftags&post=6175"}],"curies":[{"name":"wp","href":"https:\/\/api.w.org\/{rel}","templated":true}]}}