{"id":6170,"date":"2007-11-02T00:19:33","date_gmt":"2007-11-01T23:19:33","guid":{"rendered":"http:\/\/www.schoene-nachrichten.de\/?p=6170"},"modified":"2007-11-02T00:00:45","modified_gmt":"2007-11-01T23:00:45","slug":"quarz-feldspat-und-glimmer-das-vergess-ich-nimmer","status":"publish","type":"post","link":"https:\/\/www.fuldaernachrichten.de\/?p=6170","title":{"rendered":"\u201eQuarz, Feldspat und Glimmer, das vergess ich nimmer\u201c"},"content":{"rendered":"<p><strong>Sch\u00f6nes aus der Rh\u00f6n.<\/strong> Vom Baum, der Heilpflanze oder dem Vogel des Jahres haben alle schon einmal geh\u00f6rt. Es gibt aber auch einen \u201eStein des Jahres\u201c, der j\u00e4hrlich neu festgelegt wird. F\u00fcr 2007 wurde der Granit ausgew\u00e4hlt, ein magmatisches saures Tiefengestein, das im Wesentlichen aus den Mineralen Quarz, Feldspat und Glimmer besteht. Im Rahmen des \u201eTages der Geotope\u201c, der in diesem Jahr zum ersten Mal in der Rh\u00f6n veranstaltet wurde, gab es die M\u00f6glichkeit, mehr \u00fcber das Thema Geologie zu erfahren. <!--more--><\/p>\n<p>Zusammen mit Diplom-Geologin Anna Leonhard aus Eichenzell hat der Landkreis Fulda, Biosph\u00e4renreservat Rh\u00f6n, rund um den Tag der Geotope zwei zus\u00e4tzliche Veranstaltungen angeboten. Unter der \u00dcberschrift \u201eGeologie im Alltag\u201c erfuhren die zahlreichen Teilnehmer Wissenswertes \u00fcber die Bandbreite der geologischen Rohstoffe, die in unserem t\u00e4glichen Leben Verwendung finden, versteckt in Reinigungsmitteln, Papier oder Kosmetika. An einem Info-Stand am Groenhoff-Haus konnten sich die Besucher zuerst \u00fcber die Arten der Geotope und \u00fcber die ausgewiesenen Geotope in der Rh\u00f6n (die Blockhalde am Schafstein), in Hessen (die Grube Messel bei Darmstadt, das Felsenmeer im Odenwald und der Lahnmarmor bei Weilburg) und in der Bundesrepublik informieren.<\/p>\n<p>Zum Abschluss gab es eine F\u00fchrung zum Schafstein, bei der Anna Leonhard die Entstehungsgeschichte der Blockhalde, die Arten solcher Bildungen und die wissenschaftliche Erkenntnisse aus der Untersuchungen auf der Blockakkumulation erl\u00e4uterte. Martin Kremer, Sachgebietsleiter des Biosph\u00e4renreservates, zog ein positive Bilanz. Auch im kommenden Jahr soll das Thema Geologie wieder aufgegriffen werden. Das Aufzeigen der geologischen Besonderheiten der Rh\u00f6n stellt ein wichtiger Teilaspekt der Umweltbildung da. Weitere Informationen \u00fcber die deutschen Geotope unter <a href=\"http:\/\/www.geo-top.de\">www.geo-top.de<\/a>.<\/p>\n","protected":false},"excerpt":{"rendered":"<div class=\"tmnf_excerpt\"><p>Sch\u00f6nes aus der Rh\u00f6n. Vom Baum, der Heilpflanze oder dem Vogel des Jahres haben alle schon einmal geh\u00f6rt. Es gibt aber auch einen \u201eStein des Jahres\u201c, der j\u00e4hrlich neu festgelegt wird. F\u00fcr 2007 wurde der Granit ausgew\u00e4hlt, ein magmatisches saures Tiefengestein, das im Wesentlichen aus den Mineralen Quarz, Feldspat und Glimmer besteht. Im Rahmen des &hellip;<\/p>\n<\/div>","protected":false},"author":1,"featured_media":0,"comment_status":"closed","ping_status":"closed","sticky":false,"template":"","format":"standard","meta":{"footnotes":""},"categories":[1,52,48],"tags":[],"class_list":["post-6170","post","type-post","status-publish","format-standard","hentry","category-startseite","category-umwelt","category-forschung"],"_links":{"self":[{"href":"https:\/\/www.fuldaernachrichten.de\/index.php?rest_route=\/wp\/v2\/posts\/6170","targetHints":{"allow":["GET"]}}],"collection":[{"href":"https:\/\/www.fuldaernachrichten.de\/index.php?rest_route=\/wp\/v2\/posts"}],"about":[{"href":"https:\/\/www.fuldaernachrichten.de\/index.php?rest_route=\/wp\/v2\/types\/post"}],"author":[{"embeddable":true,"href":"https:\/\/www.fuldaernachrichten.de\/index.php?rest_route=\/wp\/v2\/users\/1"}],"replies":[{"embeddable":true,"href":"https:\/\/www.fuldaernachrichten.de\/index.php?rest_route=%2Fwp%2Fv2%2Fcomments&post=6170"}],"version-history":[{"count":0,"href":"https:\/\/www.fuldaernachrichten.de\/index.php?rest_route=\/wp\/v2\/posts\/6170\/revisions"}],"wp:attachment":[{"href":"https:\/\/www.fuldaernachrichten.de\/index.php?rest_route=%2Fwp%2Fv2%2Fmedia&parent=6170"}],"wp:term":[{"taxonomy":"category","embeddable":true,"href":"https:\/\/www.fuldaernachrichten.de\/index.php?rest_route=%2Fwp%2Fv2%2Fcategories&post=6170"},{"taxonomy":"post_tag","embeddable":true,"href":"https:\/\/www.fuldaernachrichten.de\/index.php?rest_route=%2Fwp%2Fv2%2Ftags&post=6170"}],"curies":[{"name":"wp","href":"https:\/\/api.w.org\/{rel}","templated":true}]}}