{"id":6166,"date":"2007-10-31T16:15:50","date_gmt":"2007-10-31T15:15:50","guid":{"rendered":"http:\/\/www.schoene-nachrichten.de\/?p=6166"},"modified":"2007-10-31T16:15:50","modified_gmt":"2007-10-31T15:15:50","slug":"neue-kfz-werkstatt-an-der-ferdinand-braun-schule-eingeweiht","status":"publish","type":"post","link":"https:\/\/www.fuldaernachrichten.de\/?p=6166","title":{"rendered":"Neue KFZ-Werkstatt an der Ferdinand-Braun-Schule eingeweiht"},"content":{"rendered":"<p><strong>Sch\u00f6nes aus Fulda.<\/strong>\u00c2\u00a0Die Sch\u00fcler und Lehrer der\u00c2\u00a0 Ferdinand-Braun-Schule Fulda hatten heute doppelten Grund zur Freude: Zum einen konnte der neue Anbau an die KFZ-Werkstatt eingeweiht werden, zum anderen wurde f\u00fcr den praxisnahen und zeitgem\u00e4\u00dfen Unterricht auch noch ein nagelneuer 330er BMW \u00fcbergeben.\u00c2\u00a0<br \/>\n<strong><br \/>\nFotos (39):<\/strong> Sandra G\u00fcnther<\/p>\n<p><a rel=\"lightbox[roadtrip]\" target=\"_blank\" href=\"http:\/\/www.schoene-nachrichten.de\/wp-content\/uploads\/2007\/10\/071031_BMW_35.jpg\" title=\"Foto: Sandra G\u00fcnther\"><img decoding=\"async\" width=\"128\" src=\"http:\/\/www.schoene-nachrichten.de\/wp-content\/uploads\/2007\/10\/071031_BMW_35.thumbnail.jpg\" alt=\"071031_BMW_35.jpg\" \/><\/a>\u00c2\u00a0<a rel=\"lightbox[roadtrip]\" target=\"_blank\" href=\"http:\/\/www.schoene-nachrichten.de\/wp-content\/uploads\/2007\/10\/071031_BMW_26.jpg\" title=\"Foto: Sandra G\u00fcnther\"><img decoding=\"async\" width=\"128\" src=\"http:\/\/www.schoene-nachrichten.de\/wp-content\/uploads\/2007\/10\/071031_BMW_26.thumbnail.jpg\" alt=\"071031_BMW_26.jpg\" \/><\/a>\u00c2\u00a0<a rel=\"lightbox[roadtrip]\" target=\"_blank\" href=\"http:\/\/www.schoene-nachrichten.de\/wp-content\/uploads\/2007\/10\/071031_BMW_28.jpg\" title=\"Foto: Sandra G\u00fcnther\"><img decoding=\"async\" width=\"128\" src=\"http:\/\/www.schoene-nachrichten.de\/wp-content\/uploads\/2007\/10\/071031_BMW_28.thumbnail.jpg\" alt=\"071031_BMW_28.jpg\" \/><\/a><\/p>\n<p><a rel=\"lightbox[roadtrip]\" target=\"_blank\" href=\"http:\/\/www.schoene-nachrichten.de\/wp-content\/uploads\/2007\/10\/071031_BMW_15.jpg\" title=\"Foto: Sandra G\u00fcnther\"><img decoding=\"async\" width=\"128\" src=\"http:\/\/www.schoene-nachrichten.de\/wp-content\/uploads\/2007\/10\/071031_BMW_15.thumbnail.jpg\" alt=\"071031_BMW_15.jpg\" \/><\/a>\u00c2\u00a0<a rel=\"lightbox[roadtrip]\" target=\"_blank\" href=\"http:\/\/www.schoene-nachrichten.de\/wp-content\/uploads\/2007\/10\/071031_BMW_11.jpg\" title=\"Foto: Sandra G\u00fcnther\"><img decoding=\"async\" width=\"128\" src=\"http:\/\/www.schoene-nachrichten.de\/wp-content\/uploads\/2007\/10\/071031_BMW_11.thumbnail.jpg\" alt=\"071031_BMW_11.jpg\" \/><\/a> <a rel=\"lightbox[roadtrip]\" target=\"_blank\" href=\"http:\/\/www.schoene-nachrichten.de\/wp-content\/uploads\/2007\/10\/071031_BMW_20.jpg\" title=\"Foto: Sandra G\u00fcnther\"><img decoding=\"async\" width=\"128\" src=\"http:\/\/www.schoene-nachrichten.de\/wp-content\/uploads\/2007\/10\/071031_BMW_20.thumbnail.jpg\" alt=\"071031_BMW_20.jpg\" \/><\/a><\/p>\n<p><!--more-->Peter Enders, Chef des Fuldaer Autohauses Krah + Enders, \u00fcbergab den Autoschl\u00fcssel an Schulleiter Ekkehard Kratzer. Der bedankte sich herzlich f\u00fcr den rund 55.000 Euro teuren Neuwagen, der die moderne Ausstattung des Anbaus komplettiert.<\/p>\n<p><a rel=\"lightbox[roadtrip]\" target=\"_blank\" href=\"http:\/\/www.schoene-nachrichten.de\/wp-content\/uploads\/2007\/10\/071031_BMW_01.jpg\" title=\"Foto: Sandra G\u00fcnther\"><img decoding=\"async\" width=\"128\" src=\"http:\/\/www.schoene-nachrichten.de\/wp-content\/uploads\/2007\/10\/071031_BMW_01.thumbnail.jpg\" alt=\"071031_BMW_01.jpg\" \/><\/a> <a rel=\"lightbox[roadtrip]\" target=\"_blank\" href=\"http:\/\/www.schoene-nachrichten.de\/wp-content\/uploads\/2007\/10\/071031_BMW_02.jpg\" title=\"Foto: Sandra G\u00fcnther\"><img decoding=\"async\" width=\"128\" src=\"http:\/\/www.schoene-nachrichten.de\/wp-content\/uploads\/2007\/10\/071031_BMW_02.thumbnail.jpg\" alt=\"071031_BMW_02.jpg\" \/><\/a> <a rel=\"lightbox[roadtrip]\" target=\"_blank\" href=\"http:\/\/www.schoene-nachrichten.de\/wp-content\/uploads\/2007\/10\/071031_BMW_03.jpg\" title=\"Foto: Sandra G\u00fcnther\"><img decoding=\"async\" width=\"128\" src=\"http:\/\/www.schoene-nachrichten.de\/wp-content\/uploads\/2007\/10\/071031_BMW_03.thumbnail.jpg\" alt=\"071031_BMW_03.jpg\" \/><\/a><\/p>\n<p><a rel=\"lightbox[roadtrip]\" target=\"_blank\" href=\"http:\/\/www.schoene-nachrichten.de\/wp-content\/uploads\/2007\/10\/071031_BMW_04.jpg\" title=\"Foto: Sandra G\u00fcnther\"><img decoding=\"async\" width=\"128\" src=\"http:\/\/www.schoene-nachrichten.de\/wp-content\/uploads\/2007\/10\/071031_BMW_04.thumbnail.jpg\" alt=\"071031_BMW_04.jpg\" \/><\/a> <a rel=\"lightbox[roadtrip]\" target=\"_blank\" href=\"http:\/\/www.schoene-nachrichten.de\/wp-content\/uploads\/2007\/10\/071031_BMW_05.jpg\" title=\"Foto: Sandra G\u00fcnther\"><img decoding=\"async\" width=\"128\" src=\"http:\/\/www.schoene-nachrichten.de\/wp-content\/uploads\/2007\/10\/071031_BMW_05.thumbnail.jpg\" alt=\"071031_BMW_05.jpg\" \/><\/a> <a rel=\"lightbox[roadtrip]\" target=\"_blank\" href=\"http:\/\/www.schoene-nachrichten.de\/wp-content\/uploads\/2007\/10\/071031_BMW_06.jpg\" title=\"Foto: Sandra G\u00fcnther\"><img decoding=\"async\" width=\"128\" src=\"http:\/\/www.schoene-nachrichten.de\/wp-content\/uploads\/2007\/10\/071031_BMW_06.thumbnail.jpg\" alt=\"071031_BMW_06.jpg\" \/><\/a><\/p>\n<p>\u201eDurch die Modernisierung der Ausstattung k\u00f6nnen wir den gewandelten Anforderungen der Ausbildung bei den fahrzeugtechnischen Berufen gerecht werden\u201c, sagte Kratzer. Dank einer Finanzspritze der Kreishandwerkerschaft in H\u00f6he von 1.800 Euro wird es demn\u00e4chst weitere neue Ger\u00e4te in der Werkstatt geben. Ein entsprechender Scheck wurde von Dietmar Weidenb\u00f6rner, stellvertretender Gesch\u00e4ftsf\u00fchrer der Kreishandwerkerschaft, \u00fcbergeben.<\/p>\n<p><a rel=\"lightbox[roadtrip]\" target=\"_blank\" href=\"http:\/\/www.schoene-nachrichten.de\/wp-content\/uploads\/2007\/10\/071031_BMW_07.jpg\" title=\"Foto: Sandra G\u00fcnther\"><img decoding=\"async\" width=\"128\" src=\"http:\/\/www.schoene-nachrichten.de\/wp-content\/uploads\/2007\/10\/071031_BMW_07.thumbnail.jpg\" alt=\"071031_BMW_07.jpg\" \/><\/a> <a rel=\"lightbox[roadtrip]\" target=\"_blank\" href=\"http:\/\/www.schoene-nachrichten.de\/wp-content\/uploads\/2007\/10\/071031_BMW_08.jpg\" title=\"Foto: Sandra G\u00fcnther\"><img decoding=\"async\" width=\"128\" src=\"http:\/\/www.schoene-nachrichten.de\/wp-content\/uploads\/2007\/10\/071031_BMW_08.thumbnail.jpg\" alt=\"071031_BMW_08.jpg\" \/><\/a> <a rel=\"lightbox[roadtrip]\" target=\"_blank\" href=\"http:\/\/www.schoene-nachrichten.de\/wp-content\/uploads\/2007\/10\/071031_BMW_09.jpg\" title=\"Foto: Sandra G\u00fcnther\"><img decoding=\"async\" width=\"128\" src=\"http:\/\/www.schoene-nachrichten.de\/wp-content\/uploads\/2007\/10\/071031_BMW_09.thumbnail.jpg\" alt=\"071031_BMW_09.jpg\" \/><\/a><\/p>\n<p><a rel=\"lightbox[roadtrip]\" target=\"_blank\" href=\"http:\/\/www.schoene-nachrichten.de\/wp-content\/uploads\/2007\/10\/071031_BMW_10.jpg\" title=\"Foto: Sandra G\u00fcnther\"><img decoding=\"async\" width=\"128\" src=\"http:\/\/www.schoene-nachrichten.de\/wp-content\/uploads\/2007\/10\/071031_BMW_10.thumbnail.jpg\" alt=\"071031_BMW_10.jpg\" \/><\/a>\u00c2\u00a0<a rel=\"lightbox[roadtrip]\" target=\"_blank\" href=\"http:\/\/www.schoene-nachrichten.de\/wp-content\/uploads\/2007\/10\/071031_BMW_12.jpg\" title=\"Foto: Sandra G\u00fcnther\"><img decoding=\"async\" width=\"128\" src=\"http:\/\/www.schoene-nachrichten.de\/wp-content\/uploads\/2007\/10\/071031_BMW_12.thumbnail.jpg\" alt=\"071031_BMW_12.jpg\" \/><\/a> <a rel=\"lightbox[roadtrip]\" target=\"_blank\" href=\"http:\/\/www.schoene-nachrichten.de\/wp-content\/uploads\/2007\/10\/071031_BMW_13.jpg\" title=\"Foto: Sandra G\u00fcnther\"><img decoding=\"async\" width=\"128\" src=\"http:\/\/www.schoene-nachrichten.de\/wp-content\/uploads\/2007\/10\/071031_BMW_13.thumbnail.jpg\" alt=\"071031_BMW_13.jpg\" \/><\/a><\/p>\n<p>Die R\u00e4umlichkeiten wurden von Pfarrerin Ute Kohl, Horst Conze und Kaplan Jens Clobes von der Pfarrei St. Peter gesegnet. Zur Einweihung waren neben Sch\u00fclern und Lehrern auch Vertreter aus Wirtschaft und Politik \u2013 darunter Oberb\u00fcrgermeister Gerhard M\u00f6ller \u2013 gekommen. Der Anbau, der rund 260.000 Euro gekostet hat, wurde innerhalb eines Jahres realisiert. (sg\/hey)<\/p>\n<p><a rel=\"lightbox[roadtrip]\" target=\"_blank\" href=\"http:\/\/www.schoene-nachrichten.de\/wp-content\/uploads\/2007\/10\/071031_BMW_16.jpg\" title=\"Foto: Sandra G\u00fcnther\"><img decoding=\"async\" width=\"128\" src=\"http:\/\/www.schoene-nachrichten.de\/wp-content\/uploads\/2007\/10\/071031_BMW_16.thumbnail.jpg\" alt=\"071031_BMW_16.jpg\" \/><\/a> <a rel=\"lightbox[roadtrip]\" target=\"_blank\" href=\"http:\/\/www.schoene-nachrichten.de\/wp-content\/uploads\/2007\/10\/071031_BMW_17.jpg\" title=\"Foto: Sandra G\u00fcnther\"><img decoding=\"async\" width=\"128\" src=\"http:\/\/www.schoene-nachrichten.de\/wp-content\/uploads\/2007\/10\/071031_BMW_17.thumbnail.jpg\" alt=\"071031_BMW_17.jpg\" \/><\/a> <a rel=\"lightbox[roadtrip]\" target=\"_blank\" href=\"http:\/\/www.schoene-nachrichten.de\/wp-content\/uploads\/2007\/10\/071031_BMW_18.jpg\" title=\"Foto: Sandra G\u00fcnther\"><img decoding=\"async\" width=\"128\" src=\"http:\/\/www.schoene-nachrichten.de\/wp-content\/uploads\/2007\/10\/071031_BMW_18.thumbnail.jpg\" alt=\"071031_BMW_18.jpg\" \/><\/a><\/p>\n<p><a rel=\"lightbox[roadtrip]\" target=\"_blank\" href=\"http:\/\/www.schoene-nachrichten.de\/wp-content\/uploads\/2007\/10\/071031_BMW_19.jpg\" title=\"Foto: Sandra G\u00fcnther\"><img decoding=\"async\" width=\"128\" src=\"http:\/\/www.schoene-nachrichten.de\/wp-content\/uploads\/2007\/10\/071031_BMW_19.thumbnail.jpg\" alt=\"071031_BMW_19.jpg\" \/><\/a>\u00c2\u00a0<a rel=\"lightbox[roadtrip]\" target=\"_blank\" href=\"http:\/\/www.schoene-nachrichten.de\/wp-content\/uploads\/2007\/10\/071031_BMW_21.jpg\" title=\"Foto: Sandra G\u00fcnther\"><img decoding=\"async\" width=\"128\" src=\"http:\/\/www.schoene-nachrichten.de\/wp-content\/uploads\/2007\/10\/071031_BMW_21.thumbnail.jpg\" alt=\"071031_BMW_21.jpg\" \/><\/a> <a rel=\"lightbox[roadtrip]\" target=\"_blank\" href=\"http:\/\/www.schoene-nachrichten.de\/wp-content\/uploads\/2007\/10\/071031_BMW_14.jpg\" title=\"Foto: Sandra G\u00fcnther\"><img decoding=\"async\" width=\"128\" src=\"http:\/\/www.schoene-nachrichten.de\/wp-content\/uploads\/2007\/10\/071031_BMW_14.thumbnail.jpg\" alt=\"071031_BMW_14.jpg\" \/><\/a><\/p>\n<p><a rel=\"lightbox[roadtrip]\" target=\"_blank\" href=\"http:\/\/www.schoene-nachrichten.de\/wp-content\/uploads\/2007\/10\/071031_BMW_22.jpg\" title=\"Foto: Sandra G\u00fcnther\"><img decoding=\"async\" width=\"128\" src=\"http:\/\/www.schoene-nachrichten.de\/wp-content\/uploads\/2007\/10\/071031_BMW_22.thumbnail.jpg\" alt=\"071031_BMW_22.jpg\" \/><\/a> <a rel=\"lightbox[roadtrip]\" target=\"_blank\" href=\"http:\/\/www.schoene-nachrichten.de\/wp-content\/uploads\/2007\/10\/071031_BMW_23.jpg\" title=\"Foto: Sandra G\u00fcnther\"><img decoding=\"async\" width=\"128\" src=\"http:\/\/www.schoene-nachrichten.de\/wp-content\/uploads\/2007\/10\/071031_BMW_23.thumbnail.jpg\" alt=\"071031_BMW_23.jpg\" \/><\/a> <a rel=\"lightbox[roadtrip]\" target=\"_blank\" href=\"http:\/\/www.schoene-nachrichten.de\/wp-content\/uploads\/2007\/10\/071031_BMW_24.jpg\" title=\"Foto: Sandra G\u00fcnther\"><img decoding=\"async\" width=\"128\" src=\"http:\/\/www.schoene-nachrichten.de\/wp-content\/uploads\/2007\/10\/071031_BMW_24.thumbnail.jpg\" alt=\"071031_BMW_24.jpg\" \/><\/a><\/p>\n<p><a rel=\"lightbox[roadtrip]\" target=\"_blank\" href=\"http:\/\/www.schoene-nachrichten.de\/wp-content\/uploads\/2007\/10\/071031_BMW_25.jpg\" title=\"Foto: Sandra G\u00fcnther\"><img decoding=\"async\" width=\"128\" src=\"http:\/\/www.schoene-nachrichten.de\/wp-content\/uploads\/2007\/10\/071031_BMW_25.thumbnail.jpg\" alt=\"071031_BMW_25.jpg\" \/><\/a>\u00c2\u00a0<a rel=\"lightbox[roadtrip]\" target=\"_blank\" href=\"http:\/\/www.schoene-nachrichten.de\/wp-content\/uploads\/2007\/10\/071031_BMW_27.jpg\" title=\"Foto: Sandra G\u00fcnther\"><img decoding=\"async\" width=\"128\" src=\"http:\/\/www.schoene-nachrichten.de\/wp-content\/uploads\/2007\/10\/071031_BMW_27.thumbnail.jpg\" alt=\"071031_BMW_27.jpg\" \/><\/a> <a rel=\"lightbox[roadtrip]\" target=\"_blank\" href=\"http:\/\/www.schoene-nachrichten.de\/wp-content\/uploads\/2007\/10\/071031_BMW_29.jpg\" title=\"Foto: Sandra G\u00fcnther\"><img decoding=\"async\" width=\"128\" src=\"http:\/\/www.schoene-nachrichten.de\/wp-content\/uploads\/2007\/10\/071031_BMW_29.thumbnail.jpg\" alt=\"071031_BMW_29.jpg\" \/><\/a><\/p>\n<p><a rel=\"lightbox[roadtrip]\" target=\"_blank\" href=\"http:\/\/www.schoene-nachrichten.de\/wp-content\/uploads\/2007\/10\/071031_BMW_31.jpg\" title=\"Foto: Sandra G\u00fcnther\"><img decoding=\"async\" width=\"128\" src=\"http:\/\/www.schoene-nachrichten.de\/wp-content\/uploads\/2007\/10\/071031_BMW_31.thumbnail.jpg\" alt=\"071031_BMW_31.jpg\" \/><\/a> <a rel=\"lightbox[roadtrip]\" target=\"_blank\" href=\"http:\/\/www.schoene-nachrichten.de\/wp-content\/uploads\/2007\/10\/071031_BMW_32.jpg\" title=\"Foto: Sandra G\u00fcnther\"><img decoding=\"async\" width=\"128\" src=\"http:\/\/www.schoene-nachrichten.de\/wp-content\/uploads\/2007\/10\/071031_BMW_32.thumbnail.jpg\" alt=\"071031_BMW_32.jpg\" \/><\/a> <a rel=\"lightbox[roadtrip]\" target=\"_blank\" href=\"http:\/\/www.schoene-nachrichten.de\/wp-content\/uploads\/2007\/10\/071031_BMW_33.jpg\" title=\"Foto: Sandra G\u00fcnther\"><img decoding=\"async\" width=\"128\" src=\"http:\/\/www.schoene-nachrichten.de\/wp-content\/uploads\/2007\/10\/071031_BMW_33.thumbnail.jpg\" alt=\"071031_BMW_33.jpg\" \/><\/a><\/p>\n<p><a rel=\"lightbox[roadtrip]\" target=\"_blank\" href=\"http:\/\/www.schoene-nachrichten.de\/wp-content\/uploads\/2007\/10\/071031_BMW_34.jpg\" title=\"Foto: Sandra G\u00fcnther\"><img decoding=\"async\" width=\"128\" src=\"http:\/\/www.schoene-nachrichten.de\/wp-content\/uploads\/2007\/10\/071031_BMW_34.thumbnail.jpg\" alt=\"071031_BMW_34.jpg\" \/><\/a>\u00c2\u00a0<a rel=\"lightbox[roadtrip]\" target=\"_blank\" href=\"http:\/\/www.schoene-nachrichten.de\/wp-content\/uploads\/2007\/10\/071031_BMW_36.jpg\" title=\"Foto: Sandra G\u00fcnther\"><img decoding=\"async\" width=\"128\" src=\"http:\/\/www.schoene-nachrichten.de\/wp-content\/uploads\/2007\/10\/071031_BMW_36.thumbnail.jpg\" alt=\"071031_BMW_36.jpg\" \/><\/a> <a rel=\"lightbox[roadtrip]\" target=\"_blank\" href=\"http:\/\/www.schoene-nachrichten.de\/wp-content\/uploads\/2007\/10\/071031_BMW_30.jpg\" title=\"Foto: Sandra G\u00fcnther\"><img decoding=\"async\" width=\"128\" src=\"http:\/\/www.schoene-nachrichten.de\/wp-content\/uploads\/2007\/10\/071031_BMW_30.thumbnail.jpg\" alt=\"071031_BMW_30.jpg\" \/><\/a><\/p>\n<p><a rel=\"lightbox[roadtrip]\" target=\"_blank\" href=\"http:\/\/www.schoene-nachrichten.de\/wp-content\/uploads\/2007\/10\/071031_BMW_37.jpg\" title=\"Foto: Sandra G\u00fcnther\"><img decoding=\"async\" width=\"128\" src=\"http:\/\/www.schoene-nachrichten.de\/wp-content\/uploads\/2007\/10\/071031_BMW_37.thumbnail.jpg\" alt=\"071031_BMW_37.jpg\" \/><\/a> <a rel=\"lightbox[roadtrip]\" target=\"_blank\" href=\"http:\/\/www.schoene-nachrichten.de\/wp-content\/uploads\/2007\/10\/071031_BMW_38.jpg\" title=\"Foto: Sandra G\u00fcnther\"><img decoding=\"async\" width=\"128\" src=\"http:\/\/www.schoene-nachrichten.de\/wp-content\/uploads\/2007\/10\/071031_BMW_38.thumbnail.jpg\" alt=\"071031_BMW_38.jpg\" \/><\/a> <a rel=\"lightbox[roadtrip]\" target=\"_blank\" href=\"http:\/\/www.schoene-nachrichten.de\/wp-content\/uploads\/2007\/10\/071031_BMW_39.jpg\" title=\"Foto: Sandra G\u00fcnther\"><img decoding=\"async\" width=\"128\" src=\"http:\/\/www.schoene-nachrichten.de\/wp-content\/uploads\/2007\/10\/071031_BMW_39.thumbnail.jpg\" alt=\"071031_BMW_39.jpg\" \/><\/a><\/p>\n","protected":false},"excerpt":{"rendered":"<div class=\"tmnf_excerpt\"><p>Sch\u00f6nes aus Fulda.\u00c2\u00a0Die Sch\u00fcler und Lehrer der\u00c2\u00a0 Ferdinand-Braun-Schule Fulda hatten heute doppelten Grund zur Freude: Zum einen konnte der neue Anbau an die KFZ-Werkstatt eingeweiht werden, zum anderen wurde f\u00fcr den praxisnahen und zeitgem\u00e4\u00dfen Unterricht auch noch ein nagelneuer 330er BMW \u00fcbergeben.\u00c2\u00a0 Fotos (39): Sandra G\u00fcnther \u00c2\u00a0\u00c2\u00a0 \u00c2\u00a0<\/p>\n<\/div>","protected":false},"author":1,"featured_media":0,"comment_status":"closed","ping_status":"closed","sticky":false,"template":"","format":"standard","meta":{"footnotes":""},"categories":[1,35,54,53,72],"tags":[],"class_list":["post-6166","post","type-post","status-publish","format-standard","hentry","category-startseite","category-auto","category-bildergalerien","category-bildung","category-jugend"],"_links":{"self":[{"href":"https:\/\/www.fuldaernachrichten.de\/index.php?rest_route=\/wp\/v2\/posts\/6166","targetHints":{"allow":["GET"]}}],"collection":[{"href":"https:\/\/www.fuldaernachrichten.de\/index.php?rest_route=\/wp\/v2\/posts"}],"about":[{"href":"https:\/\/www.fuldaernachrichten.de\/index.php?rest_route=\/wp\/v2\/types\/post"}],"author":[{"embeddable":true,"href":"https:\/\/www.fuldaernachrichten.de\/index.php?rest_route=\/wp\/v2\/users\/1"}],"replies":[{"embeddable":true,"href":"https:\/\/www.fuldaernachrichten.de\/index.php?rest_route=%2Fwp%2Fv2%2Fcomments&post=6166"}],"version-history":[{"count":0,"href":"https:\/\/www.fuldaernachrichten.de\/index.php?rest_route=\/wp\/v2\/posts\/6166\/revisions"}],"wp:attachment":[{"href":"https:\/\/www.fuldaernachrichten.de\/index.php?rest_route=%2Fwp%2Fv2%2Fmedia&parent=6166"}],"wp:term":[{"taxonomy":"category","embeddable":true,"href":"https:\/\/www.fuldaernachrichten.de\/index.php?rest_route=%2Fwp%2Fv2%2Fcategories&post=6166"},{"taxonomy":"post_tag","embeddable":true,"href":"https:\/\/www.fuldaernachrichten.de\/index.php?rest_route=%2Fwp%2Fv2%2Ftags&post=6166"}],"curies":[{"name":"wp","href":"https:\/\/api.w.org\/{rel}","templated":true}]}}