{"id":61545,"date":"2010-06-09T02:43:27","date_gmt":"2010-06-09T00:43:27","guid":{"rendered":"http:\/\/www.fuldaer-nachrichten.de\/?p=61545"},"modified":"2010-06-09T11:43:35","modified_gmt":"2010-06-09T09:43:35","slug":"neues-fahrzeug-fuer-die-freiwillige-feuerwehr-rothenkirchen","status":"publish","type":"post","link":"https:\/\/www.fuldaernachrichten.de\/?p=61545","title":{"rendered":"Neues Fahrzeug f\u00fcr die Freiwillige Feuerwehr Rothenkirchen"},"content":{"rendered":"<p><strong><a href=\"http:\/\/www.fuldaer-nachrichten.de\/wp-content\/uploads\/2010\/06\/100609_Feuerwehr.jpg\"><img fetchpriority=\"high\" decoding=\"async\" class=\"alignleft size-thumbnail wp-image-61546\" title=\"100609_Feuerwehr\" src=\"http:\/\/www.fuldaer-nachrichten.de\/wp-content\/uploads\/2010\/06\/100609_Feuerwehr-265x198.jpg\" alt=\"100609_Feuerwehr\" width=\"265\" height=\"198\" srcset=\"https:\/\/www.fuldaernachrichten.de\/wp-content\/uploads\/2010\/06\/100609_Feuerwehr-265x198.jpg 265w, https:\/\/www.fuldaernachrichten.de\/wp-content\/uploads\/2010\/06\/100609_Feuerwehr.jpg 592w\" sizes=\"(max-width: 265px) 100vw, 265px\" \/><\/a>Burghaun.<\/strong> Mit Freude konnte B\u00fcrgermeister Alexander Hohmann am vergangenen Sonntag das neue Fahrzeug TSF-W an die Freiwillige Feuerwehr Rothenkirchen \u00fcbergeben. Zu diesem Anlass begr\u00fc\u00dfte er gemeinsam mit dem Rothenkirchener Wehrf\u00fchrer Tobias Giesick zahlreiche G\u00e4ste und Besucher. Nach der neuen Unterkunft hat die FFW Rothenkirchen nun auch ein modernes Fahrzeug, welches auf dem neuesten Stand ist. Neben einer Schnellangriffseinrichtung verf\u00fcgt das TSF-W auch \u00fcber einen Wassertank mit einem Fassungsverm\u00f6gen von 750 Liter sowie einer Umr\u00fcstungsleiter auf dem Dach. Des Weiteren gibt es zahlreiche Zusatzbeladungen wie Lichtmast, Elektrik-Aggregat und Motors\u00e4ge incl. Zubeh\u00f6r.<!--more--><\/p>\n<p>\u201eIn solch einem Fahrzeug macht das \u00dcben und Ausbilden Spa\u00df. Hier kann man junge Feuerwehrmitglieder motivieren mitzumachen und man kann sich im Einzelfall sicher sein, dass sich niemand durch veraltete Technik in Gefahr begibt. Die Sicherstellung des Brandschutzes und der technischen Hilfeleistungen durch die freiwilligen Feuerwehren der Marktgemeinde Burghaun ist eine Pflichtaufgaben der Kommune\u201c, so Alexander Hohmann in seiner Ansprache.<\/p>\n<p><a href=\"http:\/\/www.fuldaer-nachrichten.de\/wp-content\/uploads\/2010\/06\/100609_Feuerwehr2.jpg\"><img decoding=\"async\" class=\"alignleft size-thumbnail wp-image-61548\" title=\"100609_Feuerwehr2\" src=\"http:\/\/www.fuldaer-nachrichten.de\/wp-content\/uploads\/2010\/06\/100609_Feuerwehr2-265x198.jpg\" alt=\"100609_Feuerwehr2\" width=\"265\" height=\"198\" srcset=\"https:\/\/www.fuldaernachrichten.de\/wp-content\/uploads\/2010\/06\/100609_Feuerwehr2-265x198.jpg 265w, https:\/\/www.fuldaernachrichten.de\/wp-content\/uploads\/2010\/06\/100609_Feuerwehr2.jpg 592w\" sizes=\"(max-width: 265px) 100vw, 265px\" \/><\/a>Nachdem im Dezember 2007 der Antrag auf Zuwendung f\u00fcr ein neues Feuerwehrfahrzeug an den Landkreis Fulda gestellt wurde, ist dieser Zuschuss i.H.v. \u00e2\u201a\u00ac 30.000,- im Februar 2008 mit der Landesbeschaffung des Fahrgestells genehmigt worden. Im Juni 2009 erging die Beschlussfassung des Gemeindevorstands \u00fcber den Aufbau als TSF-W an die Firma Schlingmann. Im November des gleichen Jahres wurde dann die Lieferung einer Tragkraftspritze durch die Firma M\u00f6ller in Steinau beschlossen. Die Gesamtkosten f\u00fcr den Aufbau befinden sich mit rund \u00e2\u201a\u00ac 50.000,- im beschlossenen Kostenrahmen.<\/p>\n<p>B\u00fcrgermeister Hohmann bedankte sich bei dem 1. Vorsitzenden des Feuerwehr- Vereins Volker Schindewolf und dem GBI Christian Werthm\u00fcller f\u00fcr die gute und konstruktive Zusammenarbeit im Rahmen der Fahrzeugplanung und Beschaffung sowie dem gro\u00dfen finanziellen Einsatz des Feuerwehrvereins bei der Ausstattung des Fahrzeugs. Sein Dank galt auch den an der Einweihungsbeteiligten Vereinen, im Besonderen dem MGV Rothenkirchen, der den Festakt musikalisch umrahmte.<\/p>\n<p>Nach der Segnung durch die beiden Burghauner Pfarrer Gerhard Bug, f\u00fcr die katholische Kirche und J\u00f6rg Hammel, f\u00fcr die evangelische Kirche, waren alle G\u00e4ste noch zu einem gem\u00fctlichen Beisammensein eingeladen.<\/p>\n","protected":false},"excerpt":{"rendered":"<div class=\"tmnf_excerpt\"><p>Burghaun. Mit Freude konnte B\u00fcrgermeister Alexander Hohmann am vergangenen Sonntag das neue Fahrzeug TSF-W an die Freiwillige Feuerwehr Rothenkirchen \u00fcbergeben. Zu diesem Anlass begr\u00fc\u00dfte er gemeinsam mit dem Rothenkirchener Wehrf\u00fchrer Tobias Giesick zahlreiche G\u00e4ste und Besucher. Nach der neuen Unterkunft hat die FFW Rothenkirchen nun auch ein modernes Fahrzeug, welches auf dem neuesten Stand ist. &hellip;<\/p>\n<\/div>","protected":false},"author":1,"featured_media":0,"comment_status":"closed","ping_status":"closed","sticky":false,"template":"","format":"standard","meta":{"footnotes":""},"categories":[1,71],"tags":[],"class_list":["post-61545","post","type-post","status-publish","format-standard","hentry","category-startseite","category-feuerwehr"],"_links":{"self":[{"href":"https:\/\/www.fuldaernachrichten.de\/index.php?rest_route=\/wp\/v2\/posts\/61545","targetHints":{"allow":["GET"]}}],"collection":[{"href":"https:\/\/www.fuldaernachrichten.de\/index.php?rest_route=\/wp\/v2\/posts"}],"about":[{"href":"https:\/\/www.fuldaernachrichten.de\/index.php?rest_route=\/wp\/v2\/types\/post"}],"author":[{"embeddable":true,"href":"https:\/\/www.fuldaernachrichten.de\/index.php?rest_route=\/wp\/v2\/users\/1"}],"replies":[{"embeddable":true,"href":"https:\/\/www.fuldaernachrichten.de\/index.php?rest_route=%2Fwp%2Fv2%2Fcomments&post=61545"}],"version-history":[{"count":2,"href":"https:\/\/www.fuldaernachrichten.de\/index.php?rest_route=\/wp\/v2\/posts\/61545\/revisions"}],"predecessor-version":[{"id":61623,"href":"https:\/\/www.fuldaernachrichten.de\/index.php?rest_route=\/wp\/v2\/posts\/61545\/revisions\/61623"}],"wp:attachment":[{"href":"https:\/\/www.fuldaernachrichten.de\/index.php?rest_route=%2Fwp%2Fv2%2Fmedia&parent=61545"}],"wp:term":[{"taxonomy":"category","embeddable":true,"href":"https:\/\/www.fuldaernachrichten.de\/index.php?rest_route=%2Fwp%2Fv2%2Fcategories&post=61545"},{"taxonomy":"post_tag","embeddable":true,"href":"https:\/\/www.fuldaernachrichten.de\/index.php?rest_route=%2Fwp%2Fv2%2Ftags&post=61545"}],"curies":[{"name":"wp","href":"https:\/\/api.w.org\/{rel}","templated":true}]}}