{"id":615,"date":"2007-01-05T18:55:44","date_gmt":"2007-01-05T17:55:44","guid":{"rendered":"http:\/\/www.schoene-nachrichten.de\/?p=615"},"modified":"2007-01-05T19:55:19","modified_gmt":"2007-01-05T18:55:19","slug":"mdb-michael-brand-wirbt-fur-mehrgenerationenhaus","status":"publish","type":"post","link":"https:\/\/www.fuldaernachrichten.de\/?p=615","title":{"rendered":"MdB Michael Brand wirbt f\u00fcr Mehrgenerationenhaus"},"content":{"rendered":"<p><strong>Sch\u00f6nes aus Berlin.<\/strong> Der CDU-Bundestagsabgeordnete Michael Brand hat sich in einem Schreiben an Staatssekret\u00e4r Kues vom Bundesfamilienministerium f\u00fcr die F\u00f6rderung eines so genannten \u201eMehrfamilienhauses\u201c in Fulda stark gemacht.<\/p>\n<p>\u00c2\u00a0<\/p>\n<p><a title=\"Foto: privat\" href=\"http:\/\/www.schoene-nachrichten.de\/wp-content\/uploads\/2007\/01\/070105-josefsgarten.jpg\" target=\"_blank\"><img decoding=\"async\" id=\"image616\" height=\"85\" alt=\"070105-josefsgarten.jpg\" src=\"http:\/\/www.schoene-nachrichten.de\/wp-content\/uploads\/2007\/01\/070105-josefsgarten.thumbnail.jpg\" \/><\/a><\/p>\n<p>\u00c2\u00a0<\/p>\n<p><!--more--><\/p>\n<p>Brand, der bereits zuvor vor Ort in der Einrichtung \u201eJosefsgarten\u201c war, zeigte sich \u201evon der Einrichtung, vom Planungsstand und von der Vorbildfunktion f\u00fcr weitere solche Mehrgenerationenh\u00e4user sehr \u00fcberzeugt\u201c. Diese \u00dcberzeugung \u201evom richtigen Ansatz und Konzept\u201c habe er auch dem Staatssekret\u00e4r vermittelt.<\/p>\n<p>\u00c2\u00a0<\/p>\n<p>\u201eEs ist ein echter Schritt zur Verbindung der \u00e4lteren mit der j\u00fcngeren Generation, und das werden wir in Zukunft noch weit st\u00e4rker brauchen als schon heute\u201c, stellte Brand heraus, als er die Baustelle des \u201eWohnquartiers f\u00fcr Jung und Alt\u201c in Fulda besichtigte. Eine Entscheidung der Bundesregierung \u00fcber eine entsprechende F\u00f6rderung erwartet Brand in den n\u00e4chsten Monaten.<\/p>\n<p>\u00c2\u00a0<\/p>\n<p>Im Josefsgarten in Fulda entstehen in einem historischen Fabrikarbeiterheim nunmehr 16 barrierefreie Wohnungen im Geb\u00e4ude Rangstra\u00dfe (1. Bauabschnitt) und 24 Wohnungen in 4 ambulant betreuten Wohngruppen in der Von-Schildeck-Stra\u00dfe (2. Bauabschnitt). Die ersten Wohnungen sollen bereits Ende M\u00e4rz\/Anfang April 2007 bezugsfertig sein.<\/p>\n<p>\u00c2\u00a0<\/p>\n<p>Foto: Michael Brand MdB (links) zeigt gro\u00dfes Interesse am Wohnprojekt\u00c2\u00a0&#8220;Josefsgarten&#8221; in Fulda. Bauherr Willi Kropp (Bildmitte) und Gesch\u00e4ftsf\u00fchrer Dr. Stefan Arend erl\u00e4uterten die Konzeption des Mehrgenerationenwohnens.<\/p>\n","protected":false},"excerpt":{"rendered":"<div class=\"tmnf_excerpt\"><p>Sch\u00f6nes aus Berlin. Der CDU-Bundestagsabgeordnete Michael Brand hat sich in einem Schreiben an Staatssekret\u00e4r Kues vom Bundesfamilienministerium f\u00fcr die F\u00f6rderung eines so genannten \u201eMehrfamilienhauses\u201c in Fulda stark gemacht. \u00c2\u00a0 \u00c2\u00a0<\/p>\n<\/div>","protected":false},"author":1,"featured_media":0,"comment_status":"closed","ping_status":"closed","sticky":false,"template":"","format":"standard","meta":{"footnotes":""},"categories":[1,29],"tags":[],"class_list":["post-615","post","type-post","status-publish","format-standard","hentry","category-startseite","category-politik"],"_links":{"self":[{"href":"https:\/\/www.fuldaernachrichten.de\/index.php?rest_route=\/wp\/v2\/posts\/615","targetHints":{"allow":["GET"]}}],"collection":[{"href":"https:\/\/www.fuldaernachrichten.de\/index.php?rest_route=\/wp\/v2\/posts"}],"about":[{"href":"https:\/\/www.fuldaernachrichten.de\/index.php?rest_route=\/wp\/v2\/types\/post"}],"author":[{"embeddable":true,"href":"https:\/\/www.fuldaernachrichten.de\/index.php?rest_route=\/wp\/v2\/users\/1"}],"replies":[{"embeddable":true,"href":"https:\/\/www.fuldaernachrichten.de\/index.php?rest_route=%2Fwp%2Fv2%2Fcomments&post=615"}],"version-history":[{"count":0,"href":"https:\/\/www.fuldaernachrichten.de\/index.php?rest_route=\/wp\/v2\/posts\/615\/revisions"}],"wp:attachment":[{"href":"https:\/\/www.fuldaernachrichten.de\/index.php?rest_route=%2Fwp%2Fv2%2Fmedia&parent=615"}],"wp:term":[{"taxonomy":"category","embeddable":true,"href":"https:\/\/www.fuldaernachrichten.de\/index.php?rest_route=%2Fwp%2Fv2%2Fcategories&post=615"},{"taxonomy":"post_tag","embeddable":true,"href":"https:\/\/www.fuldaernachrichten.de\/index.php?rest_route=%2Fwp%2Fv2%2Ftags&post=615"}],"curies":[{"name":"wp","href":"https:\/\/api.w.org\/{rel}","templated":true}]}}