{"id":6140,"date":"2007-10-31T00:10:42","date_gmt":"2007-10-30T23:10:42","guid":{"rendered":"http:\/\/www.schoene-nachrichten.de\/?p=6140"},"modified":"2007-10-31T00:11:45","modified_gmt":"2007-10-30T23:11:45","slug":"buchausstellungen-von-katholisch-oeffentlichen-buechereien","status":"publish","type":"post","link":"https:\/\/www.fuldaernachrichten.de\/?p=6140","title":{"rendered":"Buchausstellungen von katholisch-\u00f6ffentlichen B\u00fcchereien"},"content":{"rendered":"<p><strong>Sch\u00f6nes aus Fulda.<\/strong> Die katholisch-\u00f6ffentlichen B\u00fcchereien im Bistum Fulda pr\u00e4sentieren im Oktober und November bei Ausstellungen in Pfarr- und Gemeindezentren attraktive und sinnvolle Buchgeschenke, Spiele, CDs und Musikkassetten, die jeder direkt in der B\u00fccherei erwerben kann. Ob Ratgeber und Kalender, Bastel- und Kochb\u00fccher, Bilderb\u00fccher oder Lernspiele \u2013 f\u00fcr jedes Alter und jeden Geschmack ist etwas zu finden. <!--more--><\/p>\n<p>Selbstverst\u00e4ndlich sind auch die neuesten Bestseller \u2013 gebunden oder als Taschenbuch \u2013 dabei. Die Ausstellungen, die seit vielen Jahren regelm\u00e4\u00dfig im Herbst und in der Vorweihnachtszeit im ganzen Bistum stattfinden, werden zusammen mit dem Borrom\u00e4usverein Bonn durchgef\u00fchrt. W\u00e4hrend der Ausstellung k\u00f6nnen Bestellungen abgegeben werden, die dann an den Borrom\u00e4usverein weitergeleitet werden. Der Erl\u00f6s kommt dem jeweiligen Veranstalter zugute.<\/p>\n<p>Am 3. und 4. November finden in der Region Mitte des Bistums folgende Ausstellungen statt: im Thomas-Morus-Haus in Hilders (Veranstalter K\u00d6B K\u00fcnzell) am Samstag von 19 bis 20 Uhr und am Sonntag von 10 bis 16 Uhr, in der Schule in Ebersburg-Ried am Samstag von 15 bis 17 Uhr und am Sonntag von 10 bis 11 Uhr und von 14 bis 16 Uhr sowie im Adalbert-Endert-Haus in Fulda-Horas am Sonntag von 9 bis 12 Uhr und von 13 bis 18 Uhr.<\/p>\n<p>Im S\u00fcden des Bistums werden an diesem Wochenende ebenfalls B\u00fccher ausgestellt, so im Sturmiushaus in Freigericht-Somborn am Samstag von 14 bis 18 Uhr und am Sonntag von 10 bis 18 Uhr, im B\u00fcrgerhaus in Jossgrund-Oberndorf am Sonntag von 11 bis 16.30 Uhr, im Pfarrheim in Gro\u00dfkrotzenburg am Samstag von 16 bis 20 Uhr und am Sonntag von 10.30 bis 12.30 Uhr und von 14 bis 18 Uhr, im Pfarrheim in Biebergem\u00fcnd-Bieber am Samstag von 18 bis 20 Uhr und am Sonntag von 10 bis 18 Uhr, im Kirchensaal in Jossgrund-Pfaffenhausen am Sonntag von 10 bis 12 Uhr und von 14 bis 17 Uhr sowie im Pfarrheim in Biebergem\u00fcnd-Kassel am Samstag von 11 bis 17 Uhr und am Sonntag von 9 bis 12 Uhr.<\/p>\n<p>In der n\u00f6rdlichen Region des Bistums werden ebenfalls Ausstellungen angeboten: im Pfarrsaal in Kirchhain-Anzefahr am Sonntag von 14 bis 17 Uhr, im Pfarrsaal in Neustadt-Momberg am Samstag von 17 bis 18.30 Uhr und am Sonntag von 10.30 bis 12 Uhr und von 13.30 bis 17.30 Uhr sowie in der B\u00fccherei in Am\u00f6neburg-R\u00fcdigheim am Sonntag von 10 bis 18 Uhr, zus\u00e4tzlich am Mittwoch, 7. November, von 20 bis 21 Uhr am Freitag, 9. November, von 15 bis 16 Uhr.<\/p>\n","protected":false},"excerpt":{"rendered":"<div class=\"tmnf_excerpt\"><p>Sch\u00f6nes aus Fulda. Die katholisch-\u00f6ffentlichen B\u00fcchereien im Bistum Fulda pr\u00e4sentieren im Oktober und November bei Ausstellungen in Pfarr- und Gemeindezentren attraktive und sinnvolle Buchgeschenke, Spiele, CDs und Musikkassetten, die jeder direkt in der B\u00fccherei erwerben kann. Ob Ratgeber und Kalender, Bastel- und Kochb\u00fccher, Bilderb\u00fccher oder Lernspiele \u2013 f\u00fcr jedes Alter und jeden Geschmack ist etwas &hellip;<\/p>\n<\/div>","protected":false},"author":1,"featured_media":0,"comment_status":"closed","ping_status":"closed","sticky":false,"template":"","format":"standard","meta":{"footnotes":""},"categories":[1,53,72,50,44],"tags":[],"class_list":["post-6140","post","type-post","status-publish","format-standard","hentry","category-startseite","category-bildung","category-jugend","category-kirche","category-kultur"],"_links":{"self":[{"href":"https:\/\/www.fuldaernachrichten.de\/index.php?rest_route=\/wp\/v2\/posts\/6140","targetHints":{"allow":["GET"]}}],"collection":[{"href":"https:\/\/www.fuldaernachrichten.de\/index.php?rest_route=\/wp\/v2\/posts"}],"about":[{"href":"https:\/\/www.fuldaernachrichten.de\/index.php?rest_route=\/wp\/v2\/types\/post"}],"author":[{"embeddable":true,"href":"https:\/\/www.fuldaernachrichten.de\/index.php?rest_route=\/wp\/v2\/users\/1"}],"replies":[{"embeddable":true,"href":"https:\/\/www.fuldaernachrichten.de\/index.php?rest_route=%2Fwp%2Fv2%2Fcomments&post=6140"}],"version-history":[{"count":0,"href":"https:\/\/www.fuldaernachrichten.de\/index.php?rest_route=\/wp\/v2\/posts\/6140\/revisions"}],"wp:attachment":[{"href":"https:\/\/www.fuldaernachrichten.de\/index.php?rest_route=%2Fwp%2Fv2%2Fmedia&parent=6140"}],"wp:term":[{"taxonomy":"category","embeddable":true,"href":"https:\/\/www.fuldaernachrichten.de\/index.php?rest_route=%2Fwp%2Fv2%2Fcategories&post=6140"},{"taxonomy":"post_tag","embeddable":true,"href":"https:\/\/www.fuldaernachrichten.de\/index.php?rest_route=%2Fwp%2Fv2%2Ftags&post=6140"}],"curies":[{"name":"wp","href":"https:\/\/api.w.org\/{rel}","templated":true}]}}