{"id":6135,"date":"2007-10-30T00:07:14","date_gmt":"2007-10-29T23:07:14","guid":{"rendered":"http:\/\/www.schoene-nachrichten.de\/?p=6135"},"modified":"2007-10-30T00:07:41","modified_gmt":"2007-10-29T23:07:41","slug":"jugendfeuerwehr-burghaun-freizeitfahrt-nach-koblenz-und-eifel","status":"publish","type":"post","link":"https:\/\/www.fuldaernachrichten.de\/?p=6135","title":{"rendered":"Jugendfeuerwehr Burghaun \u2013 Freizeitfahrt nach Koblenz und in die Eifel"},"content":{"rendered":"<p><strong>Sch\u00f6nes aus Burghaun.<\/strong> Die Jugendfeuerwehr Burghaun unternahm vom 19. bis 21. Oktober mit 26 Personen eine Fahrt nach Koblenz mit \u00dcbernachtungen auf der ber\u00fchmten Festung Ehrenbreitstein.<\/p>\n<p><strong>Fotos (11):<\/strong> Steffen Hohmann &#8211; <strong>Text:<\/strong> Karsten Peter<\/p>\n<p><a rel=\"lightbox[roadtrip]\" target=\"_blank\" href=\"http:\/\/www.schoene-nachrichten.de\/wp-content\/uploads\/2007\/10\/071029_Hohmann_01.jpg\" title=\"Foto: Steffen Hohmann\"><img decoding=\"async\" width=\"128\" src=\"http:\/\/www.schoene-nachrichten.de\/wp-content\/uploads\/2007\/10\/071029_Hohmann_01.thumbnail.jpg\" alt=\"071029_Hohmann_01.jpg\" \/><\/a> <a rel=\"lightbox[roadtrip]\" target=\"_blank\" href=\"http:\/\/www.schoene-nachrichten.de\/wp-content\/uploads\/2007\/10\/071029_Hohmann_11.jpg\" title=\"Foto: Steffen Hohmann\"><img decoding=\"async\" width=\"128\" src=\"http:\/\/www.schoene-nachrichten.de\/wp-content\/uploads\/2007\/10\/071029_Hohmann_11.thumbnail.jpg\" alt=\"071029_Hohmann_11.jpg\" \/><\/a> <a rel=\"lightbox[roadtrip]\" target=\"_blank\" href=\"http:\/\/www.schoene-nachrichten.de\/wp-content\/uploads\/2007\/10\/071029_Hohmann_02.jpg\" title=\"Foto: Steffen Hohmann\"><img decoding=\"async\" width=\"128\" src=\"http:\/\/www.schoene-nachrichten.de\/wp-content\/uploads\/2007\/10\/071029_Hohmann_02.thumbnail.jpg\" alt=\"071029_Hohmann_02.jpg\" \/><\/a><\/p>\n<p><a rel=\"lightbox[roadtrip]\" target=\"_blank\" href=\"http:\/\/www.schoene-nachrichten.de\/wp-content\/uploads\/2007\/10\/071029_Hohmann_03.jpg\" title=\"Foto: Steffen Hohmann\"><img decoding=\"async\" width=\"128\" src=\"http:\/\/www.schoene-nachrichten.de\/wp-content\/uploads\/2007\/10\/071029_Hohmann_03.thumbnail.jpg\" alt=\"071029_Hohmann_03.jpg\" \/><\/a> <a rel=\"lightbox[roadtrip]\" target=\"_blank\" href=\"http:\/\/www.schoene-nachrichten.de\/wp-content\/uploads\/2007\/10\/071029_Hohmann_09.jpg\" title=\"Foto: Steffen Hohmann\"><img decoding=\"async\" width=\"128\" src=\"http:\/\/www.schoene-nachrichten.de\/wp-content\/uploads\/2007\/10\/071029_Hohmann_09.thumbnail.jpg\" alt=\"071029_Hohmann_09.jpg\" \/><\/a> <a rel=\"lightbox[roadtrip]\" target=\"_blank\" href=\"http:\/\/www.schoene-nachrichten.de\/wp-content\/uploads\/2007\/10\/071029_Hohmann_04.jpg\" title=\"Foto: Steffen Hohmann\"><img decoding=\"async\" width=\"128\" src=\"http:\/\/www.schoene-nachrichten.de\/wp-content\/uploads\/2007\/10\/071029_Hohmann_04.thumbnail.jpg\" alt=\"071029_Hohmann_04.jpg\" \/><\/a><\/p>\n<p><!--more-->Am Freitagmittag angekommen, stand zun\u00e4chst ein Stadtrundgang mit Besichtigung des Kaiser Wilhelm Denkmals am Deutschen Eck auf dem Programm. Um die Festung Ehrenbreitstein mit der Jugendherberge besser kennen zu lernen, nahmen die jungen Feuerwehrleute an einer F\u00fchrung mit anschlie\u00dfender Festungsrallye teil.<\/p>\n<p><a rel=\"lightbox[roadtrip]\" target=\"_blank\" href=\"http:\/\/www.schoene-nachrichten.de\/wp-content\/uploads\/2007\/10\/071029_Hohmann_10.jpg\" title=\"Foto: Steffen Hohmann\"><img decoding=\"async\" width=\"128\" src=\"http:\/\/www.schoene-nachrichten.de\/wp-content\/uploads\/2007\/10\/071029_Hohmann_10.thumbnail.jpg\" alt=\"071029_Hohmann_10.jpg\" \/><\/a> <a rel=\"lightbox[roadtrip]\" target=\"_blank\" href=\"http:\/\/www.schoene-nachrichten.de\/wp-content\/uploads\/2007\/10\/071029_Hohmann_05.jpg\" title=\"Foto: Steffen Hohmann\"><img decoding=\"async\" width=\"128\" src=\"http:\/\/www.schoene-nachrichten.de\/wp-content\/uploads\/2007\/10\/071029_Hohmann_05.thumbnail.jpg\" alt=\"071029_Hohmann_05.jpg\" \/><\/a> <a rel=\"lightbox[roadtrip]\" target=\"_blank\" href=\"http:\/\/www.schoene-nachrichten.de\/wp-content\/uploads\/2007\/10\/071029_Hohmann_06.jpg\" title=\"Foto: Steffen Hohmann\"><img decoding=\"async\" width=\"128\" src=\"http:\/\/www.schoene-nachrichten.de\/wp-content\/uploads\/2007\/10\/071029_Hohmann_06.thumbnail.jpg\" alt=\"071029_Hohmann_06.jpg\" \/><\/a><\/p>\n<p>Sp\u00e4ter, nach dem Abendessen, wanderten sie mit Fackeln um die gr\u00f6\u00dfte Festung Europas. Am Samstag ging es zum N\u00fcrburgring, was f\u00fcr viele das Highlight der Fahrt darstellte. Hier, in der \u201eErlebniswelt N\u00fcrburgring\u201c mit vielen Anschaulichkeiten des Rennsports und einer Kartbahn, verbrachten die Jugendlichen einige interessante Stunden. Begeistert waren die M\u00e4dchen und Jungen auch von der legend\u00e4ren Nordschleife.<\/p>\n<p><a rel=\"lightbox[roadtrip]\" target=\"_blank\" href=\"http:\/\/www.schoene-nachrichten.de\/wp-content\/uploads\/2007\/10\/071029_Hohmann_07.jpg\" title=\"Foto: Steffen Hohmann\"><img decoding=\"async\" width=\"128\" src=\"http:\/\/www.schoene-nachrichten.de\/wp-content\/uploads\/2007\/10\/071029_Hohmann_07.thumbnail.jpg\" alt=\"071029_Hohmann_07.jpg\" \/><\/a> <a rel=\"lightbox[roadtrip]\" target=\"_blank\" href=\"http:\/\/www.schoene-nachrichten.de\/wp-content\/uploads\/2007\/10\/071029_Hohmann_08.jpg\" title=\"Foto: Steffen Hohmann\"><img decoding=\"async\" width=\"128\" src=\"http:\/\/www.schoene-nachrichten.de\/wp-content\/uploads\/2007\/10\/071029_Hohmann_08.thumbnail.jpg\" alt=\"071029_Hohmann_08.jpg\" \/><\/a><\/p>\n<p>Einer Rundfahrt durch die Eifel mit Besichtigung der ber\u00fchmten Burg Eltz folgte abends ein Schwimmbadbesuch in M\u00fchlheim &#8211; K\u00e4rlich. W\u00e4hrend der Heimfahrt am Sonntag besichtigten sie noch einige Sehensw\u00fcrdigkeiten, wie beispielsweise den Loreleyfelsen oder R\u00fcdesheim, bevor sie am sp\u00e4ten Nachmittag wieder in Burghaun ankamen.<\/p>\n","protected":false},"excerpt":{"rendered":"<div class=\"tmnf_excerpt\"><p>Sch\u00f6nes aus Burghaun. Die Jugendfeuerwehr Burghaun unternahm vom 19. bis 21. Oktober mit 26 Personen eine Fahrt nach Koblenz mit \u00dcbernachtungen auf der ber\u00fchmten Festung Ehrenbreitstein. Fotos (11): Steffen Hohmann &#8211; Text: Karsten Peter<\/p>\n<\/div>","protected":false},"author":1,"featured_media":0,"comment_status":"closed","ping_status":"closed","sticky":false,"template":"","format":"standard","meta":{"footnotes":""},"categories":[1,54,71,72],"tags":[],"class_list":["post-6135","post","type-post","status-publish","format-standard","hentry","category-startseite","category-bildergalerien","category-feuerwehr","category-jugend"],"_links":{"self":[{"href":"https:\/\/www.fuldaernachrichten.de\/index.php?rest_route=\/wp\/v2\/posts\/6135","targetHints":{"allow":["GET"]}}],"collection":[{"href":"https:\/\/www.fuldaernachrichten.de\/index.php?rest_route=\/wp\/v2\/posts"}],"about":[{"href":"https:\/\/www.fuldaernachrichten.de\/index.php?rest_route=\/wp\/v2\/types\/post"}],"author":[{"embeddable":true,"href":"https:\/\/www.fuldaernachrichten.de\/index.php?rest_route=\/wp\/v2\/users\/1"}],"replies":[{"embeddable":true,"href":"https:\/\/www.fuldaernachrichten.de\/index.php?rest_route=%2Fwp%2Fv2%2Fcomments&post=6135"}],"version-history":[{"count":0,"href":"https:\/\/www.fuldaernachrichten.de\/index.php?rest_route=\/wp\/v2\/posts\/6135\/revisions"}],"wp:attachment":[{"href":"https:\/\/www.fuldaernachrichten.de\/index.php?rest_route=%2Fwp%2Fv2%2Fmedia&parent=6135"}],"wp:term":[{"taxonomy":"category","embeddable":true,"href":"https:\/\/www.fuldaernachrichten.de\/index.php?rest_route=%2Fwp%2Fv2%2Fcategories&post=6135"},{"taxonomy":"post_tag","embeddable":true,"href":"https:\/\/www.fuldaernachrichten.de\/index.php?rest_route=%2Fwp%2Fv2%2Ftags&post=6135"}],"curies":[{"name":"wp","href":"https:\/\/api.w.org\/{rel}","templated":true}]}}