{"id":60879,"date":"2010-05-31T05:30:41","date_gmt":"2010-05-31T03:30:41","guid":{"rendered":"http:\/\/www.fuldaer-nachrichten.de\/?p=60879"},"modified":"2010-05-31T09:11:08","modified_gmt":"2010-05-31T07:11:08","slug":"sperrmuellabfuhr-01-06-02-06-2010-in-folgenden-strassen-wird-sperrmuell-abgefahren","status":"publish","type":"post","link":"https:\/\/www.fuldaernachrichten.de\/?p=60879","title":{"rendered":"Sperrm\u00fcllabfuhr 01.06. \u2013 02.06.2010 &#8211; In folgenden Stra\u00dfen wird Sperrm\u00fcll abgefahren:"},"content":{"rendered":"<p><strong>Abfuhrtag: Dienstag, 01.06.2010<\/strong><\/p>\n<p>In folgenden Stra\u00dfen im Stadtteil Haimbach: Biberweg, Buchonenweg, Eichhornstra\u00dfe, Elchstra\u00dfe, Gamsweg, Hasenpfad, Hermelinstra\u00dfe, Hirschweg, Marderweg, Markusstra\u00dfe, Rehweg, R\u00f6thweg, Steinbockstra\u00dfe, Widderstra\u00dfe, Wieselstra\u00dfe<\/p>\n<p><strong>Abfuhrtag: Mittwoch, 02.06.2010<\/strong><\/p>\n<p>Am Badegarten, Am Hirtsrain, Bardostra\u00dfe, Frankfurter Stra\u00dfe (von L\u00f6herstra\u00dfe bis Weserstra\u00dfe), Im Fischfeld, Kapuzinerstra\u00dfe, Lechstra\u00dfe, Martin-Luther-Platz, Memelstra\u00dfe, Rangstra\u00dfe, Saarstra\u00dfe, Wallweg, Willy-Brandt-Stra\u00dfe<\/p>\n<p><!--more--><\/p>\n<p>Der Sperrm\u00fcll ist um 06:00 Uhr auf dem \u00f6ffentlichen Gehweg bzw. am Fahrbahnrand bereitzustellen.<\/p>\n<p>Haushaltsgro\u00dfger\u00e4te (Waschmaschinen, Sp\u00fclmaschinen, W\u00e4schetrockner, K\u00fchlschr\u00e4nke, Elektro- und Gasherde) werden nach einer Anmeldung beim st\u00e4dtischen Umwelttelefon (Tel.: 102-1777) kostenlos an einem anderen Tag abgeholt. Eine Mitnahme bei der Sperrm\u00fcllabfuhr ist nicht m\u00f6glich.<\/p>\n","protected":false},"excerpt":{"rendered":"<div class=\"tmnf_excerpt\"><p>Abfuhrtag: Dienstag, 01.06.2010 In folgenden Stra\u00dfen im Stadtteil Haimbach: Biberweg, Buchonenweg, Eichhornstra\u00dfe, Elchstra\u00dfe, Gamsweg, Hasenpfad, Hermelinstra\u00dfe, Hirschweg, Marderweg, Markusstra\u00dfe, Rehweg, R\u00f6thweg, Steinbockstra\u00dfe, Widderstra\u00dfe, Wieselstra\u00dfe Abfuhrtag: Mittwoch, 02.06.2010 Am Badegarten, Am Hirtsrain, Bardostra\u00dfe, Frankfurter Stra\u00dfe (von L\u00f6herstra\u00dfe bis Weserstra\u00dfe), Im Fischfeld, Kapuzinerstra\u00dfe, Lechstra\u00dfe, Martin-Luther-Platz, Memelstra\u00dfe, Rangstra\u00dfe, Saarstra\u00dfe, Wallweg, Willy-Brandt-Stra\u00dfe<\/p>\n<\/div>","protected":false},"author":1,"featured_media":0,"comment_status":"closed","ping_status":"closed","sticky":false,"template":"","format":"standard","meta":{"footnotes":""},"categories":[1],"tags":[],"class_list":["post-60879","post","type-post","status-publish","format-standard","hentry","category-startseite"],"_links":{"self":[{"href":"https:\/\/www.fuldaernachrichten.de\/index.php?rest_route=\/wp\/v2\/posts\/60879","targetHints":{"allow":["GET"]}}],"collection":[{"href":"https:\/\/www.fuldaernachrichten.de\/index.php?rest_route=\/wp\/v2\/posts"}],"about":[{"href":"https:\/\/www.fuldaernachrichten.de\/index.php?rest_route=\/wp\/v2\/types\/post"}],"author":[{"embeddable":true,"href":"https:\/\/www.fuldaernachrichten.de\/index.php?rest_route=\/wp\/v2\/users\/1"}],"replies":[{"embeddable":true,"href":"https:\/\/www.fuldaernachrichten.de\/index.php?rest_route=%2Fwp%2Fv2%2Fcomments&post=60879"}],"version-history":[{"count":3,"href":"https:\/\/www.fuldaernachrichten.de\/index.php?rest_route=\/wp\/v2\/posts\/60879\/revisions"}],"predecessor-version":[{"id":60882,"href":"https:\/\/www.fuldaernachrichten.de\/index.php?rest_route=\/wp\/v2\/posts\/60879\/revisions\/60882"}],"wp:attachment":[{"href":"https:\/\/www.fuldaernachrichten.de\/index.php?rest_route=%2Fwp%2Fv2%2Fmedia&parent=60879"}],"wp:term":[{"taxonomy":"category","embeddable":true,"href":"https:\/\/www.fuldaernachrichten.de\/index.php?rest_route=%2Fwp%2Fv2%2Fcategories&post=60879"},{"taxonomy":"post_tag","embeddable":true,"href":"https:\/\/www.fuldaernachrichten.de\/index.php?rest_route=%2Fwp%2Fv2%2Ftags&post=60879"}],"curies":[{"name":"wp","href":"https:\/\/api.w.org\/{rel}","templated":true}]}}