{"id":60795,"date":"2010-05-29T03:22:31","date_gmt":"2010-05-29T01:22:31","guid":{"rendered":"http:\/\/www.fuldaer-nachrichten.de\/?p=60795"},"modified":"2010-05-29T08:22:47","modified_gmt":"2010-05-29T06:22:47","slug":"helfer-fuer-fronleichnam-und-bonifatiusfest-gesucht","status":"publish","type":"post","link":"https:\/\/www.fuldaernachrichten.de\/?p=60795","title":{"rendered":"Helfer f\u00fcr Fronleichnam und Bonifatiusfest gesucht"},"content":{"rendered":"<p><strong>Fulda. <\/strong>Die Katholische Arbeitnehmer-Bewegung (KAB) DV Fulda und Kolping \u00fcbernimmt die Verpflegung der Prozessionsteilnehmer und Wallfahrer an Fronleichnam und am Bonifatiusfest in Fulda. F\u00fcr diese Versorgung sucht KAB und Kolping f\u00fcr Fronleichnam, Donnerstag, 3. Juni, in der Zeit von ca. 10.30 bis 13.00 Uhr in der Domdechanei (neben dem Dom) und f\u00fcr Sonntag, 6. Juni in der Zeit 10.00 bis 14.30 Uhr von noch Helferinnen und Helfer. Wer die Aktion unterst\u00fctzen m\u00f6chte meldet sich bitte \u00fcber E-Mail bei info@kab-fulda.de oder telefonisch \u00fcber 0661 &#8211; 7 34 33 melden.<\/p>\n","protected":false},"excerpt":{"rendered":"<div class=\"tmnf_excerpt\"><p>Fulda. Die Katholische Arbeitnehmer-Bewegung (KAB) DV Fulda und Kolping \u00fcbernimmt die Verpflegung der Prozessionsteilnehmer und Wallfahrer an Fronleichnam und am Bonifatiusfest in Fulda. F\u00fcr diese Versorgung sucht KAB und Kolping f\u00fcr Fronleichnam, Donnerstag, 3. Juni, in der Zeit von ca. 10.30 bis 13.00 Uhr in der Domdechanei (neben dem Dom) und f\u00fcr Sonntag, 6. Juni &hellip;<\/p>\n<\/div>","protected":false},"author":1,"featured_media":0,"comment_status":"closed","ping_status":"closed","sticky":false,"template":"","format":"standard","meta":{"footnotes":""},"categories":[1],"tags":[],"class_list":["post-60795","post","type-post","status-publish","format-standard","hentry","category-startseite"],"_links":{"self":[{"href":"https:\/\/www.fuldaernachrichten.de\/index.php?rest_route=\/wp\/v2\/posts\/60795","targetHints":{"allow":["GET"]}}],"collection":[{"href":"https:\/\/www.fuldaernachrichten.de\/index.php?rest_route=\/wp\/v2\/posts"}],"about":[{"href":"https:\/\/www.fuldaernachrichten.de\/index.php?rest_route=\/wp\/v2\/types\/post"}],"author":[{"embeddable":true,"href":"https:\/\/www.fuldaernachrichten.de\/index.php?rest_route=\/wp\/v2\/users\/1"}],"replies":[{"embeddable":true,"href":"https:\/\/www.fuldaernachrichten.de\/index.php?rest_route=%2Fwp%2Fv2%2Fcomments&post=60795"}],"version-history":[{"count":2,"href":"https:\/\/www.fuldaernachrichten.de\/index.php?rest_route=\/wp\/v2\/posts\/60795\/revisions"}],"predecessor-version":[{"id":60838,"href":"https:\/\/www.fuldaernachrichten.de\/index.php?rest_route=\/wp\/v2\/posts\/60795\/revisions\/60838"}],"wp:attachment":[{"href":"https:\/\/www.fuldaernachrichten.de\/index.php?rest_route=%2Fwp%2Fv2%2Fmedia&parent=60795"}],"wp:term":[{"taxonomy":"category","embeddable":true,"href":"https:\/\/www.fuldaernachrichten.de\/index.php?rest_route=%2Fwp%2Fv2%2Fcategories&post=60795"},{"taxonomy":"post_tag","embeddable":true,"href":"https:\/\/www.fuldaernachrichten.de\/index.php?rest_route=%2Fwp%2Fv2%2Ftags&post=60795"}],"curies":[{"name":"wp","href":"https:\/\/api.w.org\/{rel}","templated":true}]}}