{"id":60729,"date":"2010-05-29T05:27:52","date_gmt":"2010-05-29T03:27:52","guid":{"rendered":"http:\/\/www.fuldaer-nachrichten.de\/?p=60729"},"modified":"2010-05-29T08:28:28","modified_gmt":"2010-05-29T06:28:28","slug":"heute-6-fuldaer-museumsnacht-von-19-bis-1-uhr","status":"publish","type":"post","link":"https:\/\/www.fuldaernachrichten.de\/?p=60729","title":{"rendered":"HEUTE: 6. Fuldaer Museumsnacht von 19 bis 1 Uhr"},"content":{"rendered":"<p><strong><a href=\"http:\/\/www.fuldaer-nachrichten.de\/wp-content\/uploads\/2010\/05\/100528_Museum.jpg\"><img decoding=\"async\" class=\"alignleft size-thumbnail wp-image-60730\" title=\"100528_Museum\" src=\"http:\/\/www.fuldaer-nachrichten.de\/wp-content\/uploads\/2010\/05\/100528_Museum-265x176.jpg\" alt=\"100528_Museum\" width=\"265\" height=\"176\" srcset=\"https:\/\/www.fuldaernachrichten.de\/wp-content\/uploads\/2010\/05\/100528_Museum-265x176.jpg 265w, https:\/\/www.fuldaernachrichten.de\/wp-content\/uploads\/2010\/05\/100528_Museum.jpg 592w\" sizes=\"(max-width: 265px) 100vw, 265px\" \/><\/a>Fulda. <\/strong>Es ist nicht zu \u00fcbersehen \u2013 Fulda steht am Wochenende ganz im Zeichen der Museumsnacht. Die dazugeh\u00f6rigen Flaggen sind in der Innenstadt gehisst, alle Vorbereitungen in den Museen getroffen und auch ein \u00dcWAG-Bus wirbt f\u00fcr die Veranstaltung am Samstag, den 29. Mai. \u201eHiermit m\u00f6chte ich alle B\u00fcrgerinnen und B\u00fcrger noch einmal herzlich dazu einladen, an diesem Abend von 19 bis 1 Uhr mit uns auf Schatzsuche in der lokalen Museumslandschaft zu gehen\u201c, erkl\u00e4rt Oberb\u00fcrgermeister und Kulturdezernent Gerhard M\u00f6ller. Unter dem diesj\u00e4hrigen Motto \u201eVerborgene Sch\u00e4tze\u201c werden in den zehn beteiligten Museen und Einrichtungen interessante Exponate gezeigt sowie au\u00dfergew\u00f6hnliche F\u00fchrungen und Aktionen angeboten. Musikalisch umrahmt wird das Programm wieder von Formationen und Ensembles der Musikschule der Stadt Fulda.<!--more--><\/p>\n<p><strong>Er\u00f6ffnung und Pendelverkehr <\/strong><\/p>\n<p>Nach der Er\u00f6ffnung der Museumsnacht um 18 Uhr im Schafstall der Propstei Johannesberg erwartet die Besucher ein ereignisreicher Abend. Mit dem Beginn der Programme ab 19 Uhr startet auch der bew\u00e4hrte Pendelverkehr der \u00dcWAG-Busse \u2013 bei dem unter anderem auch der Bus mit der Museumsnachts-Werbung eingesetzt wird. Damit k\u00f6nnen sich die Besucherinnen und Besucher je nach Interesse bequem von einer Station zur n\u00e4chsten fahren lassen.<\/p>\n<p><strong>Eintrittskarten<\/strong><\/p>\n<p><a href=\"http:\/\/www.fuldaer-nachrichten.de\/wp-content\/uploads\/2010\/05\/100528_Museum2.jpg\"><img fetchpriority=\"high\" decoding=\"async\" class=\"alignleft size-thumbnail wp-image-60731\" title=\"100528_Museum2\" src=\"http:\/\/www.fuldaer-nachrichten.de\/wp-content\/uploads\/2010\/05\/100528_Museum2-265x198.jpg\" alt=\"100528_Museum2\" width=\"265\" height=\"198\" srcset=\"https:\/\/www.fuldaernachrichten.de\/wp-content\/uploads\/2010\/05\/100528_Museum2-265x198.jpg 265w, https:\/\/www.fuldaernachrichten.de\/wp-content\/uploads\/2010\/05\/100528_Museum2.jpg 592w\" sizes=\"(max-width: 265px) 100vw, 265px\" \/><\/a>Die Karten f\u00fcr die Museumsnacht sind im Vorverkauf bei der Tourist Information (Bonifatiusplatz 1, Palais Buttlar), beim B\u00fcrgerb\u00fcro der Stadt Fulda (Schlossstra\u00dfe 1), bei den Gesch\u00e4ftsstellen der Fuldaer Zeitung (Fulda: Peterstor 18, Frankfurter Stra\u00dfe 8; H\u00fcnfeld: Fuldaer Berg 46; Schl\u00fcchtern: Obertorstra\u00dfe 39-41, Schlitz: Ringmauer 7), beim \u00dcWAG-Shop (im \u00dcWAG-Kundenzentrum, Bahnhofstra\u00dfe 2) und am Abend bei allen teilnehmenden Museen erh\u00e4ltlich. Au\u00dferdem ist die Stadt Fulda von 14 bis 17 Uhr mit einem Vorverkaufsstand im Zuge des GWV-Challenge-Laufs auf dem Gel\u00e4nde des Rosenbads vertreten.<\/p>\n<p><strong>Eintrittspreise<\/strong><\/p>\n<p><strong> <\/strong><\/p>\n<p>Die Eintrittspreise lauten wie folgt:<\/p>\n<ul>\n<li>7,00      \u00e2\u201a\u00ac Erwachsene im Vorverkauf<strong> <\/strong>(an der Abendkasse 8,00 \u00e2\u201a\u00ac)<\/li>\n<li>6,50      \u00e2\u201a\u00ac Sch\u00fcler, Studenten, Schwerbehinderte, Zivil- und Wehrdienstleistende und      Senioren<\/li>\n<li>6,50      \u00e2\u201a\u00ac Gruppen ab 5 Personen; pro Person (nur Vorverkauf)<\/li>\n<\/ul>\n<p>Kinder und Jugendliche bis 13 Jahre haben freien Eintritt.<br \/>\n<span style=\"text-decoration: underline;\"> <\/span>Mehr Informationen zum Programm der einzelnen Museen unter <a href=\"http:\/\/www.museumsnacht-fulda.de\/\">www.museumsnacht-fulda.de<\/a>. (cp)<\/p>\n","protected":false},"excerpt":{"rendered":"<div class=\"tmnf_excerpt\"><p>Fulda. Es ist nicht zu \u00fcbersehen \u2013 Fulda steht am Wochenende ganz im Zeichen der Museumsnacht. Die dazugeh\u00f6rigen Flaggen sind in der Innenstadt gehisst, alle Vorbereitungen in den Museen getroffen und auch ein \u00dcWAG-Bus wirbt f\u00fcr die Veranstaltung am Samstag, den 29. Mai. \u201eHiermit m\u00f6chte ich alle B\u00fcrgerinnen und B\u00fcrger noch einmal herzlich dazu einladen, &hellip;<\/p>\n<\/div>","protected":false},"author":1,"featured_media":0,"comment_status":"closed","ping_status":"closed","sticky":false,"template":"","format":"standard","meta":{"footnotes":""},"categories":[1,44],"tags":[],"class_list":["post-60729","post","type-post","status-publish","format-standard","hentry","category-startseite","category-kultur"],"_links":{"self":[{"href":"https:\/\/www.fuldaernachrichten.de\/index.php?rest_route=\/wp\/v2\/posts\/60729","targetHints":{"allow":["GET"]}}],"collection":[{"href":"https:\/\/www.fuldaernachrichten.de\/index.php?rest_route=\/wp\/v2\/posts"}],"about":[{"href":"https:\/\/www.fuldaernachrichten.de\/index.php?rest_route=\/wp\/v2\/types\/post"}],"author":[{"embeddable":true,"href":"https:\/\/www.fuldaernachrichten.de\/index.php?rest_route=\/wp\/v2\/users\/1"}],"replies":[{"embeddable":true,"href":"https:\/\/www.fuldaernachrichten.de\/index.php?rest_route=%2Fwp%2Fv2%2Fcomments&post=60729"}],"version-history":[{"count":3,"href":"https:\/\/www.fuldaernachrichten.de\/index.php?rest_route=\/wp\/v2\/posts\/60729\/revisions"}],"predecessor-version":[{"id":60845,"href":"https:\/\/www.fuldaernachrichten.de\/index.php?rest_route=\/wp\/v2\/posts\/60729\/revisions\/60845"}],"wp:attachment":[{"href":"https:\/\/www.fuldaernachrichten.de\/index.php?rest_route=%2Fwp%2Fv2%2Fmedia&parent=60729"}],"wp:term":[{"taxonomy":"category","embeddable":true,"href":"https:\/\/www.fuldaernachrichten.de\/index.php?rest_route=%2Fwp%2Fv2%2Fcategories&post=60729"},{"taxonomy":"post_tag","embeddable":true,"href":"https:\/\/www.fuldaernachrichten.de\/index.php?rest_route=%2Fwp%2Fv2%2Ftags&post=60729"}],"curies":[{"name":"wp","href":"https:\/\/api.w.org\/{rel}","templated":true}]}}