{"id":60719,"date":"2010-05-29T03:25:39","date_gmt":"2010-05-29T01:25:39","guid":{"rendered":"http:\/\/www.fuldaer-nachrichten.de\/?p=60719"},"modified":"2010-05-29T08:25:52","modified_gmt":"2010-05-29T06:25:52","slug":"hjk-und-firma-blumen-link-starten-aktion-genesungsstrauss","status":"publish","type":"post","link":"https:\/\/www.fuldaernachrichten.de\/?p=60719","title":{"rendered":"HJK und Firma Blumen Link starten Aktion Genesungsstrau\u00df"},"content":{"rendered":"<p><strong><a href=\"http:\/\/www.fuldaer-nachrichten.de\/wp-content\/uploads\/2010\/05\/100528_Genesungsstrau\u00df.jpg\"><img fetchpriority=\"high\" decoding=\"async\" class=\"alignleft size-thumbnail wp-image-60720\" title=\"100528_Genesungsstrau\u00df\" src=\"http:\/\/www.fuldaer-nachrichten.de\/wp-content\/uploads\/2010\/05\/100528_Genesungsstrau\u00df-265x198.jpg\" alt=\"100528_Genesungsstrau\u00df\" width=\"265\" height=\"198\" \/><\/a>Fulda. <\/strong>F\u00fcr Patientinnen und Patienten, deren Angeh\u00f6rige sowie Mitarbeiterinnen und Mitarbeiter hat das Herz-Jesu-Krankenhaus in Zusammenarbeit mit der Firma Blumen-Link zum Fr\u00fchlingsbeginn die \u201eAktion Genesungsstrau\u00df\u201c gestartet. Wird bis 17.00 Uhr ein Blumenstrau\u00df an der Patienteninformation des Krankenhauses bestellt, wird dieser p\u00fcnktlich bis 11.00 Uhr am n\u00e4chsten Tag von der Firma Blumen-Link geliefert. Ganz besonders freut sich das Herz-Jesu-Krankenhaus, dass ein Teil des Erl\u00f6ses f\u00fcr die im letzten Jahr renovierte Krankenhauskapelle von Blumen-Link gespendet wird. \u201eF\u00fcr viele Patientinnen und Patienten kann ein sch\u00f6ner Blumenstrau\u00df den Genesungsprozess im Krankenhaus positiv beeinflussen. Aber nicht nur das \u2013 auch unsere Mitarbeiterinnen und Mitarbeiter k\u00f6nnen in Situationen kommen, in denen sie vielleicht schnell einen Blumenstrau\u00df ben\u00f6tigen. Somit wird es zuk\u00fcnftig einfacher werden, ohne gro\u00dfen Aufwand frische Blumen zu bekommen\u201c, erkl\u00e4rt Dr. Jutta M\u00fcller, Abteilung Marketing\/\u00d6ffentlichkeitsarbeit.<\/p>\n","protected":false},"excerpt":{"rendered":"<div class=\"tmnf_excerpt\"><p>Fulda. F\u00fcr Patientinnen und Patienten, deren Angeh\u00f6rige sowie Mitarbeiterinnen und Mitarbeiter hat das Herz-Jesu-Krankenhaus in Zusammenarbeit mit der Firma Blumen-Link zum Fr\u00fchlingsbeginn die \u201eAktion Genesungsstrau\u00df\u201c gestartet. Wird bis 17.00 Uhr ein Blumenstrau\u00df an der Patienteninformation des Krankenhauses bestellt, wird dieser p\u00fcnktlich bis 11.00 Uhr am n\u00e4chsten Tag von der Firma Blumen-Link geliefert. Ganz besonders freut &hellip;<\/p>\n<\/div>","protected":false},"author":1,"featured_media":0,"comment_status":"closed","ping_status":"closed","sticky":false,"template":"","format":"standard","meta":{"footnotes":""},"categories":[1],"tags":[],"class_list":["post-60719","post","type-post","status-publish","format-standard","hentry","category-startseite"],"_links":{"self":[{"href":"https:\/\/www.fuldaernachrichten.de\/index.php?rest_route=\/wp\/v2\/posts\/60719","targetHints":{"allow":["GET"]}}],"collection":[{"href":"https:\/\/www.fuldaernachrichten.de\/index.php?rest_route=\/wp\/v2\/posts"}],"about":[{"href":"https:\/\/www.fuldaernachrichten.de\/index.php?rest_route=\/wp\/v2\/types\/post"}],"author":[{"embeddable":true,"href":"https:\/\/www.fuldaernachrichten.de\/index.php?rest_route=\/wp\/v2\/users\/1"}],"replies":[{"embeddable":true,"href":"https:\/\/www.fuldaernachrichten.de\/index.php?rest_route=%2Fwp%2Fv2%2Fcomments&post=60719"}],"version-history":[{"count":4,"href":"https:\/\/www.fuldaernachrichten.de\/index.php?rest_route=\/wp\/v2\/posts\/60719\/revisions"}],"predecessor-version":[{"id":60841,"href":"https:\/\/www.fuldaernachrichten.de\/index.php?rest_route=\/wp\/v2\/posts\/60719\/revisions\/60841"}],"wp:attachment":[{"href":"https:\/\/www.fuldaernachrichten.de\/index.php?rest_route=%2Fwp%2Fv2%2Fmedia&parent=60719"}],"wp:term":[{"taxonomy":"category","embeddable":true,"href":"https:\/\/www.fuldaernachrichten.de\/index.php?rest_route=%2Fwp%2Fv2%2Fcategories&post=60719"},{"taxonomy":"post_tag","embeddable":true,"href":"https:\/\/www.fuldaernachrichten.de\/index.php?rest_route=%2Fwp%2Fv2%2Ftags&post=60719"}],"curies":[{"name":"wp","href":"https:\/\/api.w.org\/{rel}","templated":true}]}}