{"id":60716,"date":"2010-05-31T03:57:11","date_gmt":"2010-05-31T01:57:11","guid":{"rendered":"http:\/\/www.fuldaer-nachrichten.de\/?p=60716"},"modified":"2010-05-31T06:57:48","modified_gmt":"2010-05-31T04:57:48","slug":"innovation-mecom-und-audi-auf-worldmediafestival-dreifach-erfolgreich","status":"publish","type":"post","link":"https:\/\/www.fuldaernachrichten.de\/?p=60716","title":{"rendered":"innovation mecom und Audi auf WorldMediaFestival dreifach erfolgreich"},"content":{"rendered":"<p><strong><a href=\"http:\/\/www.fuldaer-nachrichten.de\/wp-content\/uploads\/2010\/05\/100528_Festival.jpg\"><img fetchpriority=\"high\" decoding=\"async\" class=\"alignleft size-thumbnail wp-image-60717\" title=\"100528_Festival\" src=\"http:\/\/www.fuldaer-nachrichten.de\/wp-content\/uploads\/2010\/05\/100528_Festival-265x200.jpg\" alt=\"100528_Festival\" width=\"265\" height=\"200\" srcset=\"https:\/\/www.fuldaernachrichten.de\/wp-content\/uploads\/2010\/05\/100528_Festival-265x200.jpg 265w, https:\/\/www.fuldaernachrichten.de\/wp-content\/uploads\/2010\/05\/100528_Festival.jpg 592w\" sizes=\"(max-width: 265px) 100vw, 265px\" \/><\/a>Hamburg\/Fulda.<\/strong> Riesenerfolg f\u00fcr innovation mecom. Eine Produktion des Fuldaer Unternehmens im Auftrag der Audi AG wurde beim WorldMediaFestival in Hamburg \u2013 einem der bedeutendsten Foren der internationalen Medienbranche \u2013 mit dem intermedia-globe GRAND AWARD als bester Wettbewerbsbeitrag in der Kategorie \u201eTraining\u201c ausgezeichnet und r\u00e4umte dar\u00fcber hinaus noch zwei weitere Preise ab. Bei der preisgekr\u00f6nten Produktion handelt es sich um ein sogenanntes Web Based Training (WBT) \u2013 also eine Schulung auf Internet-Basis, die den Verk\u00e4ufern in den Autoh\u00e4usern den neuen Audi A8 im Detail vorstellt. \u201eWir hatten einen starken Wettbewerbsbeitrag, das war uns klar. Aber dass wir uns damit gegen eine internationale Konkurrenz durchsetzen konnten, war so nicht zu erwarten und ist daher besonders erfreulich. Das zeigt, welch au\u00dfergew\u00f6hnlich gute Arbeit wir leisten \u2013 auch im weltweiten Vergleich\u201c, freute sich innovation-mecom-Gesch\u00e4ftsf\u00fchrer Tom Heyer nach der Preisverleihung. (ar)<\/p>\n","protected":false},"excerpt":{"rendered":"<div class=\"tmnf_excerpt\"><p>Hamburg\/Fulda. Riesenerfolg f\u00fcr innovation mecom. Eine Produktion des Fuldaer Unternehmens im Auftrag der Audi AG wurde beim WorldMediaFestival in Hamburg \u2013 einem der bedeutendsten Foren der internationalen Medienbranche \u2013 mit dem intermedia-globe GRAND AWARD als bester Wettbewerbsbeitrag in der Kategorie \u201eTraining\u201c ausgezeichnet und r\u00e4umte dar\u00fcber hinaus noch zwei weitere Preise ab. Bei der preisgekr\u00f6nten Produktion &hellip;<\/p>\n<\/div>","protected":false},"author":1,"featured_media":0,"comment_status":"closed","ping_status":"closed","sticky":false,"template":"","format":"standard","meta":{"footnotes":""},"categories":[1,35],"tags":[],"class_list":["post-60716","post","type-post","status-publish","format-standard","hentry","category-startseite","category-auto"],"_links":{"self":[{"href":"https:\/\/www.fuldaernachrichten.de\/index.php?rest_route=\/wp\/v2\/posts\/60716","targetHints":{"allow":["GET"]}}],"collection":[{"href":"https:\/\/www.fuldaernachrichten.de\/index.php?rest_route=\/wp\/v2\/posts"}],"about":[{"href":"https:\/\/www.fuldaernachrichten.de\/index.php?rest_route=\/wp\/v2\/types\/post"}],"author":[{"embeddable":true,"href":"https:\/\/www.fuldaernachrichten.de\/index.php?rest_route=\/wp\/v2\/users\/1"}],"replies":[{"embeddable":true,"href":"https:\/\/www.fuldaernachrichten.de\/index.php?rest_route=%2Fwp%2Fv2%2Fcomments&post=60716"}],"version-history":[{"count":2,"href":"https:\/\/www.fuldaernachrichten.de\/index.php?rest_route=\/wp\/v2\/posts\/60716\/revisions"}],"predecessor-version":[{"id":60865,"href":"https:\/\/www.fuldaernachrichten.de\/index.php?rest_route=\/wp\/v2\/posts\/60716\/revisions\/60865"}],"wp:attachment":[{"href":"https:\/\/www.fuldaernachrichten.de\/index.php?rest_route=%2Fwp%2Fv2%2Fmedia&parent=60716"}],"wp:term":[{"taxonomy":"category","embeddable":true,"href":"https:\/\/www.fuldaernachrichten.de\/index.php?rest_route=%2Fwp%2Fv2%2Fcategories&post=60716"},{"taxonomy":"post_tag","embeddable":true,"href":"https:\/\/www.fuldaernachrichten.de\/index.php?rest_route=%2Fwp%2Fv2%2Ftags&post=60716"}],"curies":[{"name":"wp","href":"https:\/\/api.w.org\/{rel}","templated":true}]}}