{"id":6067,"date":"2007-10-26T00:27:49","date_gmt":"2007-10-25T22:27:49","guid":{"rendered":"http:\/\/www.schoene-nachrichten.de\/?p=6067"},"modified":"2007-10-26T00:28:14","modified_gmt":"2007-10-25T22:28:14","slug":"landkreis-fulda-foerdert-die-rhoenwichtel-mit-2500-euro","status":"publish","type":"post","link":"https:\/\/www.fuldaernachrichten.de\/?p=6067","title":{"rendered":"Landkreis Fulda f\u00f6rdert \u201eDie Rh\u00f6nwichtel\u201c mit 2.500 \u00e2\u201a\u00ac"},"content":{"rendered":"<p><strong>Sch\u00f6nes aus Langenbieber.<\/strong> Der Landkreis Fulda f\u00f6rdert den Waldkindergarten \u201eDie Rh\u00f6nwichtel\u201c in Langenbieber mit einer einmaligen Beihilfe von 2.500 Euro. Diesen Beschluss fasste der Kreisausschuss in seiner vergangenen Sitzung. Mit dem Zuschuss soll die p\u00e4dagogische Arbeit, die im Waldkindergarten unter Einbeziehung von engagierten Eltern geleistet wird, anerkannt und unterst\u00fctzt werden. <!--more--><\/p>\n<p>Bei einem Besuch des Waldkindergartens im August hatte Erster Kreisbeigeordneter Dr. Heiko Wingenfeld angek\u00fcndigt, dass der Landkreis Fulda einen Beitrag zur dauerhaften finanziellen Absicherung der in der Region einmaligen Einrichtung erbringen wolle, und vorbehaltlich der Zustimmung des Kreisausschusses eine F\u00f6rderung im Zuge einer einmaligen freiwilligen Leistung in Aussicht gestellt.<\/p>\n<p><strong>Impulse auch f\u00fcr andere Kinderg\u00e4rten<\/strong><\/p>\n<p>Erster Kreisbeigeordneter Dr. Wingenfeld bekr\u00e4ftigte noch einmal seine Auffassung, dass die \u201eRh\u00f6nwichtel\u201c eine Bereicherung f\u00fcr das Angebot an Kindertagesst\u00e4tten im Landkreis darstellten. F\u00fcr die ganzheitliche Entwicklung junger Menschen sei es wichtig, dass sie fr\u00fchzeitig in Kontakt mit Natur und Umwelt k\u00e4men. Von diesen Erfahrungen k\u00f6nnten sie im sp\u00e4teren Leben nachhaltig profitieren.<\/p>\n<p>In der Sitzung wurde deutlich, dass die Kreisausschussmitglieder im Grundsatz hinter dem Konzept des Waldkindergartens stehen, von dem in bestimmten Bereichen wie beispielsweise der Umwelterziehung Impulse auch f\u00fcr andere Kinderg\u00e4rten ausgehen k\u00f6nnten. Aus Gleichbehandlungsgr\u00fcnden und wegen fehlender Zust\u00e4ndigkeit des Landkreises scheide eine laufende F\u00f6rderung jedoch aus.<\/p>\n<p><strong>Zuschuss f\u00fcr Jugendraum in Magdlos<\/strong><\/p>\n<p>An den Kosten f\u00fcr die Ausstattung der Jugendr\u00e4ume im Feuerwehrger\u00e4tehaus Magdlos beteiligt sich der Landkreis Fulda mit einem Zuschuss von 15 Prozent der zuwendungsf\u00e4higen Kosten. Das sind in diesem Fall 392 Euro. F\u00fcr die Neuwahl des Ausschusses der ehrenamtlichen Richterinnen und Richter am Sozialgericht Fulda wurden Dag Wehner (Kalbach) und Elvira Mihm (Eichenzell) benannt.<\/p>\n","protected":false},"excerpt":{"rendered":"<div class=\"tmnf_excerpt\"><p>Sch\u00f6nes aus Langenbieber. Der Landkreis Fulda f\u00f6rdert den Waldkindergarten \u201eDie Rh\u00f6nwichtel\u201c in Langenbieber mit einer einmaligen Beihilfe von 2.500 Euro. Diesen Beschluss fasste der Kreisausschuss in seiner vergangenen Sitzung. Mit dem Zuschuss soll die p\u00e4dagogische Arbeit, die im Waldkindergarten unter Einbeziehung von engagierten Eltern geleistet wird, anerkannt und unterst\u00fctzt werden.<\/p>\n<\/div>","protected":false},"author":1,"featured_media":0,"comment_status":"closed","ping_status":"closed","sticky":false,"template":"","format":"standard","meta":{"footnotes":""},"categories":[1,72,29,52],"tags":[],"class_list":["post-6067","post","type-post","status-publish","format-standard","hentry","category-startseite","category-jugend","category-politik","category-umwelt"],"_links":{"self":[{"href":"https:\/\/www.fuldaernachrichten.de\/index.php?rest_route=\/wp\/v2\/posts\/6067","targetHints":{"allow":["GET"]}}],"collection":[{"href":"https:\/\/www.fuldaernachrichten.de\/index.php?rest_route=\/wp\/v2\/posts"}],"about":[{"href":"https:\/\/www.fuldaernachrichten.de\/index.php?rest_route=\/wp\/v2\/types\/post"}],"author":[{"embeddable":true,"href":"https:\/\/www.fuldaernachrichten.de\/index.php?rest_route=\/wp\/v2\/users\/1"}],"replies":[{"embeddable":true,"href":"https:\/\/www.fuldaernachrichten.de\/index.php?rest_route=%2Fwp%2Fv2%2Fcomments&post=6067"}],"version-history":[{"count":0,"href":"https:\/\/www.fuldaernachrichten.de\/index.php?rest_route=\/wp\/v2\/posts\/6067\/revisions"}],"wp:attachment":[{"href":"https:\/\/www.fuldaernachrichten.de\/index.php?rest_route=%2Fwp%2Fv2%2Fmedia&parent=6067"}],"wp:term":[{"taxonomy":"category","embeddable":true,"href":"https:\/\/www.fuldaernachrichten.de\/index.php?rest_route=%2Fwp%2Fv2%2Fcategories&post=6067"},{"taxonomy":"post_tag","embeddable":true,"href":"https:\/\/www.fuldaernachrichten.de\/index.php?rest_route=%2Fwp%2Fv2%2Ftags&post=6067"}],"curies":[{"name":"wp","href":"https:\/\/api.w.org\/{rel}","templated":true}]}}