{"id":6065,"date":"2007-10-28T00:17:27","date_gmt":"2007-10-27T22:17:27","guid":{"rendered":"http:\/\/www.schoene-nachrichten.de\/?p=6065"},"modified":"2007-10-28T00:17:47","modified_gmt":"2007-10-27T22:17:47","slug":"landkreis-fulda-investiert-knapp-130000-euro-in-kreisschulen","status":"publish","type":"post","link":"https:\/\/www.fuldaernachrichten.de\/?p=6065","title":{"rendered":"Landkreis Fulda investiert knapp 130.000 Euro in Kreisschulen"},"content":{"rendered":"<p><strong>Sch\u00f6nes aus Fulda.<\/strong>\u00c2\u00a0Die vorhandene Einrichtung der Fachr\u00e4ume f\u00fcr Chemie an der Biebertalschule in Hofbieber ist veraltet. Sie gen\u00fcgt nicht mehr den Anforderungen der heutigen Lehrpl\u00e4ne und Sicherheitsstandards. Aus diesem Grund hat der Kreisausschuss in seiner letzten Sitzung die Neueinrichtung der R\u00e4ume zum Preis von 92.700 Euro vergeben. Hinzu kommen notwendige bauliche Ma\u00dfnahmen f\u00fcr veranschlagte Kosten in H\u00f6he von rund 35.000 Euro. <!--more--><\/p>\n<p>Auch muss die PC-Ausstattung in verschiedenen Kreisschulen erneuert und erweitert werden. F\u00fcr aktuell anstehende Projekte wie die Mediothek der Winfriedschule in Fulda, an der Konrad-Zuse-Schule in H\u00fcnfeld mit ihrer Au\u00dfenstelle in Hilders sowie Medienecken an weiteren Schulen sollen zur schulischen Nutzung insgesamt 108 Personalcomputer und Flachbildschirme angeschafft werden. Die preisg\u00fcnstigsten Angebote lagen nach Angaben des Landkreises bei 80.500 Euro und 22.900 Euro.<\/p>\n","protected":false},"excerpt":{"rendered":"<div class=\"tmnf_excerpt\"><p>Sch\u00f6nes aus Fulda.\u00c2\u00a0Die vorhandene Einrichtung der Fachr\u00e4ume f\u00fcr Chemie an der Biebertalschule in Hofbieber ist veraltet. Sie gen\u00fcgt nicht mehr den Anforderungen der heutigen Lehrpl\u00e4ne und Sicherheitsstandards. Aus diesem Grund hat der Kreisausschuss in seiner letzten Sitzung die Neueinrichtung der R\u00e4ume zum Preis von 92.700 Euro vergeben. Hinzu kommen notwendige bauliche Ma\u00dfnahmen f\u00fcr veranschlagte Kosten &hellip;<\/p>\n<\/div>","protected":false},"author":1,"featured_media":0,"comment_status":"closed","ping_status":"closed","sticky":false,"template":"","format":"standard","meta":{"footnotes":""},"categories":[1,53,72,29],"tags":[],"class_list":["post-6065","post","type-post","status-publish","format-standard","hentry","category-startseite","category-bildung","category-jugend","category-politik"],"_links":{"self":[{"href":"https:\/\/www.fuldaernachrichten.de\/index.php?rest_route=\/wp\/v2\/posts\/6065","targetHints":{"allow":["GET"]}}],"collection":[{"href":"https:\/\/www.fuldaernachrichten.de\/index.php?rest_route=\/wp\/v2\/posts"}],"about":[{"href":"https:\/\/www.fuldaernachrichten.de\/index.php?rest_route=\/wp\/v2\/types\/post"}],"author":[{"embeddable":true,"href":"https:\/\/www.fuldaernachrichten.de\/index.php?rest_route=\/wp\/v2\/users\/1"}],"replies":[{"embeddable":true,"href":"https:\/\/www.fuldaernachrichten.de\/index.php?rest_route=%2Fwp%2Fv2%2Fcomments&post=6065"}],"version-history":[{"count":0,"href":"https:\/\/www.fuldaernachrichten.de\/index.php?rest_route=\/wp\/v2\/posts\/6065\/revisions"}],"wp:attachment":[{"href":"https:\/\/www.fuldaernachrichten.de\/index.php?rest_route=%2Fwp%2Fv2%2Fmedia&parent=6065"}],"wp:term":[{"taxonomy":"category","embeddable":true,"href":"https:\/\/www.fuldaernachrichten.de\/index.php?rest_route=%2Fwp%2Fv2%2Fcategories&post=6065"},{"taxonomy":"post_tag","embeddable":true,"href":"https:\/\/www.fuldaernachrichten.de\/index.php?rest_route=%2Fwp%2Fv2%2Ftags&post=6065"}],"curies":[{"name":"wp","href":"https:\/\/api.w.org\/{rel}","templated":true}]}}