{"id":60617,"date":"2010-05-27T05:00:34","date_gmt":"2010-05-27T03:00:34","guid":{"rendered":"http:\/\/www.fuldaer-nachrichten.de\/?p=60617"},"modified":"2010-05-27T17:57:36","modified_gmt":"2010-05-27T15:57:36","slug":"neue-klinik-fuer-rheumatologie-immunologie-und-osteologie-am-klinikum-fulda-klinikdirektor-pd-dr-peter-kern-feierlich-eingefuehrt","status":"publish","type":"post","link":"https:\/\/www.fuldaernachrichten.de\/?p=60617","title":{"rendered":"Neue Klinik f\u00fcr Rheumatologie, Immunologie und Osteologie am Klinikum Fulda: Klinikdirektor PD Dr. Peter Kern feierlich eingef\u00fchrt"},"content":{"rendered":"<p><strong><a href=\"http:\/\/www.fuldaer-nachrichten.de\/wp-content\/uploads\/2010\/05\/100527_Veranstaltung.jpg\"><img decoding=\"async\" class=\"alignleft size-thumbnail wp-image-60618\" title=\"100527_Veranstaltung\" src=\"http:\/\/www.fuldaer-nachrichten.de\/wp-content\/uploads\/2010\/05\/100527_Veranstaltung.jpg\" alt=\"100527_Veranstaltung\" width=\"560\" srcset=\"https:\/\/www.fuldaernachrichten.de\/wp-content\/uploads\/2010\/05\/100527_Veranstaltung.jpg 592w, https:\/\/www.fuldaernachrichten.de\/wp-content\/uploads\/2010\/05\/100527_Veranstaltung-265x175.jpg 265w\" sizes=\"(max-width: 592px) 100vw, 592px\" \/><\/a><\/strong><\/p>\n<p><strong>Fulda. <\/strong>Als ein weiteres Element der Inneren Medizin ging im Klinikum Fulda am 15.04.2010 die neue Klinik f\u00fcr Rheumatologie, Immunologie und Osteologie Betrieb. Nun wurde der Direktor der neuen Klinik Priv.-Doz. Dr. Peter Kern im Rahmen einer feierlichen Einf\u00fchrungsveranstaltung offiziell am Klinikum Fulda in sein Amt eingef\u00fchrt. \u201eDas Klinikum Fulda baut sein Versorgungsangebot zum Wohle der Patienten der Region kontinuierlich aus.\u201c \u00c2\u00a0\u00c2\u00a0Mit diesen Worten begr\u00fc\u00dfte Oberb\u00fcrgermeister Gerhard M\u00f6ller die G\u00e4ste im H\u00f6rsaal des Klinikums Fulda. Im Februar 2009 wurde die Klinik f\u00fcr Psychosomatik und Psychotherapie offiziell er\u00f6ffnet. \u201eNun ist bereits eine weitere, neue Klinik in Betrieb gegangen: die Klinik f\u00fcr Rheumatologie, Immunologie und Osteologie, unter der Leitung von Priv.-Doz. Dr. Peter Kern\u201c, so\u00c2\u00a0 M\u00f6ller weiter.<!--more--><\/p>\n<p>Der Vorstand des Klinikums, Harald Jeguschke, hie\u00df den neuen Chefarzt am Klinikum herzlich willkommen und gab einen kurzen \u00dcberblick in die Versorgungsstruktur des Fachbereichs Rheumatologie. Laut der Deutschen Gesellschaft f\u00fcr Rheumatologie e.V. (DGRh) bestehe in Deutschland eine generelle Unterversorgung im Fachbereich Rheumatologie. Es sei davon auszugehen, dass 70% aller Patienten mit rheumatischen Erkrankungen nie einen Spezialisten sehen. Mehr als die H\u00e4lfte der station\u00e4ren Patienten werden fachfremd betreut. Die Zahl der t\u00e4tigen Rheumatologen liegt deutlich unter 50% des Bedarfes. Der Mangel wird angesichts des steigenden Durchschnittsalters der Bev\u00f6lkerung und \u00c2\u00a0der Multimorbidit\u00e4t (Mehrfacherkrankung)\u00c2\u00a0 in den n\u00e4chsten 10 Jahren eher zunehmen.<\/p>\n<p>F\u00fcr die betroffenen Patienten in der Region Osthessen stehen derzeit die n\u00e4chsten Spezial-Einrichtungen zur station\u00e4ren Behandlung der Rheumatologie in Frankfurt, Bad Nauheim, Jena und W\u00fcrzburg; die ambulanten Einrichtungen in Aschaffenburg, Erfurt, Bamberg, Karlstadt und W\u00fcrzburg. F\u00fcr die Region\u00c2\u00a0 soll daher die fach\u00e4rztliche Unterversorgung im Bereich Rheumatologie\/Immunologie zuk\u00fcnftig durch die inhaltliche Erweiterung des Leistungsportfolios des Klinikums Fulda wesentlich verbessert werden.<\/p>\n<p><strong>Lebenslauf von Priv.-Doz. Dr. Kern<\/strong><\/p>\n<p>Priv.-Doz. Dr. Peter Kern ist geb\u00fcrtig aus N\u00fcrnberg und studierte Humanstudium an der Friedrich-Alexander-Universit\u00e4t (FAU) \u00c2\u00a0Erlangen-N\u00fcrnberg. Seine \u00e4rztliche Ausbildung f\u00fchrte \u00fcber das St\u00e4dtische Klinikum N\u00fcrnberg und das Kreiskrankenhaus Neumarkt an die Medizinische Klinik 3 der Universit\u00e4t Erlangen. 1994 erlangte er dort die Facharztbezeichnung f\u00fcr Innere Medizin, erhielt 1995 die Anerkennung der Weiterbildung \u201eSpezielle Internistische Intensivmedizin\u201c und 1998 die Anerkennung f\u00fcr das Teilgebiet \u201eRheumatologie\u201c.<\/p>\n<p>Im Jahr 2000 wurde ihm von der Universit\u00e4t Erlangen die Lehrbefugnis f\u00fcr Innere Medizin erteilt und\u00c2\u00a0 zum Privatdozenten ernannt. Im selben Jahr \u00fcbernahm Dr. Kern die \u00c4rztliche Leitung der Klinik f\u00fcr Innere Medizin, Klinische Immunologie und Rheumatologie an der Franz von Pr\u00fcmmer Klinik in Bad Br\u00fcckenau, verbunden mit den \u00c4mtern des \u00c4rztlichen Direktors der Klinik und des Medizinischen Direktors der Deutsche Klinik GmbH. 2006 wurde er zum \u201eOsteologen DVO\u201c zertifiziert. Seine Klinik wurde 2008 das erste \u201eKlinisch-osteologische Zentrum\u201c in Bayern.<\/p>\n<p>Priv.-Doz. Dr. Kern ist in mehreren Kommissionen der Deutschen Gesellschaft f\u00fcr Rheumatologie (DGRh) t\u00e4tig gewesen, aktuell in der Kommission f\u00fcr Osteologie sowie als Delegierter der DGRh beim Dachverband deutschsprachiger osteologischer Fachgesellschaften (DVO), wo er zum Zertifizierungsbeauftragten ernannt worden ist. Er ist Mitglied der Wissenschaftlichen Leitung der Fortbildungsakademie der DGRh und Mitautor\u00c2\u00a0 und Dozent der Fachweiterbildung \u201eRheumatologische Fachassistenz DGRh\u201c. Die Bayerische Landes\u00e4rztekammer hat ihn in den Pr\u00fcfungsausschuss \u201eFacharzt Innere Medizin, Schwerpunkt Rheumatologie\u201c berufen. Zudem ist er in zahlreichen Verb\u00e4nden und Stiftungen engagiert, z.B. als Vorstand der K und R Wucherpfennig- Stiftung.<\/p>\n<p><strong>Drei Fachgebiete unter einem Dach: Rheumatologie, Immunologie, Osteologie<\/strong><\/p>\n<p>Der Medizinische Direktor Priv.-Doz. Dr. Achim Hellinger gab einen Einblick in die neuen Fachdisziplinen am Klinikum. Die Rheumatologie und Immunologie sind Teilgebiete der Inneren Medizin.\u00c2\u00a0 Traditionell besch\u00e4ftigte sich die Rheumatologie mit entz\u00fcndlichen Gelenkerkrankungen. Mit zunehmenden Erkenntnissen der Entz\u00fcndungsforschung in den letzten Jahrzehnten hat man erkannt, dass Entz\u00fcndungen immer eine Leistung des Immunsystems sind. Deshalb hat sich die Rheumatologie seit etwa 30 Jahren sehr intensiv mit dem Immunsystem besch\u00e4ftigt. Dabei wurde deutlich, dass ein wichtiger Teil der rheumatischen Erkrankungen darauf beruht, dass das Immunsystem fehlerhaft reagiert und eine Entz\u00fcndung gegen k\u00f6rpereigene Strukturen veranstaltet. Solche Erkrankungen nennt man auch Autoimmunerkrankungen.<\/p>\n<p>Da das Immunsystem \u00fcberall im Organismus pr\u00e4sent ist, k\u00f6nnen Autoimmunerkrankungen unendlich vielgestaltige Krankheitsbilder mit potenzieller Beteiligung praktisch aller Organe hervorrufen. Die Osteologie schlie\u00dflich besch\u00e4ftigt sich mit den Erkrankungen des Knochens, insbesondere mit der Osteoporose. Auch bei der Osteoporose spielen immunologische Vorg\u00e4nge eine entscheidende Rolle, wodurch sich die Verbindung mit der Immunologie und der Rheumatologie erkl\u00e4rt. Die enge Zusammenarbeit mit anderen Spezialisten (z.B. Radiologie, Orthop\u00e4die, Handchirurgie)\u00c2\u00a0ist die Grundlage f\u00fcr eine optimale Versorgung osteologischer Erkrankungen.<\/p>\n<p><strong>Das Team der Klinik f\u00fcr Rheumatologie, Immunologie und Osteologie <\/strong><\/p>\n<p>\u201eDie Rheumatologie\/ Immunologie und\u00c2\u00a0 Osteologie ist ein kooperatives Fachgebiet mit interdisziplin\u00e4rer Vernetzung unter dem Oberbegriff &#8220;Entz\u00fcndungszentrum&#8221;. Deshalb ist sie ein ideales Element in einem fachlich breit aufgestellten Hochleistungsklinikum\u201c, erl\u00e4uterte Priv.-Doz. Dr. Kern und dankte in seiner Ansprache den Abteilungen, dem Vorstand sowie dem Medizinischen Direktor und seinem Team f\u00fcr die \u00fcberaus freundliche und kooperative Aufnahme. \u201eDie Klinik f\u00fcr Rheumatologie, Immunologie und Osteologie wird sehr eng mit den anderen Fachdisziplinen des Hauses zusammenarbeiten\u201c, betonte Dr. Kern weiter.<\/p>\n<p>Es gehe heute um die Einf\u00fchrung eines v\u00f6llig neuen, erst 25 Jahre alten Fachgebietes der Inneren Medizin, welches bislang am Klinikum Fulda noch nicht vertreten war. Im Rahmen seiner Ansprache stellte Dr. Kern sein komplett eingespieltes\u00c2\u00a0Team aus \u00c4rzten, Fachassistentinnen, Pflegekr\u00e4ften, Physiotherapeuten und Sekret\u00e4rinnen\u00c2\u00a0 vor. \u201eMit unserem Team aus erfahrenen und speziell qualifizierten \u00c4rzten, Rheumafachassistentinnen und Pflegekr\u00e4ften sowie mit dem gesamten Leistungsverm\u00f6gen eines Klinikums der Maximalversorgung an unserer Seite, \u00c2\u00a0stehen wir im Dienste der Gesundheit der Patienten\u201c, f\u00fchrte er weiter aus.<\/p>\n","protected":false},"excerpt":{"rendered":"<div class=\"tmnf_excerpt\"><p>Fulda. Als ein weiteres Element der Inneren Medizin ging im Klinikum Fulda am 15.04.2010 die neue Klinik f\u00fcr Rheumatologie, Immunologie und Osteologie Betrieb. Nun wurde der Direktor der neuen Klinik Priv.-Doz. Dr. Peter Kern im Rahmen einer feierlichen Einf\u00fchrungsveranstaltung offiziell am Klinikum Fulda in sein Amt eingef\u00fchrt. \u201eDas Klinikum Fulda baut sein Versorgungsangebot zum Wohle &hellip;<\/p>\n<\/div>","protected":false},"author":1,"featured_media":0,"comment_status":"closed","ping_status":"closed","sticky":false,"template":"","format":"standard","meta":{"footnotes":""},"categories":[1,51,78],"tags":[],"class_list":["post-60617","post","type-post","status-publish","format-standard","hentry","category-startseite","category-medizin","category-topthema"],"_links":{"self":[{"href":"https:\/\/www.fuldaernachrichten.de\/index.php?rest_route=\/wp\/v2\/posts\/60617","targetHints":{"allow":["GET"]}}],"collection":[{"href":"https:\/\/www.fuldaernachrichten.de\/index.php?rest_route=\/wp\/v2\/posts"}],"about":[{"href":"https:\/\/www.fuldaernachrichten.de\/index.php?rest_route=\/wp\/v2\/types\/post"}],"author":[{"embeddable":true,"href":"https:\/\/www.fuldaernachrichten.de\/index.php?rest_route=\/wp\/v2\/users\/1"}],"replies":[{"embeddable":true,"href":"https:\/\/www.fuldaernachrichten.de\/index.php?rest_route=%2Fwp%2Fv2%2Fcomments&post=60617"}],"version-history":[{"count":4,"href":"https:\/\/www.fuldaernachrichten.de\/index.php?rest_route=\/wp\/v2\/posts\/60617\/revisions"}],"predecessor-version":[{"id":60665,"href":"https:\/\/www.fuldaernachrichten.de\/index.php?rest_route=\/wp\/v2\/posts\/60617\/revisions\/60665"}],"wp:attachment":[{"href":"https:\/\/www.fuldaernachrichten.de\/index.php?rest_route=%2Fwp%2Fv2%2Fmedia&parent=60617"}],"wp:term":[{"taxonomy":"category","embeddable":true,"href":"https:\/\/www.fuldaernachrichten.de\/index.php?rest_route=%2Fwp%2Fv2%2Fcategories&post=60617"},{"taxonomy":"post_tag","embeddable":true,"href":"https:\/\/www.fuldaernachrichten.de\/index.php?rest_route=%2Fwp%2Fv2%2Ftags&post=60617"}],"curies":[{"name":"wp","href":"https:\/\/api.w.org\/{rel}","templated":true}]}}