{"id":60603,"date":"2010-05-28T04:48:27","date_gmt":"2010-05-28T02:48:27","guid":{"rendered":"http:\/\/www.fuldaer-nachrichten.de\/?p=60603"},"modified":"2010-05-28T07:48:42","modified_gmt":"2010-05-28T05:48:42","slug":"geisa-richtet-rhoener-wandertag-2011-aus","status":"publish","type":"post","link":"https:\/\/www.fuldaernachrichten.de\/?p=60603","title":{"rendered":"Geisa richtet \u201eRh\u00f6ner Wandertag\u201c 2011 aus"},"content":{"rendered":"<p><strong>Geisa. <\/strong>Die Stadt Geisa im Wartburgkreis wird den 2. Rh\u00f6ner Wandertag am 30. und 31. Juli 2011 ausrichten, den die Regionale Arbeitsgemeinschaft (ARGE) Rh\u00f6n vor einigen Wochen ausgeschrieben hatte. Der Koordinierungsausschuss der ARGE Rh\u00f6n entschied sich anhand der abgegebenen Bewerbungen einstimmig f\u00fcr Geisa. 2012 soll der Rh\u00f6ner Wandertag dann in einer Kommune der hessischen Rh\u00f6n stattfinden. Mit dem \u201eRh\u00f6ner Wandertag\u201c, der in diesem Jahr am 24. und 25. Juli erstmals im unterfr\u00e4nkischen M\u00fcnnerstadt ausgetragen wird, soll eine Veranstaltung f\u00fcr die Zukunft etabliert werden, die eine zus\u00e4tzliche Attraktion f\u00fcr G\u00e4ste und die einheimische Bev\u00f6lkerung darstellt.<!--more--><\/p>\n<p>Der Rh\u00f6ner Wandertag er\u00f6ffnet einer j\u00e4hrlich wechselnden Gemeinde innerhalb der Gebietskulisse der ARGE Rh\u00f6n die M\u00f6glichkeit, sich regional und \u00fcberregional darzustellen. Neben den Angeboten zum Schwerpunktthema Wandern soll die Veranstaltung auch eine Pr\u00e4sentationsplattform f\u00fcr regionale Betriebe sein, beispielsweise in Zusammenarbeit mit der Dachmarke Rh\u00f6n bei der Durchf\u00fchrung eines Regionalmarktes. Auch Angebote im Bereich der Umweltbildung der Biosph\u00e4renreservate und Naturparke k\u00f6nnen integriert werden.<\/p>\n<p>\u201eDie Stadt Geisa hat mit ihrer Bewerbung \u00fcberzeugt, weil sie sehr attraktive Wanderungen anbieten wird, weil sie mit ihrem historischen Marktplatz und dem sich anschlie\u00dfenden Schlossplatz einen zentralen Veranstaltungsort besitzt und weil sie bereits ein umfassendes Programm vorgelegt hat\u201c, sagt der Gesch\u00e4ftsf\u00fchrer der ARGE Rh\u00f6n, Michael Holla. Zum 1. Rh\u00f6ner Wandertag werde sich Geisa in M\u00fcnnerstadt pr\u00e4sentieren und so bereits um G\u00e4ste im kommenden Jahr werben.<\/p>\n<p>Die Stadt Geisa will den 2. Rh\u00f6ner Wandertag eng mit der Brauchtumspflege und dem einstigen US-Milit\u00e4rcamp Point Alpha verbinden, das heute eine Mahn-, Gedenk- und Begegnungsst\u00e4tte als Erinnerung an den Kalten Krieg ist. Geplant ist unter anderem ein historischer Handwerkermarkt, an dem sich Handwerker aus dem gesamten Geisaer Amt beteiligen. Unter anderem soll es eine Rh\u00f6ner Spinnstube, Vorf\u00fchrungen des Seiler- und Schmiedehandwerks, einen lebenden Bauernhof und Schauschnitzen geben.<\/p>\n<p>Am alten Zentgericht wird der Rh\u00f6nklub ein Schauspiel auff\u00fchren, und Musikanten, Gaukler und H\u00e4ndler werden sich in der gesamten Innenstadt pr\u00e4sentieren. Auf dem neu sanierten Schlossplatz soll das Unterhaltungsprogramm stattfinden; unter anderem ist ein \u201eGeiser\u00e4mter Abend\u201c mit verschiedenen Ch\u00f6ren der Region geplant. F\u00fcr die Wanderer wurden f\u00fcnf Wege verschiedener Schwierigkeitsgarde ausgew\u00e4hlt, darunter eine Familientour und eine Wanderung entlang eines Naturlehrpfades.<\/p>\n<p>\u201eWir versprechen, dass wir unseren G\u00e4sten zwei unvergessliche Tage bereiten. In den vergangenen Jahren war Geisa mehrfach Gastgeber von Gro\u00dfveranstaltungen, zum Beispiel bei der Abschlussveranstaltung des 108. Deutschen Wandertages\u201c, sagt Geisas B\u00fcrgermeister, Martin Henkel. Geisa und das Geisaer Amt k\u00f6nnten den G\u00e4sten nicht nur ein hervorragendes Wegenetz, gut ausgebildete Wanderf\u00fchrer und Naturerlebnisse bieten, sondern auch erlebbare Geschichte verschiedener Epochen vermitteln. Henkel will bei der Vorbereitung und Durchf\u00fchrung des 2. Rh\u00f6ner Wandertags eng mit den Vereinen des Geisaer Amtes zusammen arbeiten, betont er.<\/p>\n","protected":false},"excerpt":{"rendered":"<div class=\"tmnf_excerpt\"><p>Geisa. Die Stadt Geisa im Wartburgkreis wird den 2. Rh\u00f6ner Wandertag am 30. und 31. Juli 2011 ausrichten, den die Regionale Arbeitsgemeinschaft (ARGE) Rh\u00f6n vor einigen Wochen ausgeschrieben hatte. Der Koordinierungsausschuss der ARGE Rh\u00f6n entschied sich anhand der abgegebenen Bewerbungen einstimmig f\u00fcr Geisa. 2012 soll der Rh\u00f6ner Wandertag dann in einer Kommune der hessischen Rh\u00f6n &hellip;<\/p>\n<\/div>","protected":false},"author":1,"featured_media":0,"comment_status":"closed","ping_status":"closed","sticky":false,"template":"","format":"standard","meta":{"footnotes":""},"categories":[1,52],"tags":[],"class_list":["post-60603","post","type-post","status-publish","format-standard","hentry","category-startseite","category-umwelt"],"_links":{"self":[{"href":"https:\/\/www.fuldaernachrichten.de\/index.php?rest_route=\/wp\/v2\/posts\/60603","targetHints":{"allow":["GET"]}}],"collection":[{"href":"https:\/\/www.fuldaernachrichten.de\/index.php?rest_route=\/wp\/v2\/posts"}],"about":[{"href":"https:\/\/www.fuldaernachrichten.de\/index.php?rest_route=\/wp\/v2\/types\/post"}],"author":[{"embeddable":true,"href":"https:\/\/www.fuldaernachrichten.de\/index.php?rest_route=\/wp\/v2\/users\/1"}],"replies":[{"embeddable":true,"href":"https:\/\/www.fuldaernachrichten.de\/index.php?rest_route=%2Fwp%2Fv2%2Fcomments&post=60603"}],"version-history":[{"count":2,"href":"https:\/\/www.fuldaernachrichten.de\/index.php?rest_route=\/wp\/v2\/posts\/60603\/revisions"}],"predecessor-version":[{"id":60676,"href":"https:\/\/www.fuldaernachrichten.de\/index.php?rest_route=\/wp\/v2\/posts\/60603\/revisions\/60676"}],"wp:attachment":[{"href":"https:\/\/www.fuldaernachrichten.de\/index.php?rest_route=%2Fwp%2Fv2%2Fmedia&parent=60603"}],"wp:term":[{"taxonomy":"category","embeddable":true,"href":"https:\/\/www.fuldaernachrichten.de\/index.php?rest_route=%2Fwp%2Fv2%2Fcategories&post=60603"},{"taxonomy":"post_tag","embeddable":true,"href":"https:\/\/www.fuldaernachrichten.de\/index.php?rest_route=%2Fwp%2Fv2%2Ftags&post=60603"}],"curies":[{"name":"wp","href":"https:\/\/api.w.org\/{rel}","templated":true}]}}