{"id":60578,"date":"2010-05-27T05:06:27","date_gmt":"2010-05-27T03:06:27","guid":{"rendered":"http:\/\/www.fuldaer-nachrichten.de\/?p=60578"},"modified":"2010-05-27T09:06:54","modified_gmt":"2010-05-27T07:06:54","slug":"uewag-investierte-rund-250-000-euro-in-dittlofrod","status":"publish","type":"post","link":"https:\/\/www.fuldaernachrichten.de\/?p=60578","title":{"rendered":"\u00dcWAG investierte rund 250.000 Euro in Dittlofrod"},"content":{"rendered":"<p><strong>Fulda. <\/strong>Rund 250.000 Euro hat die \u00dcberlandwerk Fulda Aktiengesellschaft (\u00dcWAG) in den vergangenen f\u00fcnf Jahren in die Versorgungszuverl\u00e4ssigkeit im Eiterfelder Ortsteil Dittlofrod investiert. Im Rahmen der Erneuerung der Ortsdurchfahrt entfernte die \u00dcWAG unter anderem die alte Turmstation und ersetzte diese durch eine neue Kompaktstation. Jetzt \u00fcbergab Eiterfelds B\u00fcrgermeister Hermann-Josef Scheich die aufwendig sanierte Stra\u00dfe offiziell ihrer Bestimmung.<!--more--><\/p>\n<p>Osthessens f\u00fchrendes Energieversorgungsunternehmen ersetzte im Zuge der umfangreichen Stra\u00dfenbauma\u00dfnahmen auch Freileitungen in der Ortslage durch Erdkabel und stellte die Anschl\u00fcsse der Haushalte entsprechend um. Dadurch wurde die alte Turmstation verzichtbar. An ihrer Stelle wurde eine Kompaktstation errichtet, die sich harmonisch in das Ortsbild einf\u00fcgt. Au\u00dferdem hat die \u00dcWAG in enger Abstimmung mit der Gemeinde die Stra\u00dfenbeleuchtung erneuert und auf den modernsten technischen Stand gebracht: Kofferleuchten mit umweltfreundlichen und effizienten Natriumdampflampen sorgen nun in Dittlofrod f\u00fcr Licht und Sicherheit und tragen zugleich zum Klimaschutz bei.<\/p>\n<p>Eiterfelds B\u00fcrgermeister Hermann-Josef Scheich lobte die \u00dcWAG als stets verl\u00e4sslichen Kooperationspartner der Gemeinde und dankte f\u00fcr das Engagement des f\u00fchrenden osthessischen Energieversorgungsunternehmens im Ortsteil Dittlofrod. \u201eMit ihren Investitionen hat die \u00dcWAG einen wesentlichen Beitrag zur Versch\u00f6nerung und Modernisierung des Ortsbildes geleistet\u201c, sagte Hermann-Josef Scheich.<\/p>\n","protected":false},"excerpt":{"rendered":"<div class=\"tmnf_excerpt\"><p>Fulda. Rund 250.000 Euro hat die \u00dcberlandwerk Fulda Aktiengesellschaft (\u00dcWAG) in den vergangenen f\u00fcnf Jahren in die Versorgungszuverl\u00e4ssigkeit im Eiterfelder Ortsteil Dittlofrod investiert. Im Rahmen der Erneuerung der Ortsdurchfahrt entfernte die \u00dcWAG unter anderem die alte Turmstation und ersetzte diese durch eine neue Kompaktstation. Jetzt \u00fcbergab Eiterfelds B\u00fcrgermeister Hermann-Josef Scheich die aufwendig sanierte Stra\u00dfe offiziell &hellip;<\/p>\n<\/div>","protected":false},"author":1,"featured_media":0,"comment_status":"closed","ping_status":"closed","sticky":false,"template":"","format":"standard","meta":{"footnotes":""},"categories":[1],"tags":[],"class_list":["post-60578","post","type-post","status-publish","format-standard","hentry","category-startseite"],"_links":{"self":[{"href":"https:\/\/www.fuldaernachrichten.de\/index.php?rest_route=\/wp\/v2\/posts\/60578","targetHints":{"allow":["GET"]}}],"collection":[{"href":"https:\/\/www.fuldaernachrichten.de\/index.php?rest_route=\/wp\/v2\/posts"}],"about":[{"href":"https:\/\/www.fuldaernachrichten.de\/index.php?rest_route=\/wp\/v2\/types\/post"}],"author":[{"embeddable":true,"href":"https:\/\/www.fuldaernachrichten.de\/index.php?rest_route=\/wp\/v2\/users\/1"}],"replies":[{"embeddable":true,"href":"https:\/\/www.fuldaernachrichten.de\/index.php?rest_route=%2Fwp%2Fv2%2Fcomments&post=60578"}],"version-history":[{"count":2,"href":"https:\/\/www.fuldaernachrichten.de\/index.php?rest_route=\/wp\/v2\/posts\/60578\/revisions"}],"predecessor-version":[{"id":60584,"href":"https:\/\/www.fuldaernachrichten.de\/index.php?rest_route=\/wp\/v2\/posts\/60578\/revisions\/60584"}],"wp:attachment":[{"href":"https:\/\/www.fuldaernachrichten.de\/index.php?rest_route=%2Fwp%2Fv2%2Fmedia&parent=60578"}],"wp:term":[{"taxonomy":"category","embeddable":true,"href":"https:\/\/www.fuldaernachrichten.de\/index.php?rest_route=%2Fwp%2Fv2%2Fcategories&post=60578"},{"taxonomy":"post_tag","embeddable":true,"href":"https:\/\/www.fuldaernachrichten.de\/index.php?rest_route=%2Fwp%2Fv2%2Ftags&post=60578"}],"curies":[{"name":"wp","href":"https:\/\/api.w.org\/{rel}","templated":true}]}}