{"id":60565,"date":"2010-05-27T03:29:45","date_gmt":"2010-05-27T01:29:45","guid":{"rendered":"http:\/\/www.fuldaer-nachrichten.de\/?p=60565"},"modified":"2010-05-26T16:29:56","modified_gmt":"2010-05-26T14:29:56","slug":"dankeschoen-des-landkreises-an-schueler-und-schulbuslotsen-ausflug-zum-holiday-park-nach-hasslochpfalz","status":"publish","type":"post","link":"https:\/\/www.fuldaernachrichten.de\/?p=60565","title":{"rendered":"Dankesch\u00f6n des Landkreises an Sch\u00fcler- und Schulbuslotsen &#8211; Ausflug zum Holiday Park nach Hassloch\/Pfalz"},"content":{"rendered":"<p><strong><a href=\"http:\/\/www.fuldaer-nachrichten.de\/wp-content\/uploads\/2010\/05\/100526_Ausflug.jpg\"><img fetchpriority=\"high\" decoding=\"async\" class=\"alignleft size-thumbnail wp-image-60566\" title=\"100526_Ausflug\" src=\"http:\/\/www.fuldaer-nachrichten.de\/wp-content\/uploads\/2010\/05\/100526_Ausflug-265x198.jpg\" alt=\"100526_Ausflug\" width=\"265\" height=\"198\" srcset=\"https:\/\/www.fuldaernachrichten.de\/wp-content\/uploads\/2010\/05\/100526_Ausflug-265x198.jpg 265w, https:\/\/www.fuldaernachrichten.de\/wp-content\/uploads\/2010\/05\/100526_Ausflug.jpg 592w\" sizes=\"(max-width: 265px) 100vw, 265px\" \/><\/a>Fulda\/Hassloch. <\/strong>Einen erlebnisreichen Tag verbrachten die Sch\u00fcler- und Schulbuslotsen aus dem Landkreis Fulda auf Einladung des Fachdienstes Schulen der Kreisverwaltung. Die Fahrt f\u00fchrte zum Holiday Park nach Hassloch\/Pfalz. Bei der Verabschiedung der rund 500 Teilnehmer, die in zehn Bussen von der Ochsenwiese starteten, brachte der Leiter des Fachdiensts, Felix Gaul, seinen Stolz zum Ausdruck, dass inzwischen die Schulbuslotsen im Landkreis Fulda fl\u00e4chendeckend zum Einsatz k\u00e4men. Dies sei hessenweit einmalig.<!--more--><\/p>\n<p>Gemeinsam mit den Sch\u00fclerlotsen lieferten sie einen entscheidenden Beitrag zur Verbesserung der Sicherheit auf dem Schulweg und in den Schulbussen. Der Fachdienstleiter dankte allen Aktiven f\u00fcr ihren uneigenn\u00fctzigen, ehrenamtlichen Einsatz, der der ganzen Schulgemeinde zu Gute k\u00e4me. Weiter betonte Gaul, dass dieses Engagement durch den Landkreis Fulda gew\u00fcrdigt werde und durch die Ausrichtung dieses Ausflugs auch seine Anerkennung erfahren solle. Ein besonderer Dank galt seinem Stellvertreter R\u00fcdiger Seifert und dem Team des Fachdienstes Schulen f\u00fcr die ausgezeichnete Planung und Organisation des Ausflugs.<\/p>\n<p><a href=\"http:\/\/www.fuldaer-nachrichten.de\/wp-content\/uploads\/2010\/05\/100526_Ausflug2.jpg\"><img decoding=\"async\" class=\"alignnone size-thumbnail wp-image-60567\" title=\"100526_Ausflug2\" src=\"http:\/\/www.fuldaer-nachrichten.de\/wp-content\/uploads\/2010\/05\/100526_Ausflug2-265x198.jpg\" alt=\"100526_Ausflug2\" width=\"265\" height=\"198\" srcset=\"https:\/\/www.fuldaernachrichten.de\/wp-content\/uploads\/2010\/05\/100526_Ausflug2-265x198.jpg 265w, https:\/\/www.fuldaernachrichten.de\/wp-content\/uploads\/2010\/05\/100526_Ausflug2.jpg 592w\" sizes=\"(max-width: 265px) 100vw, 265px\" \/><\/a> <a href=\"http:\/\/www.fuldaer-nachrichten.de\/wp-content\/uploads\/2010\/05\/100526_Ausflug3.jpg\"><img decoding=\"async\" class=\"alignnone size-thumbnail wp-image-60568\" title=\"100526_Ausflug3\" src=\"http:\/\/www.fuldaer-nachrichten.de\/wp-content\/uploads\/2010\/05\/100526_Ausflug3-265x198.jpg\" alt=\"100526_Ausflug3\" width=\"265\" height=\"198\" srcset=\"https:\/\/www.fuldaernachrichten.de\/wp-content\/uploads\/2010\/05\/100526_Ausflug3-265x198.jpg 265w, https:\/\/www.fuldaernachrichten.de\/wp-content\/uploads\/2010\/05\/100526_Ausflug3.jpg 592w\" sizes=\"(max-width: 265px) 100vw, 265px\" \/><\/a><\/p>\n<p>Als G\u00e4ste nahmen neben den Betreuungslehrern der Schulen auch Vertreter des Polizeipr\u00e4sidiums Osthessen, die f\u00fcr die Ausbildung der Schulbuslotsen verantwortlich zeichnen, teil. Finanziell unterst\u00fctzt wurde der Ausflug durch die Deutsche Verkehrswacht, die Lokale Nahverkehrsgesellschaft Fulda, die Bef\u00f6rderungsunternehmen \u00dcWAG Bus GmbH, die Firma Uth (Gotthards), die Firma Stumpf (Dietershausen), ETK-Reisen (Niederkalbach), Rh\u00f6nperle Reisen (B\u00f6ckels), Sauer-Reisen (Uttrichshausen), August-Kiel-Reisen (Eiterfeld) sowie die Firma Rh\u00f6nsprudel (Weyhers).<\/p>\n","protected":false},"excerpt":{"rendered":"<div class=\"tmnf_excerpt\"><p>Fulda\/Hassloch. Einen erlebnisreichen Tag verbrachten die Sch\u00fcler- und Schulbuslotsen aus dem Landkreis Fulda auf Einladung des Fachdienstes Schulen der Kreisverwaltung. Die Fahrt f\u00fchrte zum Holiday Park nach Hassloch\/Pfalz. Bei der Verabschiedung der rund 500 Teilnehmer, die in zehn Bussen von der Ochsenwiese starteten, brachte der Leiter des Fachdiensts, Felix Gaul, seinen Stolz zum Ausdruck, dass &hellip;<\/p>\n<\/div>","protected":false},"author":1,"featured_media":0,"comment_status":"closed","ping_status":"closed","sticky":false,"template":"","format":"standard","meta":{"footnotes":""},"categories":[1],"tags":[],"class_list":["post-60565","post","type-post","status-publish","format-standard","hentry","category-startseite"],"_links":{"self":[{"href":"https:\/\/www.fuldaernachrichten.de\/index.php?rest_route=\/wp\/v2\/posts\/60565","targetHints":{"allow":["GET"]}}],"collection":[{"href":"https:\/\/www.fuldaernachrichten.de\/index.php?rest_route=\/wp\/v2\/posts"}],"about":[{"href":"https:\/\/www.fuldaernachrichten.de\/index.php?rest_route=\/wp\/v2\/types\/post"}],"author":[{"embeddable":true,"href":"https:\/\/www.fuldaernachrichten.de\/index.php?rest_route=\/wp\/v2\/users\/1"}],"replies":[{"embeddable":true,"href":"https:\/\/www.fuldaernachrichten.de\/index.php?rest_route=%2Fwp%2Fv2%2Fcomments&post=60565"}],"version-history":[{"count":2,"href":"https:\/\/www.fuldaernachrichten.de\/index.php?rest_route=\/wp\/v2\/posts\/60565\/revisions"}],"predecessor-version":[{"id":60581,"href":"https:\/\/www.fuldaernachrichten.de\/index.php?rest_route=\/wp\/v2\/posts\/60565\/revisions\/60581"}],"wp:attachment":[{"href":"https:\/\/www.fuldaernachrichten.de\/index.php?rest_route=%2Fwp%2Fv2%2Fmedia&parent=60565"}],"wp:term":[{"taxonomy":"category","embeddable":true,"href":"https:\/\/www.fuldaernachrichten.de\/index.php?rest_route=%2Fwp%2Fv2%2Fcategories&post=60565"},{"taxonomy":"post_tag","embeddable":true,"href":"https:\/\/www.fuldaernachrichten.de\/index.php?rest_route=%2Fwp%2Fv2%2Ftags&post=60565"}],"curies":[{"name":"wp","href":"https:\/\/api.w.org\/{rel}","templated":true}]}}