{"id":60492,"date":"2010-05-28T02:51:26","date_gmt":"2010-05-28T00:51:26","guid":{"rendered":"http:\/\/www.fuldaer-nachrichten.de\/?p=60492"},"modified":"2010-05-28T07:52:04","modified_gmt":"2010-05-28T05:52:04","slug":"alle-wege-fuehren-nach-rom-auf-pilgerreise-in-die-ewige-stadt","status":"publish","type":"post","link":"https:\/\/www.fuldaernachrichten.de\/?p=60492","title":{"rendered":"Alle Wege f\u00fchren nach Rom: Auf Pilgerreise in die \u201eEwige Stadt\u201c"},"content":{"rendered":"<p><strong><a href=\"http:\/\/www.fuldaer-nachrichten.de\/wp-content\/uploads\/2010\/05\/100526_Rom.jpg\"><img fetchpriority=\"high\" decoding=\"async\" class=\"alignleft size-thumbnail wp-image-60493\" title=\"100526_Rom\" src=\"http:\/\/www.fuldaer-nachrichten.de\/wp-content\/uploads\/2010\/05\/100526_Rom-265x459.jpg\" alt=\"100526_Rom\" width=\"265\" height=\"459\" srcset=\"https:\/\/www.fuldaernachrichten.de\/wp-content\/uploads\/2010\/05\/100526_Rom-265x459.jpg 265w, https:\/\/www.fuldaernachrichten.de\/wp-content\/uploads\/2010\/05\/100526_Rom.jpg 399w\" sizes=\"(max-width: 265px) 100vw, 265px\" \/><\/a>Frankfurt am Main.<\/strong> Alle Wege f\u00fchren nach Rom! Seit Menschengedenken ist die \u201eEwige Stadt\u201c Zentrum und Ziel der katholischen Christenheit. Ein zuverl\u00e4ssiger Weggef\u00e4hrte ist der neue, spirituelle Reisef\u00fchrer \u201eDie Pilgerreise nach Rom\u201c von Dr. Gabriele Knoll. Reisende, die sich f\u00fcr die religions- und kulturgeschichtliche Seite der Stadt am Tiber interessieren, sind Zielgruppe dieses neuen Bandes aus dem Pilgerbuch Verlag in Frankfurt am Main. Informativ und anschaulich illustriert begleitet er den Leser zu den heiligen St\u00e4dten &#8211; allen voran die sieben Hauptkirchen: St. Peter im Vatikan, St. Paul und St. Sebastian vor den Mauern, St. Johannes im Lateran, Heilig Kreuz in Jerusalem, St. Laurentius und St. Maria Maggiore. Ebenfalls vorgestellt werden weitere Anlaufpunkte auch rein touristischer Art. So kann sich jeder seinen eigenen Weg durch Rom bahnen.<!--more--><\/p>\n<p>Bereits im Mittelalter war Rom das wichtigste europ\u00e4ische Pilgerziel, nicht zuletzt wegen der Grabst\u00e4tten der Apostel Petrus und Paulus. Und der Strom der Pilger h\u00e4lt an. Nicht nur zu den Hauptreisezeiten wie Ostern, Pfingsten und Weihnachten begeben sich Reisende aus aller Welt nach Rom. Auch Dr. Gabriele M. Knoll hat sich auf den Weg gemacht, das alte und das neue Rom zu entdecken. Mitrei\u00dfend beschreibt die Autorin ihre Reise. Kultur und Spiritualit\u00e4t, Lebensart und Geschichte flie\u00dfen ineinander und machen \u201eDie Pilgerreise nach Rom\u201c schon beim Lesen zu einem echten Erlebnis. Neben Routenbeschreibungen, Hintergrund Informationen und Praxistipps gibt es auch Nachdenkliches und Inspirierendes. Das Vorwort schrieb Marc Montini, ENIT-Direktor der deutschsprachigen L\u00e4nder. Fotografiert hat Petra Kammann, seit Anfang an mit im Team des Verlags.<\/p>\n","protected":false},"excerpt":{"rendered":"<div class=\"tmnf_excerpt\"><p>Frankfurt am Main. Alle Wege f\u00fchren nach Rom! Seit Menschengedenken ist die \u201eEwige Stadt\u201c Zentrum und Ziel der katholischen Christenheit. Ein zuverl\u00e4ssiger Weggef\u00e4hrte ist der neue, spirituelle Reisef\u00fchrer \u201eDie Pilgerreise nach Rom\u201c von Dr. Gabriele Knoll. Reisende, die sich f\u00fcr die religions- und kulturgeschichtliche Seite der Stadt am Tiber interessieren, sind Zielgruppe dieses neuen Bandes &hellip;<\/p>\n<\/div>","protected":false},"author":1,"featured_media":0,"comment_status":"closed","ping_status":"closed","sticky":false,"template":"","format":"standard","meta":{"footnotes":""},"categories":[1,52],"tags":[],"class_list":["post-60492","post","type-post","status-publish","format-standard","hentry","category-startseite","category-umwelt"],"_links":{"self":[{"href":"https:\/\/www.fuldaernachrichten.de\/index.php?rest_route=\/wp\/v2\/posts\/60492","targetHints":{"allow":["GET"]}}],"collection":[{"href":"https:\/\/www.fuldaernachrichten.de\/index.php?rest_route=\/wp\/v2\/posts"}],"about":[{"href":"https:\/\/www.fuldaernachrichten.de\/index.php?rest_route=\/wp\/v2\/types\/post"}],"author":[{"embeddable":true,"href":"https:\/\/www.fuldaernachrichten.de\/index.php?rest_route=\/wp\/v2\/users\/1"}],"replies":[{"embeddable":true,"href":"https:\/\/www.fuldaernachrichten.de\/index.php?rest_route=%2Fwp%2Fv2%2Fcomments&post=60492"}],"version-history":[{"count":2,"href":"https:\/\/www.fuldaernachrichten.de\/index.php?rest_route=\/wp\/v2\/posts\/60492\/revisions"}],"predecessor-version":[{"id":60680,"href":"https:\/\/www.fuldaernachrichten.de\/index.php?rest_route=\/wp\/v2\/posts\/60492\/revisions\/60680"}],"wp:attachment":[{"href":"https:\/\/www.fuldaernachrichten.de\/index.php?rest_route=%2Fwp%2Fv2%2Fmedia&parent=60492"}],"wp:term":[{"taxonomy":"category","embeddable":true,"href":"https:\/\/www.fuldaernachrichten.de\/index.php?rest_route=%2Fwp%2Fv2%2Fcategories&post=60492"},{"taxonomy":"post_tag","embeddable":true,"href":"https:\/\/www.fuldaernachrichten.de\/index.php?rest_route=%2Fwp%2Fv2%2Ftags&post=60492"}],"curies":[{"name":"wp","href":"https:\/\/api.w.org\/{rel}","templated":true}]}}