{"id":60479,"date":"2010-05-27T04:11:17","date_gmt":"2010-05-27T02:11:17","guid":{"rendered":"http:\/\/www.fuldaer-nachrichten.de\/?p=60479"},"modified":"2010-05-27T09:12:41","modified_gmt":"2010-05-27T07:12:41","slug":"40-jaehriges-arbeitsjubilaeum-bei-der-moebelstadt-sommerlad","status":"publish","type":"post","link":"https:\/\/www.fuldaernachrichten.de\/?p=60479","title":{"rendered":"40-j\u00e4hriges Arbeitsjubil\u00e4um bei der M\u00f6belstadt Sommerlad"},"content":{"rendered":"<p><strong><a href=\"http:\/\/www.fuldaer-nachrichten.de\/wp-content\/uploads\/2010\/05\/100526_Gabriel.jpg\"><img fetchpriority=\"high\" decoding=\"async\" class=\"alignleft size-thumbnail wp-image-60480\" title=\"100526_Gabriel\" src=\"http:\/\/www.fuldaer-nachrichten.de\/wp-content\/uploads\/2010\/05\/100526_Gabriel-265x375.jpg\" alt=\"100526_Gabriel\" width=\"265\" height=\"375\" srcset=\"https:\/\/www.fuldaernachrichten.de\/wp-content\/uploads\/2010\/05\/100526_Gabriel-265x375.jpg 265w, https:\/\/www.fuldaernachrichten.de\/wp-content\/uploads\/2010\/05\/100526_Gabriel.jpg 399w\" sizes=\"(max-width: 265px) 100vw, 265px\" \/><\/a>Fulda. <\/strong>Am 01. Juni 2010 feiert Manfred Gabriel aus Fulda-Gl\u00e4serzell sein 40-j\u00e4hriges Arbeitsjubil\u00e4um bei der M\u00f6belstadt Sommerlad in Fulda. Seine T\u00e4tigkeit im Unternehmen begann im Verkauf im Bereich K\u00fcchen und Speisezimmer. Auch heute ist er noch im Verkauf t\u00e4tig und gilt als exzellenter Planungsfachmann bei der Planung von K\u00fcchen und B\u00e4dern. Selbst schwierigste K\u00fcchenplanungen sind bei ihm gut aufgehoben, hei\u00dft es in der Presseinformation des Unternehmens. Er zeichne sich durch fachlich kompetente und zuverl\u00e4ssige Arbeitsweise aus und genie\u00dfe im Unternehmen, bei Kunden und im Kollegenkreis Symphatie und Wertsch\u00e4tzung. Im Rahmen einer gemeinsamen Jubilarfeier im Hause Sommerlad erh\u00e4lt Manfred Gabriel Dank und Anerkennung vom Unternehmen und den Familien Sommerlad.<\/p>\n","protected":false},"excerpt":{"rendered":"<div class=\"tmnf_excerpt\"><p>Fulda. Am 01. Juni 2010 feiert Manfred Gabriel aus Fulda-Gl\u00e4serzell sein 40-j\u00e4hriges Arbeitsjubil\u00e4um bei der M\u00f6belstadt Sommerlad in Fulda. Seine T\u00e4tigkeit im Unternehmen begann im Verkauf im Bereich K\u00fcchen und Speisezimmer. Auch heute ist er noch im Verkauf t\u00e4tig und gilt als exzellenter Planungsfachmann bei der Planung von K\u00fcchen und B\u00e4dern. Selbst schwierigste K\u00fcchenplanungen sind &hellip;<\/p>\n<\/div>","protected":false},"author":1,"featured_media":0,"comment_status":"closed","ping_status":"closed","sticky":false,"template":"","format":"standard","meta":{"footnotes":""},"categories":[1],"tags":[],"class_list":["post-60479","post","type-post","status-publish","format-standard","hentry","category-startseite"],"_links":{"self":[{"href":"https:\/\/www.fuldaernachrichten.de\/index.php?rest_route=\/wp\/v2\/posts\/60479","targetHints":{"allow":["GET"]}}],"collection":[{"href":"https:\/\/www.fuldaernachrichten.de\/index.php?rest_route=\/wp\/v2\/posts"}],"about":[{"href":"https:\/\/www.fuldaernachrichten.de\/index.php?rest_route=\/wp\/v2\/types\/post"}],"author":[{"embeddable":true,"href":"https:\/\/www.fuldaernachrichten.de\/index.php?rest_route=\/wp\/v2\/users\/1"}],"replies":[{"embeddable":true,"href":"https:\/\/www.fuldaernachrichten.de\/index.php?rest_route=%2Fwp%2Fv2%2Fcomments&post=60479"}],"version-history":[{"count":2,"href":"https:\/\/www.fuldaernachrichten.de\/index.php?rest_route=\/wp\/v2\/posts\/60479\/revisions"}],"predecessor-version":[{"id":60589,"href":"https:\/\/www.fuldaernachrichten.de\/index.php?rest_route=\/wp\/v2\/posts\/60479\/revisions\/60589"}],"wp:attachment":[{"href":"https:\/\/www.fuldaernachrichten.de\/index.php?rest_route=%2Fwp%2Fv2%2Fmedia&parent=60479"}],"wp:term":[{"taxonomy":"category","embeddable":true,"href":"https:\/\/www.fuldaernachrichten.de\/index.php?rest_route=%2Fwp%2Fv2%2Fcategories&post=60479"},{"taxonomy":"post_tag","embeddable":true,"href":"https:\/\/www.fuldaernachrichten.de\/index.php?rest_route=%2Fwp%2Fv2%2Ftags&post=60479"}],"curies":[{"name":"wp","href":"https:\/\/api.w.org\/{rel}","templated":true}]}}