{"id":60465,"date":"2010-05-27T02:13:39","date_gmt":"2010-05-27T00:13:39","guid":{"rendered":"http:\/\/www.fuldaer-nachrichten.de\/?p=60465"},"modified":"2010-05-27T09:14:04","modified_gmt":"2010-05-27T07:14:04","slug":"hr2-literaturpreis-geht-an-drei-nachwuchsautoren","status":"publish","type":"post","link":"https:\/\/www.fuldaernachrichten.de\/?p=60465","title":{"rendered":"hr2-Literaturpreis geht an drei Nachwuchsautoren"},"content":{"rendered":"<p><strong>Wiesbaden. <\/strong>Der im Rahmen des Literaturwettbewerbs \u201eJungen Literaturforum Hessen Th\u00fcringen\u201c erstmals vergebene hr2-Literaturpreis geht an die drei Nachwuchsautoren Juliane Bruhn, Markus Ladebeck und Kai Mertig. Das \u201eJunge Literaturforum Hessen-Th\u00fcringen\u201c ist ein Schreibwettbewerb f\u00fcr Autorinnen und Autoren zwischen 16 und 25 Jahren aus beiden Bundesl\u00e4ndern und wird vom Hessischen Ministerium f\u00fcr Wissenschaft und Kunst und vom Th\u00fcringer Ministerium f\u00fcr Bildung, Wissenschaft und Kultur allj\u00e4hrlich gemeinsam ausgelobt.<!--more--><\/p>\n<p>Insgesamt 28 Preistr\u00e4gerinnen und Preistr\u00e4ger hatte die Jury in diesem Jahr unter den 734 Einsendungen ausgew\u00e4hlt. Die zehn Hauptpreistr\u00e4ger erhalten traditionell ein Preisgeld von 500 Euro, gemeinsam mit weiteren f\u00fcnf Preistr\u00e4gern nehmen sie an einem Autorenseminar teil. Alle Preistr\u00e4gertexte sind nachzulesen in der im Allitera Verlag erschienenen \u201eNagelprobe\u201c.<\/p>\n<p>Mit dem hr2 Literaturpreis f\u00fcgt der Hessische Rundfunk 2010 nun eine weitere Auszeichnung hinzu. hr2-kultur hatte die Gewinnertexte im April und Mai in seiner Sendung \u201eSp\u00e4tlese\u201c pr\u00e4sentiert und zur Wahl gestellt. 34.844 H\u00f6rerinnen und H\u00f6rer des Hessischen Rundfunks haben im Internet unter www.hr2.de unter den Texten der zehn Hauptgewinner des Wettbewerbs ihre Lieblingstexte ausgew\u00e4hlt. hr2-kultur bietet den drei Preistr\u00e4gern nun die M\u00f6glichkeit, eine weitere Arbeit im Radio zu ver\u00f6ffentlichen. Die \u201eLandesmusikakademie Hessen \u2013 Schloss Hallenburg\u201c l\u00e4dt sie dar\u00fcber hinaus zu einem Arbeitswochenende nach Schlitz ein.<\/p>\n<p>Staatsministerin Eva K\u00fchne-H\u00f6rmann dankte dem Hessischen Rundfunk f\u00fcr seine Initiative: \u201eWie gro\u00df die Schreiblust junger Autorinnen und Autoren ist, hat die Rekordteilnehmerzahl beim Jungen Literaturforum Hessen-Th\u00fcringen 2010 gezeigt. Wie gro\u00df das Interesse an junger Literatur ist, zeigt jetzt das \u00fcberw\u00e4ltigende H\u00f6rerinteresse an ihren Texten. Das ist ein gutes Zeichen f\u00fcr die Zukunft der Literatur \u2013 nicht nur in Hessen.\u201c<\/p>\n<p>Die meisten Voten entfielen auf \u201eSinnflimmern\u201c von Juliane Bruhn. Sie wurde 1984 in K\u00fchlungsborn geboren und studierte Kommunikationswissenschaft, Englische Philologie und Psychologie. Sie lebt in Frankfurt und ist zurzeit Praktikantin in einem Verlag. \u201eSinnflimmern\u201c ist der innere Monolog einer jungen Frau, die ihr n\u00e4chtliches Erwachen aus einem Alptraum in die nicht minder unsichere Realit\u00e4t beschreibt.<\/p>\n<p>Der zweitplatzierte Text ist \u201ewindmann geht die St\u00fcrme k\u00fcssen\u201c von Kai Mertig. 1987 in Chemnitz geboren, studiert er Literaturwissenschaft und Philosophie an der Universit\u00e4t Erfurt. 2008 gr\u00fcndete er die Literaturzeitschrift \u201ewortwuchs\u201c. \u201ewindmann geht die st\u00fcrme k\u00fcssen\u201c ist ein rasante Geschichte vom \u00dcberfliegen und Scheitern, von gro\u00dfen Erwartungen und kleinlautem Realit\u00e4tssinn.<\/p>\n<p>Den 3. Platz belegt \u201eHerr Karlstein\u201c von Markus Ladebeck. Er wurde 1993 geboren, ist Sch\u00fcler und wohnt in Erlensee. \u201eHerr Karlstein\u201c handelt vom Aufbruch ins Freie, den ein Mensch unternimmt, der an der \u00dcberkomplexit\u00e4t seines Wahrnehmens und Denkens leidet.<\/p>\n","protected":false},"excerpt":{"rendered":"<div class=\"tmnf_excerpt\"><p>Wiesbaden. Der im Rahmen des Literaturwettbewerbs \u201eJungen Literaturforum Hessen Th\u00fcringen\u201c erstmals vergebene hr2-Literaturpreis geht an die drei Nachwuchsautoren Juliane Bruhn, Markus Ladebeck und Kai Mertig. Das \u201eJunge Literaturforum Hessen-Th\u00fcringen\u201c ist ein Schreibwettbewerb f\u00fcr Autorinnen und Autoren zwischen 16 und 25 Jahren aus beiden Bundesl\u00e4ndern und wird vom Hessischen Ministerium f\u00fcr Wissenschaft und Kunst und vom &hellip;<\/p>\n<\/div>","protected":false},"author":1,"featured_media":0,"comment_status":"closed","ping_status":"closed","sticky":false,"template":"","format":"standard","meta":{"footnotes":""},"categories":[1,44],"tags":[],"class_list":["post-60465","post","type-post","status-publish","format-standard","hentry","category-startseite","category-kultur"],"_links":{"self":[{"href":"https:\/\/www.fuldaernachrichten.de\/index.php?rest_route=\/wp\/v2\/posts\/60465","targetHints":{"allow":["GET"]}}],"collection":[{"href":"https:\/\/www.fuldaernachrichten.de\/index.php?rest_route=\/wp\/v2\/posts"}],"about":[{"href":"https:\/\/www.fuldaernachrichten.de\/index.php?rest_route=\/wp\/v2\/types\/post"}],"author":[{"embeddable":true,"href":"https:\/\/www.fuldaernachrichten.de\/index.php?rest_route=\/wp\/v2\/users\/1"}],"replies":[{"embeddable":true,"href":"https:\/\/www.fuldaernachrichten.de\/index.php?rest_route=%2Fwp%2Fv2%2Fcomments&post=60465"}],"version-history":[{"count":2,"href":"https:\/\/www.fuldaernachrichten.de\/index.php?rest_route=\/wp\/v2\/posts\/60465\/revisions"}],"predecessor-version":[{"id":60590,"href":"https:\/\/www.fuldaernachrichten.de\/index.php?rest_route=\/wp\/v2\/posts\/60465\/revisions\/60590"}],"wp:attachment":[{"href":"https:\/\/www.fuldaernachrichten.de\/index.php?rest_route=%2Fwp%2Fv2%2Fmedia&parent=60465"}],"wp:term":[{"taxonomy":"category","embeddable":true,"href":"https:\/\/www.fuldaernachrichten.de\/index.php?rest_route=%2Fwp%2Fv2%2Fcategories&post=60465"},{"taxonomy":"post_tag","embeddable":true,"href":"https:\/\/www.fuldaernachrichten.de\/index.php?rest_route=%2Fwp%2Fv2%2Ftags&post=60465"}],"curies":[{"name":"wp","href":"https:\/\/api.w.org\/{rel}","templated":true}]}}