{"id":60453,"date":"2010-05-27T03:14:22","date_gmt":"2010-05-27T01:14:22","guid":{"rendered":"http:\/\/www.fuldaer-nachrichten.de\/?p=60453"},"modified":"2010-05-27T09:14:36","modified_gmt":"2010-05-27T07:14:36","slug":"stamm-st-bonifatius-waechtersbach-hat-zum-gelingen-des-oekt-beigetragen","status":"publish","type":"post","link":"https:\/\/www.fuldaernachrichten.de\/?p=60453","title":{"rendered":"Stamm St. Bonifatius W\u00e4chtersbach hat zum Gelingen des \u00d6KT beigetragen"},"content":{"rendered":"<p><strong><a href=\"http:\/\/www.fuldaer-nachrichten.de\/wp-content\/uploads\/2010\/05\/100526_Waechtersbach.jpg\"><img decoding=\"async\" class=\"alignleft size-thumbnail wp-image-60458\" title=\"100526_Waechtersbach\" src=\"http:\/\/www.fuldaer-nachrichten.de\/wp-content\/uploads\/2010\/05\/100526_Waechtersbach-265x176.jpg\" alt=\"100526_Waechtersbach\" width=\"265\" height=\"176\" srcset=\"https:\/\/www.fuldaernachrichten.de\/wp-content\/uploads\/2010\/05\/100526_Waechtersbach-265x176.jpg 265w, https:\/\/www.fuldaernachrichten.de\/wp-content\/uploads\/2010\/05\/100526_Waechtersbach.jpg 592w\" sizes=\"(max-width: 265px) 100vw, 265px\" \/><\/a>W\u00e4chtersbach. <\/strong>21 Pfadfinder aus W\u00e4chtersbach und einigen befreundeten St\u00e4mmen verbrachten erlebnis-und arbeitsreiche Tage auf dem \u00d6kumenischen Kirchentag in M\u00fcnchen. Nachdem die Leiter und Rover des Stammes schon im letzten Jahr als Helfer auf dem evangelischen Kirchentag in Bremen aktiv waren, stand nun schon fr\u00fch fest, dass der Stamm St. Bonifatius auch in diesem Jahr den II. \u00d6kumenischen Kirchentag unterst\u00fctzen w\u00fcrde, und so machten sich die Pfadfinder auf, um das ihre zu tun, um den Kirchentag zu einem unvergesslichen Erlebnis f\u00fcr alle Teilnehmer und Teilnehmerinnen werden zu lassen.<!--more--><\/p>\n<p>Und zu tun gab es reichlich: Nachdem die Gruppe ihr Quartier in einer Schule, in der noch einige weitere hundert Helfer untergebracht waren, bezogen hatte, ging es auch schon los: Als erster Arbeitseinsatz wartete das Verteilen der Liedzettel f\u00fcr den Er\u00f6ffnungsgottesdienst auf der Theresienwiese. F\u00fcr Donnerstag, Freitag und Samstag hatten die Helferkoordinatoren eine besondere Aufgabe f\u00fcr die Pfadfinder aus W\u00e4chtersbach: Zusammen mit der Waldjugend galt es, die gr\u00f6\u00dfte Halle auf der M\u00fcnchner Messe zu betreuen. 5000 Sitzpl\u00e4tze auf Papphockern, 1000 Stehpl\u00e4tze, 8 Tore und eine F\u00fclle von Veranstaltungen galt es zu managen.<\/p>\n<p>Und das waren nicht irgendwelche Veranstaltungen, nein, Bunderkanzelerin Angela Merkel war ebenso zu Gast in der Halle wie die ehemalige EKD-Vorsitzende Margot K\u00e4\u00dfmann, die mit einer Bibelarbeit den ersten \u00f6ffentlichen Auftritt nach ihrem R\u00fcckzug gestaltete. Giora Feidmann gab in der Halle ein Konzert, ebenso fand die \u201eNacht der Lichter\u201c mit Br\u00fcdern aus Taiz\u00e9 dort statt.<\/p>\n<p><a href=\"http:\/\/www.fuldaer-nachrichten.de\/wp-content\/uploads\/2010\/05\/100526_Waechtersbach2.jpg\"><img decoding=\"async\" class=\"alignnone size-thumbnail wp-image-60460\" title=\"100526_Waechtersbach2\" src=\"http:\/\/www.fuldaer-nachrichten.de\/wp-content\/uploads\/2010\/05\/100526_Waechtersbach2-265x176.jpg\" alt=\"100526_Waechtersbach2\" width=\"265\" height=\"176\" srcset=\"https:\/\/www.fuldaernachrichten.de\/wp-content\/uploads\/2010\/05\/100526_Waechtersbach2-265x176.jpg 265w, https:\/\/www.fuldaernachrichten.de\/wp-content\/uploads\/2010\/05\/100526_Waechtersbach2.jpg 592w\" sizes=\"(max-width: 265px) 100vw, 265px\" \/><\/a> <a href=\"http:\/\/www.fuldaer-nachrichten.de\/wp-content\/uploads\/2010\/05\/100526_Waerchtersbach3.jpg\"><img decoding=\"async\" class=\"alignnone size-thumbnail wp-image-60461\" title=\"100526_Waerchtersbach3\" src=\"http:\/\/www.fuldaer-nachrichten.de\/wp-content\/uploads\/2010\/05\/100526_Waerchtersbach3-265x176.jpg\" alt=\"100526_Waerchtersbach3\" width=\"265\" height=\"176\" srcset=\"https:\/\/www.fuldaernachrichten.de\/wp-content\/uploads\/2010\/05\/100526_Waerchtersbach3-265x176.jpg 265w, https:\/\/www.fuldaernachrichten.de\/wp-content\/uploads\/2010\/05\/100526_Waerchtersbach3.jpg 592w\" sizes=\"(max-width: 265px) 100vw, 265px\" \/><\/a><\/p>\n<p>Immer wieder hiess es darum \u201eHalle \u00fcberf\u00fcllt!\u201c, und die Generalprobe und die Anspannung beim Besuch der Kanzlerin werden wohl allen in Erinnerung bleiben. \u201eNachdem wir letztes Jahr schon geholfen haben, wollten wir eine verantwortungsvolle Aufgabe \u2013 und die haben wir auch wirklich bekommen!\u201c, so berichtet Markus Leis, Stammesvorsitzender und Hauptverantwortlicher f\u00fcr den Einsatz.<\/p>\n<p>Nach der letzten Veranstaltung am Samstag hiess es dann \u201eKlar Schiff in der Halle\u201c und so waren fast 100 Menschen fast zwei Stunden besch\u00e4ftigt, 5000 Papphocker zu entsorgen und die Halle sauber zu machen. \u201eDa kamen einfach Teilnehmer dazu und haben uns geholfen, das hat mich echt beeindruckt,\u201c so Ricarda Faupel, Roverin im Stamm.<\/p>\n<p>Doch damit war die Energie der Jugendlichen und Erwachsenen immer noch nicht ersch\u00f6pft. Am Sonntag schliesslich stand die Gruppe um sieben Uhr auf der Theresienwiese, um die Besucher des Abschlussgottesdienstes willkommen zu heissen. \u201eBis dahin hat das Wetter gehalten, und nun stehen wir hier im Nieselregen.\u201c Annette Hehenkamp aus Marburg, die sich f\u00fcr den Helfereinsatz den W\u00e4chtersbachern angeschlossen hat, nahm die Sache mit Humor. \u201eUnd trotzdem ist es sch\u00f6n, so viele Menschen zu sehen, evangelisch und katholisch, die gemeinsam Gottesdienst feiern.\u201c<\/p>\n<p>Und so ging es dann am Sonntag m\u00fcde, aber zufrieden auf den Heimweg \u2013 zufrieden dar\u00fcber, etwas beigetragen zu haben zum gro\u00dfen Treffen der christlichen Kirchen, ein Treffen, von dem die Pfadfinder hoffen, dass es bald wieder eines geben wird. Aber zun\u00e4chst einmal schauen sie auf den evangelischen Kirchentag 2011 in Dresden und den Katholikentag 2012 in Mannheim und freuen sich darauf, wieder mit zu helfen.<\/p>\n<p>Mehr Infomationen zur Arbeit der DPSG St. Bonifatius W\u00e4chtersbach sind unter <a href=\"http:\/\/www.stamm-bonifatius.de\/\">www.stamm-Bonifatius.de<\/a> zu finden.<\/p>\n","protected":false},"excerpt":{"rendered":"<div class=\"tmnf_excerpt\"><p>W\u00e4chtersbach. 21 Pfadfinder aus W\u00e4chtersbach und einigen befreundeten St\u00e4mmen verbrachten erlebnis-und arbeitsreiche Tage auf dem \u00d6kumenischen Kirchentag in M\u00fcnchen. Nachdem die Leiter und Rover des Stammes schon im letzten Jahr als Helfer auf dem evangelischen Kirchentag in Bremen aktiv waren, stand nun schon fr\u00fch fest, dass der Stamm St. Bonifatius auch in diesem Jahr den &hellip;<\/p>\n<\/div>","protected":false},"author":1,"featured_media":0,"comment_status":"closed","ping_status":"closed","sticky":false,"template":"","format":"standard","meta":{"footnotes":""},"categories":[1,50],"tags":[],"class_list":["post-60453","post","type-post","status-publish","format-standard","hentry","category-startseite","category-kirche"],"_links":{"self":[{"href":"https:\/\/www.fuldaernachrichten.de\/index.php?rest_route=\/wp\/v2\/posts\/60453","targetHints":{"allow":["GET"]}}],"collection":[{"href":"https:\/\/www.fuldaernachrichten.de\/index.php?rest_route=\/wp\/v2\/posts"}],"about":[{"href":"https:\/\/www.fuldaernachrichten.de\/index.php?rest_route=\/wp\/v2\/types\/post"}],"author":[{"embeddable":true,"href":"https:\/\/www.fuldaernachrichten.de\/index.php?rest_route=\/wp\/v2\/users\/1"}],"replies":[{"embeddable":true,"href":"https:\/\/www.fuldaernachrichten.de\/index.php?rest_route=%2Fwp%2Fv2%2Fcomments&post=60453"}],"version-history":[{"count":2,"href":"https:\/\/www.fuldaernachrichten.de\/index.php?rest_route=\/wp\/v2\/posts\/60453\/revisions"}],"predecessor-version":[{"id":60591,"href":"https:\/\/www.fuldaernachrichten.de\/index.php?rest_route=\/wp\/v2\/posts\/60453\/revisions\/60591"}],"wp:attachment":[{"href":"https:\/\/www.fuldaernachrichten.de\/index.php?rest_route=%2Fwp%2Fv2%2Fmedia&parent=60453"}],"wp:term":[{"taxonomy":"category","embeddable":true,"href":"https:\/\/www.fuldaernachrichten.de\/index.php?rest_route=%2Fwp%2Fv2%2Fcategories&post=60453"},{"taxonomy":"post_tag","embeddable":true,"href":"https:\/\/www.fuldaernachrichten.de\/index.php?rest_route=%2Fwp%2Fv2%2Ftags&post=60453"}],"curies":[{"name":"wp","href":"https:\/\/api.w.org\/{rel}","templated":true}]}}