{"id":60441,"date":"2010-05-27T04:15:30","date_gmt":"2010-05-27T02:15:30","guid":{"rendered":"http:\/\/www.fuldaer-nachrichten.de\/?p=60441"},"modified":"2010-05-27T09:16:25","modified_gmt":"2010-05-27T07:16:25","slug":"smart-probefahrt-event-an-der-stadtpfarrkirche","status":"publish","type":"post","link":"https:\/\/www.fuldaernachrichten.de\/?p=60441","title":{"rendered":"smart Probefahrt-Event an der Stadtpfarrkirche"},"content":{"rendered":"<p><strong><a href=\"http:\/\/www.fuldaer-nachrichten.de\/wp-content\/uploads\/2010\/05\/100526_Smart.jpg\"><img fetchpriority=\"high\" decoding=\"async\" class=\"alignleft size-thumbnail wp-image-60442\" title=\"100526_Smart\" src=\"http:\/\/www.fuldaer-nachrichten.de\/wp-content\/uploads\/2010\/05\/100526_Smart-265x198.jpg\" alt=\"100526_Smart\" width=\"265\" height=\"198\" srcset=\"https:\/\/www.fuldaernachrichten.de\/wp-content\/uploads\/2010\/05\/100526_Smart-265x198.jpg 265w, https:\/\/www.fuldaernachrichten.de\/wp-content\/uploads\/2010\/05\/100526_Smart.jpg 592w\" sizes=\"(max-width: 265px) 100vw, 265px\" \/><\/a>Fulda. <\/strong>Am 21.05.2010 und 22.05.2010 fand an der Stadtpfarrkirche das erste Probefahrt Event von smart in Fulda statt. Passanten und Interessenten konnten den smart f\u00fcr eine halbe Stunde Probe fahren. Zur Auswahl standen, zwei smart Cabrios, ein smart coup\u00e9 cdi und jeweils ein coup\u00e9 mit 61 PS , 71 PS , sowie 84 PS. Auf Grund des sch\u00f6nen Wetters waren die kleinen Flitzer sehr begehrt und permanent auf Fuldas Stra\u00dfen unterwegs. Die Resonanz auf das Probefahrt Event war super. Es gab einige Leute die noch nie in einem smart gesessen haben, und \u00fcberrascht dar\u00fcber waren, was der smart doch f\u00fcr ein komfortables Raumwunder ist. 114 Probefahrten wurden durch Fuldas Stra\u00dfen gefahren. Beendet wurde die Fahrten mit einem zufriedenen L\u00e4cheln auf den Gesichtern der Fahrer. F\u00fcr das smart Center Fulda steht fest: &#8220;Das war ein gelungenes Event.&#8221; F\u00fcr das Jahr 2011 sei auf jeden Fall eine Wiederholung geplant &#8211; dann vielleicht schon mit dem neuen elektro-smart.<!--more--><\/p>\n<p><a href=\"http:\/\/www.fuldaer-nachrichten.de\/wp-content\/uploads\/2010\/05\/100526_Smart2.jpg\"><img decoding=\"async\" class=\"alignnone size-thumbnail wp-image-60447\" title=\"100526_Smart2\" src=\"http:\/\/www.fuldaer-nachrichten.de\/wp-content\/uploads\/2010\/05\/100526_Smart2-265x198.jpg\" alt=\"100526_Smart2\" width=\"265\" height=\"198\" srcset=\"https:\/\/www.fuldaernachrichten.de\/wp-content\/uploads\/2010\/05\/100526_Smart2-265x198.jpg 265w, https:\/\/www.fuldaernachrichten.de\/wp-content\/uploads\/2010\/05\/100526_Smart2.jpg 592w\" sizes=\"(max-width: 265px) 100vw, 265px\" \/><\/a> <a href=\"http:\/\/www.fuldaer-nachrichten.de\/wp-content\/uploads\/2010\/05\/100526_Smart3.jpg\"><img decoding=\"async\" class=\"alignnone size-thumbnail wp-image-60450\" title=\"100526_Smart3\" src=\"http:\/\/www.fuldaer-nachrichten.de\/wp-content\/uploads\/2010\/05\/100526_Smart3-265x198.jpg\" alt=\"100526_Smart3\" width=\"265\" height=\"198\" srcset=\"https:\/\/www.fuldaernachrichten.de\/wp-content\/uploads\/2010\/05\/100526_Smart3-265x198.jpg 265w, https:\/\/www.fuldaernachrichten.de\/wp-content\/uploads\/2010\/05\/100526_Smart3.jpg 592w\" sizes=\"(max-width: 265px) 100vw, 265px\" \/><\/a><\/p>\n","protected":false},"excerpt":{"rendered":"<div class=\"tmnf_excerpt\"><p>Fulda. Am 21.05.2010 und 22.05.2010 fand an der Stadtpfarrkirche das erste Probefahrt Event von smart in Fulda statt. Passanten und Interessenten konnten den smart f\u00fcr eine halbe Stunde Probe fahren. Zur Auswahl standen, zwei smart Cabrios, ein smart coup\u00e9 cdi und jeweils ein coup\u00e9 mit 61 PS , 71 PS , sowie 84 PS. Auf &hellip;<\/p>\n<\/div>","protected":false},"author":1,"featured_media":0,"comment_status":"closed","ping_status":"closed","sticky":false,"template":"","format":"standard","meta":{"footnotes":""},"categories":[1,35],"tags":[],"class_list":["post-60441","post","type-post","status-publish","format-standard","hentry","category-startseite","category-auto"],"_links":{"self":[{"href":"https:\/\/www.fuldaernachrichten.de\/index.php?rest_route=\/wp\/v2\/posts\/60441","targetHints":{"allow":["GET"]}}],"collection":[{"href":"https:\/\/www.fuldaernachrichten.de\/index.php?rest_route=\/wp\/v2\/posts"}],"about":[{"href":"https:\/\/www.fuldaernachrichten.de\/index.php?rest_route=\/wp\/v2\/types\/post"}],"author":[{"embeddable":true,"href":"https:\/\/www.fuldaernachrichten.de\/index.php?rest_route=\/wp\/v2\/users\/1"}],"replies":[{"embeddable":true,"href":"https:\/\/www.fuldaernachrichten.de\/index.php?rest_route=%2Fwp%2Fv2%2Fcomments&post=60441"}],"version-history":[{"count":2,"href":"https:\/\/www.fuldaernachrichten.de\/index.php?rest_route=\/wp\/v2\/posts\/60441\/revisions"}],"predecessor-version":[{"id":60593,"href":"https:\/\/www.fuldaernachrichten.de\/index.php?rest_route=\/wp\/v2\/posts\/60441\/revisions\/60593"}],"wp:attachment":[{"href":"https:\/\/www.fuldaernachrichten.de\/index.php?rest_route=%2Fwp%2Fv2%2Fmedia&parent=60441"}],"wp:term":[{"taxonomy":"category","embeddable":true,"href":"https:\/\/www.fuldaernachrichten.de\/index.php?rest_route=%2Fwp%2Fv2%2Fcategories&post=60441"},{"taxonomy":"post_tag","embeddable":true,"href":"https:\/\/www.fuldaernachrichten.de\/index.php?rest_route=%2Fwp%2Fv2%2Ftags&post=60441"}],"curies":[{"name":"wp","href":"https:\/\/api.w.org\/{rel}","templated":true}]}}