{"id":60435,"date":"2010-05-26T03:45:03","date_gmt":"2010-05-26T01:45:03","guid":{"rendered":"http:\/\/www.fuldaer-nachrichten.de\/?p=60435"},"modified":"2010-05-26T11:47:24","modified_gmt":"2010-05-26T09:47:24","slug":"behandlung-chronischer-schmerzen-vhs-tagesseminar-im-georg-stieler-haus","status":"publish","type":"post","link":"https:\/\/www.fuldaernachrichten.de\/?p=60435","title":{"rendered":"Behandlung chronischer Schmerzen: vhs-Tagesseminar im Georg-Stieler-Haus"},"content":{"rendered":"<p><strong>Fulda.<\/strong> In der Medizin unterscheidet man zwischen akuten und chronischen Schmerzen. Wenn Schmerzen l\u00e4nger als sechs Monate andauern, bezeichnet man diese als chronische Schmerzen. Wenn Sie auch schon seit l\u00e4ngerem unter Schmerzen leiden und kein Freund von Medikamenten sind, dann ist ein Kurs der Volkshochschule des Landkreises Fulda genau das Richtige. Sie erlernen innerhalb k\u00fcrzester Zeit, wie Sie mit kleinen Tipps und Tricks aus der Naturheilkunde das allt\u00e4gliche Leben besser bew\u00e4ltigen k\u00f6nnen. Das Tagesseminar findet am Mittwoch, 9. Juni, um 18:30 Uhr in Fulda, Georg-Stieler-Haus, Gallasiniring 1 statt. Informationen und vorherige Anmeldungen bei der vhs-Gesch\u00e4ftsstelle, Gallasiniring 30, 36043 Fulda, Tel. 0661\/25199-0, oder unter <a href=\"http:\/\/www.vhs-fulda.de\/\">www.vhs-fulda.de<\/a>.<\/p>\n","protected":false},"excerpt":{"rendered":"<div class=\"tmnf_excerpt\"><p>Fulda. In der Medizin unterscheidet man zwischen akuten und chronischen Schmerzen. Wenn Schmerzen l\u00e4nger als sechs Monate andauern, bezeichnet man diese als chronische Schmerzen. Wenn Sie auch schon seit l\u00e4ngerem unter Schmerzen leiden und kein Freund von Medikamenten sind, dann ist ein Kurs der Volkshochschule des Landkreises Fulda genau das Richtige. Sie erlernen innerhalb k\u00fcrzester &hellip;<\/p>\n<\/div>","protected":false},"author":1,"featured_media":0,"comment_status":"closed","ping_status":"closed","sticky":false,"template":"","format":"standard","meta":{"footnotes":""},"categories":[1],"tags":[],"class_list":["post-60435","post","type-post","status-publish","format-standard","hentry","category-startseite"],"_links":{"self":[{"href":"https:\/\/www.fuldaernachrichten.de\/index.php?rest_route=\/wp\/v2\/posts\/60435","targetHints":{"allow":["GET"]}}],"collection":[{"href":"https:\/\/www.fuldaernachrichten.de\/index.php?rest_route=\/wp\/v2\/posts"}],"about":[{"href":"https:\/\/www.fuldaernachrichten.de\/index.php?rest_route=\/wp\/v2\/types\/post"}],"author":[{"embeddable":true,"href":"https:\/\/www.fuldaernachrichten.de\/index.php?rest_route=\/wp\/v2\/users\/1"}],"replies":[{"embeddable":true,"href":"https:\/\/www.fuldaernachrichten.de\/index.php?rest_route=%2Fwp%2Fv2%2Fcomments&post=60435"}],"version-history":[{"count":2,"href":"https:\/\/www.fuldaernachrichten.de\/index.php?rest_route=\/wp\/v2\/posts\/60435\/revisions"}],"predecessor-version":[{"id":60463,"href":"https:\/\/www.fuldaernachrichten.de\/index.php?rest_route=\/wp\/v2\/posts\/60435\/revisions\/60463"}],"wp:attachment":[{"href":"https:\/\/www.fuldaernachrichten.de\/index.php?rest_route=%2Fwp%2Fv2%2Fmedia&parent=60435"}],"wp:term":[{"taxonomy":"category","embeddable":true,"href":"https:\/\/www.fuldaernachrichten.de\/index.php?rest_route=%2Fwp%2Fv2%2Fcategories&post=60435"},{"taxonomy":"post_tag","embeddable":true,"href":"https:\/\/www.fuldaernachrichten.de\/index.php?rest_route=%2Fwp%2Fv2%2Ftags&post=60435"}],"curies":[{"name":"wp","href":"https:\/\/api.w.org\/{rel}","templated":true}]}}