{"id":60426,"date":"2010-05-26T03:47:44","date_gmt":"2010-05-26T01:47:44","guid":{"rendered":"http:\/\/www.fuldaer-nachrichten.de\/?p=60426"},"modified":"2010-05-26T11:48:38","modified_gmt":"2010-05-26T09:48:38","slug":"katholische-studentenverbindungen-treffen-sich-in-fulda-zu-ihrer-jaehrlichen-verbandsversammlung","status":"publish","type":"post","link":"https:\/\/www.fuldaernachrichten.de\/?p=60426","title":{"rendered":"Katholische Studentenverbindungen treffen sich in Fulda zu ihrer j\u00e4hrlichen Verbandsversammlung"},"content":{"rendered":"<p><strong>Fulda. <\/strong>Vertreter von mehr als 120 studentischen Korporationen im Cartellverband der katholischen deutschen Studentenverbindungen (CV) werden sich vom Donnerstag, 3., bis Sonntag, 6. Juni 2010, in Fulda zu ihrer j\u00e4hrlichen Verbandsversammlung treffen. Die Delegierten werden dabei nicht nur intern \u00fcber die Arbeit ihres Verbandes beraten und beschlie\u00dfen, sondern auch den Weg in die \u00d6ffentlichkeit suchen und die B\u00fcrger der Stadt und der Umgebung zu Veranstaltungen einladen. Am Sonntag werden die G\u00e4ste auf dem Domplatz das Pontifikalamt anl\u00e4sslich des Bonifatius-Festes mitfeiern, bei dem die Delegationen der Verbindungen in ihren traditionellen bunten Uniformen das Bild bereichern werden. In Fulda ist der Cartellverband durch die Katholische Deutsche Studentenverbindung Adolphiana vertreten.<!--more--><\/p>\n<p>Traditionsbewusstsein, so das Selbstverst\u00e4ndnis des Cartellverbandes, darf allerdings kein Hindernis f\u00fcr zukunftsorientiertes Denken sein. \u201eTeilhabe an der gesellschaftlichen Diskussion auf der Grundlage katholisch-christlicher Ethik hat heute andere Themen als in fr\u00fcheren Jahrzehnten und auch andere als die, die dem CV bei seiner Gr\u00fcndung in die Wiege gelegt wurden. Wertorientiertes Denken und Handeln ist aber in unserer modernen Gesellschaft nicht weniger gefragt als vor 150 Jahren, und aus unserer Tradition heraus nehmen wir die Herausforderungen der heutigen Zeit gern an\u201c, beschreibt der Pr\u00e4sident des mit rund 30.000 Mitgliedern gr\u00f6\u00dften katholischen Akademiker-Verbandes in Europa, Manfred Speck, die selbstgestellte Aufgabe des CV.<\/p>\n<p>Die Kontinuit\u00e4t katholischer Ethik im sich wandelnden Zeitgeist zu wahren hei\u00dfe, die stets neuen Themen und Fragestellungen aufzugreifen und nach Antworten darauf zu suchen. Es gelte, gesellschaftliche Entwicklungen st\u00e4ndig zu beobachten und die ethischen Ma\u00dfst\u00e4be anhand neuer Probleme neu zu interpretieren. In diesem Sinne bedeute auch Tradition nicht Gestrigkeit, sondern sei allein R\u00fcckbesinnung auf die Geschichte, was im CV auch f\u00fcr die Formen couleurstudentischen Brauchtums gelte.<\/p>\n<p>Zentrale Themen, in die der CV seine ethisch motivierten Beitr\u00e4ge einbringt, sind vor allem die Hochschulpolitik und die gesellschaftlichen Rahmenbedingungen. Hochschulpolitisch steht dabei die Bildung akademischen Verantwortungsbewusstseins statt elit\u00e4ren Funktion\u00e4rsdenkens im Vordergrund. Im gesellschaftspolitischen Kontext geht es um F\u00fchrungsverantwortung in der Berufswelt und die Gestaltung menschenw\u00fcrdigen Lebens in einer modernen Gesellschaft. Mit einer Veranstaltung im Oktober wird der Cartellverband zum Beispiel die zunehmende soziale Spaltung der Gesellschaft und die M\u00f6glichkeiten einer neuen Solidarit\u00e4t aufgreifen.<\/p>\n<p>Weiterhin pr\u00e4gend bleiben daneben selbstverst\u00e4ndlich in den einzelnen Verbindungen und auch im Verband die Lebensfreundschaft sowie der Ansporn und die Unterst\u00fctzung auf dem Weg durch das Studium zum Beruf. Das Miteinander der Generationen in dieser Lebensfreundschaft verhindere, so Speck, nicht zuletzt feindselige Auseinandersetzungen zwischen Alt und Jung, die in einer Zeit knapper werdender Ressourcen auch in unserer Gesellschaft immer wieder aufflammten. \u201eUnd der Rat der Alten ist im CV kein Ehrengremium, sondern eine aktive Hilfe Erfahrener f\u00fcr junge Menschen auf dem Weg ins Berufsleben.\u201c<\/p>\n<p>Gesellschaftlicher H\u00f6hepunkt der Verbandsversammlung in Fulda soll am Samstag, 5. Juni, um 19.30 Uhr das \u00f6ffentliche Museumshof-Fest im historischen Innenhof des Vonderau-Museums am Jesuitenplatz sein, zu dem der Vorsitzende des Fuldaer Organisationskomitees, Dr. Christian Sch\u00e4fer, die B\u00fcrger der Stadt und des Umkreises herzlich einl\u00e4dt. Ebenfalls herzlich eingeladen sind G\u00e4ste zu dem traditionellen Akademischen B\u00fcrgerfr\u00fchschoppen am Sonntag ab ca. 11.30 Uhr vor der Orangerie.<\/p>\n","protected":false},"excerpt":{"rendered":"<div class=\"tmnf_excerpt\"><p>Fulda. Vertreter von mehr als 120 studentischen Korporationen im Cartellverband der katholischen deutschen Studentenverbindungen (CV) werden sich vom Donnerstag, 3., bis Sonntag, 6. Juni 2010, in Fulda zu ihrer j\u00e4hrlichen Verbandsversammlung treffen. Die Delegierten werden dabei nicht nur intern \u00fcber die Arbeit ihres Verbandes beraten und beschlie\u00dfen, sondern auch den Weg in die \u00d6ffentlichkeit suchen &hellip;<\/p>\n<\/div>","protected":false},"author":1,"featured_media":0,"comment_status":"closed","ping_status":"closed","sticky":false,"template":"","format":"standard","meta":{"footnotes":""},"categories":[1,50],"tags":[],"class_list":["post-60426","post","type-post","status-publish","format-standard","hentry","category-startseite","category-kirche"],"_links":{"self":[{"href":"https:\/\/www.fuldaernachrichten.de\/index.php?rest_route=\/wp\/v2\/posts\/60426","targetHints":{"allow":["GET"]}}],"collection":[{"href":"https:\/\/www.fuldaernachrichten.de\/index.php?rest_route=\/wp\/v2\/posts"}],"about":[{"href":"https:\/\/www.fuldaernachrichten.de\/index.php?rest_route=\/wp\/v2\/types\/post"}],"author":[{"embeddable":true,"href":"https:\/\/www.fuldaernachrichten.de\/index.php?rest_route=\/wp\/v2\/users\/1"}],"replies":[{"embeddable":true,"href":"https:\/\/www.fuldaernachrichten.de\/index.php?rest_route=%2Fwp%2Fv2%2Fcomments&post=60426"}],"version-history":[{"count":2,"href":"https:\/\/www.fuldaernachrichten.de\/index.php?rest_route=\/wp\/v2\/posts\/60426\/revisions"}],"predecessor-version":[{"id":60464,"href":"https:\/\/www.fuldaernachrichten.de\/index.php?rest_route=\/wp\/v2\/posts\/60426\/revisions\/60464"}],"wp:attachment":[{"href":"https:\/\/www.fuldaernachrichten.de\/index.php?rest_route=%2Fwp%2Fv2%2Fmedia&parent=60426"}],"wp:term":[{"taxonomy":"category","embeddable":true,"href":"https:\/\/www.fuldaernachrichten.de\/index.php?rest_route=%2Fwp%2Fv2%2Fcategories&post=60426"},{"taxonomy":"post_tag","embeddable":true,"href":"https:\/\/www.fuldaernachrichten.de\/index.php?rest_route=%2Fwp%2Fv2%2Ftags&post=60426"}],"curies":[{"name":"wp","href":"https:\/\/api.w.org\/{rel}","templated":true}]}}