{"id":60423,"date":"2010-05-26T07:42:20","date_gmt":"2010-05-26T05:42:20","guid":{"rendered":"http:\/\/www.fuldaer-nachrichten.de\/?p=60423"},"modified":"2010-05-26T11:42:43","modified_gmt":"2010-05-26T09:42:43","slug":"saaletal-burgen-praesentieren-sich-am-13-juni-bei-1-burgentag","status":"publish","type":"post","link":"https:\/\/www.fuldaernachrichten.de\/?p=60423","title":{"rendered":"Saaletal-Burgen pr\u00e4sentieren sich am 13. Juni bei 1. Burgentag"},"content":{"rendered":"<p><strong>Saaletal. <\/strong>Auf Hochtouren laufen im Saaletal die Vorbereitungen f\u00fcr den 1. Burgentag des Burgenverbunds Fr\u00e4nkische Saale. Am Sonntag, dem 13. Juni, werden sich Burg Botenlauben, Trimburg, Schloss Saaleck und das neue Mitglied Kloster Aura, erstmals im Rahmen einer Gemeinschaftsveranstaltung unter dem Motto \u201eHistorische Streifz\u00fcge\u201c pr\u00e4sentieren. Das Fest ist nach der Gr\u00fcndung der Arbeitsgemeinschaft im Jahr 2005 mit Unterst\u00fctzung des europ\u00e4ischen F\u00f6rderprogramms Leader ein Meilenstein im Engagement um eine professionelle touristische Vermarktung der Burgen.<!--more--><\/p>\n<p><strong><a href=\"http:\/\/www.fuldaer-nachrichten.de\/wp-content\/uploads\/2010\/05\/100526_Burgentag.jpg\"><img fetchpriority=\"high\" decoding=\"async\" class=\"alignleft size-thumbnail wp-image-60424\" title=\"100526_Burgentag\" src=\"http:\/\/www.fuldaer-nachrichten.de\/wp-content\/uploads\/2010\/05\/100526_Burgentag-265x556.jpg\" alt=\"100526_Burgentag\" width=\"265\" height=\"556\" srcset=\"https:\/\/www.fuldaernachrichten.de\/wp-content\/uploads\/2010\/05\/100526_Burgentag-265x556.jpg 265w, https:\/\/www.fuldaernachrichten.de\/wp-content\/uploads\/2010\/05\/100526_Burgentag.jpg 399w\" sizes=\"(max-width: 265px) 100vw, 265px\" \/><\/a>Besucher aus ganz Deutschland erwartet<\/strong><\/p>\n<p>\u201eDie Zeit ist reif f\u00fcr den Burgentag\u201c, unterstreicht Hammelburgs B\u00fcrgermeister Ernst Stross. In den letzten beiden Jahren habe man eine erfolgreiche Zusammenarbeit gepflegt und so die Grundlage f\u00fcr diese gro\u00dfe Aufgabe gelegt. \u201eDie Durchf\u00fchrung des Burgentags ist unbestritten eine Mammutaufgabe verbunden mit enormem Aufwand\u201c, sagt Elfriede B\u00f6ck, derzeit Gesch\u00e4ftsf\u00fchrerin des Burgenverbunds, unumwunden. Doch die Anstrengung werde sich lohnen, davon ist man auch auf den anderen Burgen felsenfest \u00fcberzeugt.<\/p>\n<p>Nur gemeinsam werde man es schaffen, in ganz Deutschland Aufmerksamkeit zu erregen und noch mehr Besucher auf die Burgen zu locken. \u201eHistorische Feste erfreuen sich nach wie vor gro\u00dfer Beliebtheit\u201c, meint auch Werner Vogel vom Heimatverein Reiterswiesen. Seit Jahrzehnten organisiert der Verein die Botenlaubenfestspiele j\u00e4hrlich im September. Die Idee, gleich vier Burgen quasi auf einem Streich an einem Tag mit einem anspruchsvollen Fest- und Kulturprogramm zu pr\u00e4sentieren, ist nach Recherchen der Veranstalter wohl einzigartig in Deutschland.<\/p>\n<p><strong>Programm steht fest<\/strong><\/p>\n<p>Als Schaltstelle f\u00fcr die vier Burgen fungiert das Kultur- und Fremdenverkehrsamt Hammelburg unter Leitung von Elfriede B\u00f6ck. Und deren Telefon und E-Mail-Leitung gl\u00fcht seit Wochen. Doch nun Mitte Mai steht das Programm weitgehend fest, alles Organisatorische ist gekl\u00e4rt, einem reibungslosen Festablauf steht nichts mehr im Wege. Besonders dankbar sind die Organisatoren den Verkehrsbetrieben, die einen Shuttlebusverkehr einrichten werden.<\/p>\n<p><strong>Kultur, Kinderprogramm und Kulinarisches <\/strong><\/p>\n<p>Jede der vier Burgen hat ein attraktives Programm mit Theater, Sagenerz\u00e4hlungen, F\u00fchrungen, Kinderprogramm und Kulinarischem auf die Beine gestellt. W\u00e4hrend auf Burg Botenlauben und Klosterburg Aura Theater im Vordergrund stehen, setzt die Trimburg den Focus auf Kinder und Schloss Saaleck wird seinem Ruf als Wein- und Gourmet-Treff mit F\u00fchrungen und Verkostungen gerecht. Auf allen Burgen wird nat\u00fcrlich f\u00fcr Speis und Trank bestens gesorgt sein. Plakate und Programmhefte sind gerade in Druck und werden in K\u00fcrze verteilt. Ebenso soll eine intensive Presse- und \u00d6ffentlichkeitsarbeit f\u00fcr reichlich Besucher sorgen.<\/p>\n<p>Weitere Informationen zum Burgentag: Kultur- und Fremdenverkehrsamt Hammelburg, Tel. 09732\/902-430<strong><a href=\"http:\/\/www.burgensaale.de\/\"> www.burgensaale.de<\/a> <\/strong><\/p>\n","protected":false},"excerpt":{"rendered":"<div class=\"tmnf_excerpt\"><p>Saaletal. Auf Hochtouren laufen im Saaletal die Vorbereitungen f\u00fcr den 1. Burgentag des Burgenverbunds Fr\u00e4nkische Saale. Am Sonntag, dem 13. Juni, werden sich Burg Botenlauben, Trimburg, Schloss Saaleck und das neue Mitglied Kloster Aura, erstmals im Rahmen einer Gemeinschaftsveranstaltung unter dem Motto \u201eHistorische Streifz\u00fcge\u201c pr\u00e4sentieren. Das Fest ist nach der Gr\u00fcndung der Arbeitsgemeinschaft im Jahr &hellip;<\/p>\n<\/div>","protected":false},"author":1,"featured_media":0,"comment_status":"closed","ping_status":"closed","sticky":false,"template":"","format":"standard","meta":{"footnotes":""},"categories":[1],"tags":[],"class_list":["post-60423","post","type-post","status-publish","format-standard","hentry","category-startseite"],"_links":{"self":[{"href":"https:\/\/www.fuldaernachrichten.de\/index.php?rest_route=\/wp\/v2\/posts\/60423","targetHints":{"allow":["GET"]}}],"collection":[{"href":"https:\/\/www.fuldaernachrichten.de\/index.php?rest_route=\/wp\/v2\/posts"}],"about":[{"href":"https:\/\/www.fuldaernachrichten.de\/index.php?rest_route=\/wp\/v2\/types\/post"}],"author":[{"embeddable":true,"href":"https:\/\/www.fuldaernachrichten.de\/index.php?rest_route=\/wp\/v2\/users\/1"}],"replies":[{"embeddable":true,"href":"https:\/\/www.fuldaernachrichten.de\/index.php?rest_route=%2Fwp%2Fv2%2Fcomments&post=60423"}],"version-history":[{"count":2,"href":"https:\/\/www.fuldaernachrichten.de\/index.php?rest_route=\/wp\/v2\/posts\/60423\/revisions"}],"predecessor-version":[{"id":60455,"href":"https:\/\/www.fuldaernachrichten.de\/index.php?rest_route=\/wp\/v2\/posts\/60423\/revisions\/60455"}],"wp:attachment":[{"href":"https:\/\/www.fuldaernachrichten.de\/index.php?rest_route=%2Fwp%2Fv2%2Fmedia&parent=60423"}],"wp:term":[{"taxonomy":"category","embeddable":true,"href":"https:\/\/www.fuldaernachrichten.de\/index.php?rest_route=%2Fwp%2Fv2%2Fcategories&post=60423"},{"taxonomy":"post_tag","embeddable":true,"href":"https:\/\/www.fuldaernachrichten.de\/index.php?rest_route=%2Fwp%2Fv2%2Ftags&post=60423"}],"curies":[{"name":"wp","href":"https:\/\/api.w.org\/{rel}","templated":true}]}}