{"id":60396,"date":"2010-05-27T04:21:57","date_gmt":"2010-05-27T02:21:57","guid":{"rendered":"http:\/\/www.fuldaer-nachrichten.de\/?p=60396"},"modified":"2010-05-27T09:22:20","modified_gmt":"2010-05-27T07:22:20","slug":"auftanken-bei-gott-glaubenskurs-tourt-durch-die-rhoen","status":"publish","type":"post","link":"https:\/\/www.fuldaernachrichten.de\/?p=60396","title":{"rendered":"\u201eAuftanken bei Gott\u201c &#8211; Glaubenskurs \u201etourt\u201c durch die Rh\u00f6n"},"content":{"rendered":"<p><strong><a href=\"http:\/\/www.fuldaer-nachrichten.de\/wp-content\/uploads\/2010\/05\/100526_Glaubenskurs.jpg\"><img fetchpriority=\"high\" decoding=\"async\" class=\"alignleft size-thumbnail wp-image-60397\" title=\"100526_Glaubenskurs\" src=\"http:\/\/www.fuldaer-nachrichten.de\/wp-content\/uploads\/2010\/05\/100526_Glaubenskurs-265x198.jpg\" alt=\"100526_Glaubenskurs\" width=\"265\" height=\"198\" srcset=\"https:\/\/www.fuldaernachrichten.de\/wp-content\/uploads\/2010\/05\/100526_Glaubenskurs-265x198.jpg 265w, https:\/\/www.fuldaernachrichten.de\/wp-content\/uploads\/2010\/05\/100526_Glaubenskurs.jpg 592w\" sizes=\"(max-width: 265px) 100vw, 265px\" \/><\/a>Dietershausen. <\/strong>Zu den ersten beiden Abenden des f\u00fcnfteiligen Glaubenskurses im Pastoralverbund St. Wendelinus Hohe Rh\u00f6n waren \u00fcber 70 Personen nach Dietershausen und 50 nach\u00c2\u00a0 Poppenhausen gekommen, um \u2013 getreu dem Motto des Kurses \u2013 gemeinsam \u201ebei Gott aufzutanken\u201c. Der Glaubenskurs, dessen Teile zwar aufeinander aufbauen, bei dem ein Einstieg aber jederzeit m\u00f6glich ist, bietet f\u00fcr die Teilnehmer die M\u00f6glichkeit, den eigenen \u201eAkku\u201c bei Vortrag, Gesang und Gebet, Begegnung und Austausch \u201ezu f\u00fcllen\u201c und den Glauben neu zu entdecken oder zu vertiefen.<!--more--><\/p>\n<p>In Zusammenarbeit mit Pfarrer J\u00f6rg-Stefan Sch\u00fctz, Seelsorger der Kirchengemeinden in Weyhers und Dietershausen und Dechant des Dekanats Rh\u00f6n und Thomas Bretz, Referent f\u00fcr Neuevangelisierung im Seelsorgeamt des Bisch\u00f6flichen Generalvikariats, hatte ein Vorbereitungsteam aus engagierten jungen Gl\u00e4ubigen diesen Kurs entwickelt. Wie bei einem \u00e4hnlichen Kurs vor zwei Jahren, der eine begeisternde Resonanz im Pastoralverbund hervorrief, findet jeder Abend an einem anderen Ort statt, so dass der Glaubenskurs auf einer Art \u201eTournee\u201c im Pastoralverbund ist. Mit einem kurzen Referat f\u00fchren die verschiedenen Referenten jeweils in das Thema ein, dem sich dann ein befruchtender Austausch in Kleingruppen und im Plenum anschlie\u00dft.<\/p>\n<p><a href=\"http:\/\/www.fuldaer-nachrichten.de\/wp-content\/uploads\/2010\/05\/100526_Glaubenkurs2.jpg\"><img decoding=\"async\" class=\"alignnone size-thumbnail wp-image-60399\" title=\"100526_Glaubenkurs2\" src=\"http:\/\/www.fuldaer-nachrichten.de\/wp-content\/uploads\/2010\/05\/100526_Glaubenkurs2-265x198.jpg\" alt=\"100526_Glaubenkurs2\" width=\"265\" height=\"198\" srcset=\"https:\/\/www.fuldaernachrichten.de\/wp-content\/uploads\/2010\/05\/100526_Glaubenkurs2-265x198.jpg 265w, https:\/\/www.fuldaernachrichten.de\/wp-content\/uploads\/2010\/05\/100526_Glaubenkurs2.jpg 592w\" sizes=\"(max-width: 265px) 100vw, 265px\" \/><\/a> <a href=\"http:\/\/www.fuldaer-nachrichten.de\/wp-content\/uploads\/2010\/05\/100526_Glaubenskurs3.jpg\"><img decoding=\"async\" class=\"alignnone size-thumbnail wp-image-60400\" title=\"100526_Glaubenskurs3\" src=\"http:\/\/www.fuldaer-nachrichten.de\/wp-content\/uploads\/2010\/05\/100526_Glaubenskurs3-265x198.jpg\" alt=\"100526_Glaubenskurs3\" width=\"265\" height=\"198\" srcset=\"https:\/\/www.fuldaernachrichten.de\/wp-content\/uploads\/2010\/05\/100526_Glaubenskurs3-265x198.jpg 265w, https:\/\/www.fuldaernachrichten.de\/wp-content\/uploads\/2010\/05\/100526_Glaubenskurs3.jpg 592w\" sizes=\"(max-width: 265px) 100vw, 265px\" \/><\/a><\/p>\n<p>\u201eBesonders freut uns, dass an den Abenden, Menschen aus allen Pfarreien unseres Pastoralverbunds zum jeweiligen Veranstaltungsort hinfahren, das spricht f\u00fcr ein attraktives, \u00fcberpfarreiliches Angebot\u201c, so Dechant J\u00f6rg-Stefan Sch\u00fctz. \u201eWichtig ist uns, den Teilnehmern in Augenh\u00f6he zu begegnen und Hilfestellung zu leisten, die Grundinhalte unseres Glaubens in Beziehung zu den eigenen Lebens- und Glaubenserfarungen zu bringen\u201c, betonte Bretz und verweist in diesem Zusammenhang auf die Vielfalt der Kurselemente und Verschiedenheit der Referenten, die Menschen aller Altersgruppen anspr\u00e4chen. Im ersten Teil des Kurses (06. Mai) referierte Dechant Sch\u00fctz im Sch\u00f6nstatt-Zentrum in Dietershausen \u00fcber \u201eBibel \u2013 ein alter Schinken?\u201c. \u201eMenschen der Bibel inspirieren mein Leben\u201c war der Vortrag von Thomas Bretz am zweiten Abend (20. Mai) in Poppenhausen \u00fcberschrieben.<\/p>\n<p>Bei beiden Veranstaltungen waren deutlich die Neugier und das Interesse der Teilnehmer am christlichen Glauben zu sp\u00fcren. \u201eAn den Abenden konnte ich mich mal wieder mit meinen eigentlichen Lebensfragen besch\u00e4ftigen\u201c oder \u201eDas Reden mit Bekannten oder auch Fremden \u00fcber den Glauben ist mir neu und eigentlich doch so einfach; gut, dass es ein solches Angebot hier vor Ort gibt\u201c \u2013 beurteilen zwei beispielhafte Stimmen das Angebot.<\/p>\n<p><strong>N\u00e4chster \u201eTankabend\u201c am 01. Juni in Ried<\/strong><\/p>\n<p>Der n\u00e4chste Abend des Glaubenskurses mit Pfr. Winfried Abel aus Fulda findet am Dienstag, 01. Juni, um 20 Uhr im B\u00fcrgerhaus in Ried statt und befasst sich mit dem Thema \u201eNaturwissenschaft und Bibel \u2013 ein Gegensatz?\u201c. Am Donnerstag, 17. Juni, um 20 Uhr wird Generalvikar Prof. Dr. Gerhard Stanke in der Gastst\u00e4tte \u201eZum Hirsch\u201c in Thalau zum Thema \u201eGute Zeiten \u2013 Schlechte Zeiten\u00e2\u20ac\u00a6 Freud\u00c2\u00b4 und Leid\u201c sprechen. Der Glaubenskurs schlie\u00dft am Montag, 28. Juni, um 20 Uhr mit einem Vortrag zum Thema \u201eVersto\u00dfen aus dem Paradies \u2013 Die Bibel lesen und verstehen\u201c, den Bischofssekret\u00e4r Kpl. Dirk G\u00e4rtner im B\u00fcrgerhaus in Weyhers halten wird.<\/p>\n<p>Weitere Informationen bei Dechant J\u00f6rg-Stefan Sch\u00fctz, Katholisches Pfarramt Weyhers, Tel. 06656\/342 oder bei Thomas Bretz, Bisch\u00f6fliches Generalvikariat, E-Mail: Thomas.Bretz@Bistum-Fulda.de .<\/p>\n","protected":false},"excerpt":{"rendered":"<div class=\"tmnf_excerpt\"><p>Dietershausen. Zu den ersten beiden Abenden des f\u00fcnfteiligen Glaubenskurses im Pastoralverbund St. Wendelinus Hohe Rh\u00f6n waren \u00fcber 70 Personen nach Dietershausen und 50 nach\u00c2\u00a0 Poppenhausen gekommen, um \u2013 getreu dem Motto des Kurses \u2013 gemeinsam \u201ebei Gott aufzutanken\u201c. Der Glaubenskurs, dessen Teile zwar aufeinander aufbauen, bei dem ein Einstieg aber jederzeit m\u00f6glich ist, bietet f\u00fcr &hellip;<\/p>\n<\/div>","protected":false},"author":1,"featured_media":0,"comment_status":"closed","ping_status":"closed","sticky":false,"template":"","format":"standard","meta":{"footnotes":""},"categories":[1,50],"tags":[],"class_list":["post-60396","post","type-post","status-publish","format-standard","hentry","category-startseite","category-kirche"],"_links":{"self":[{"href":"https:\/\/www.fuldaernachrichten.de\/index.php?rest_route=\/wp\/v2\/posts\/60396","targetHints":{"allow":["GET"]}}],"collection":[{"href":"https:\/\/www.fuldaernachrichten.de\/index.php?rest_route=\/wp\/v2\/posts"}],"about":[{"href":"https:\/\/www.fuldaernachrichten.de\/index.php?rest_route=\/wp\/v2\/types\/post"}],"author":[{"embeddable":true,"href":"https:\/\/www.fuldaernachrichten.de\/index.php?rest_route=\/wp\/v2\/users\/1"}],"replies":[{"embeddable":true,"href":"https:\/\/www.fuldaernachrichten.de\/index.php?rest_route=%2Fwp%2Fv2%2Fcomments&post=60396"}],"version-history":[{"count":3,"href":"https:\/\/www.fuldaernachrichten.de\/index.php?rest_route=\/wp\/v2\/posts\/60396\/revisions"}],"predecessor-version":[{"id":60598,"href":"https:\/\/www.fuldaernachrichten.de\/index.php?rest_route=\/wp\/v2\/posts\/60396\/revisions\/60598"}],"wp:attachment":[{"href":"https:\/\/www.fuldaernachrichten.de\/index.php?rest_route=%2Fwp%2Fv2%2Fmedia&parent=60396"}],"wp:term":[{"taxonomy":"category","embeddable":true,"href":"https:\/\/www.fuldaernachrichten.de\/index.php?rest_route=%2Fwp%2Fv2%2Fcategories&post=60396"},{"taxonomy":"post_tag","embeddable":true,"href":"https:\/\/www.fuldaernachrichten.de\/index.php?rest_route=%2Fwp%2Fv2%2Ftags&post=60396"}],"curies":[{"name":"wp","href":"https:\/\/api.w.org\/{rel}","templated":true}]}}