{"id":60378,"date":"2010-05-26T03:50:31","date_gmt":"2010-05-26T01:50:31","guid":{"rendered":"http:\/\/www.fuldaer-nachrichten.de\/?p=60378"},"modified":"2010-05-26T11:52:35","modified_gmt":"2010-05-26T09:52:35","slug":"reichhaltiges-kulturelles-angebot-laedt-zum-entdecken-ein-kultursommer-an-main-kinzig-und-fulda-vom-28-mai-bis-29-august","status":"publish","type":"post","link":"https:\/\/www.fuldaernachrichten.de\/?p=60378","title":{"rendered":"Reichhaltiges kulturelles Angebot l\u00e4dt zum Entdecken ein &#8211; Kultursommer an Main, Kinzig und Fulda vom 28.05. bis 29.08."},"content":{"rendered":"<p><strong><a href=\"http:\/\/www.fuldaer-nachrichten.de\/wp-content\/uploads\/2010\/05\/100526_Kultursommer.jpg\"><img decoding=\"async\" class=\"alignleft size-thumbnail wp-image-60379\" title=\"100526_Kultursommer\" src=\"http:\/\/www.fuldaer-nachrichten.de\/wp-content\/uploads\/2010\/05\/100526_Kultursommer.jpg\" alt=\"100526_Kultursommer\" width=\"560\" srcset=\"https:\/\/www.fuldaernachrichten.de\/wp-content\/uploads\/2010\/05\/100526_Kultursommer.jpg 592w, https:\/\/www.fuldaernachrichten.de\/wp-content\/uploads\/2010\/05\/100526_Kultursommer-265x160.jpg 265w\" sizes=\"(max-width: 592px) 100vw, 592px\" \/><\/a><\/strong><\/p>\n<p><strong>Fulda\/Main-Kinzig. <\/strong>Am kommenden Freitag, 28. Mai, startet der 11. Kultursommer an Main, Kinzig und Fulda und wird um 19.00 Uhr in der Bergkirche Niedergr\u00fcndau durch den Landrat des Mainz-Kinzig-Kreises, Erich Pipa, im Rahmen des Konzerts \u201eMit Pauken und Trompeten\u201c offiziell er\u00f6ffnet. Bis zum 29. August wird in 22 Kommunen ein abwechslungsreiches und anspruchsvolles Programm f\u00fcr jung und alt geboten. Insgesamt sind 61 Einzelveranstaltungen, so viele wie noch nie, geplant. Konzerte, Kunstausstellungen und Theaterauff\u00fchrungen haben die Organisatoren von St\u00e4dten und Gemeinden, Kulturvereinen und Kirchengemeinden auf die Beine gestellt.<!--more--><\/p>\n<p>Neu dabei sind als Veranstaltungsorte die Landsynagoge in Heubach und der Dicke Turm in K\u00fcnzell. Ab sofort k\u00f6nnen die Veranstaltungen im Internet unter <a href=\"http:\/\/www.kultursommer-hessen.de\/\">www.kultursommer-hessen.de<\/a> eingesehen werden. Das gedruckte Programm ist kostenlos bei allen Veranstaltern, Kommunen, Sparkassen sowie den Landrats\u00e4mtern im Landkreis Fulda und im Main-Kinzig-Kreis kostenlos erh\u00e4ltlich.<\/p>\n<p>\u201eEntlang von Main, Kinzig und Fulda gibt es ein reichhaltiges kulturelles Angebot, das insbesondere im Sommer zum Entdecken von Neuem einl\u00e4dt. Viele Open-Air-Angebote machen in einzigartiger Weise auf die Besonderheiten unserer Landschaft aufmerksam\u201c, schreiben die Landr\u00e4te Bernd Woide und Erich Pipa in ihrem gemeinsamen Gru\u00dfwort. Die Veranstaltungsreihe wird durch das Hessische Ministerium f\u00fcr Wissenschaft und Kunst mit 45.000 Euro bezuschusst. Eine weitere F\u00f6rderung in H\u00f6he von 23.000 Euro erf\u00e4hrt der Kultursommer durch die Sparkassen-Kulturstiftung Hessen-Th\u00fcringen. \u201eOhne diese breite Unterst\u00fctzung w\u00e4re der Kultursommer an Main, Kinzig und Fulda so nicht m\u00f6glich\u201c, betont Landrat Woide.<\/p>\n<p>Musik bildet wieder einen Schwerpunkt der Veranstaltungen. Ein H\u00f6hepunkt gleich zu Beginn ist am 11. Juni in der Reinhardskirche in Steinau an der Stra\u00dfe das Konzert \u201eProtuberanzen\u201c. Die Sommerlichen Musiktage auf Hof Trages im August k\u00f6nnen auch dieses Jahr mit einem anspruchsvollen Musikprogramm aufwarten. Die Opernakademie Bad Orb ist mit \u201eDon Giovanni\u201c von Mozart vertreten. Immer wieder ein besonderes Highlight stellt der Internationale Orgelsommer im Fuldaer Dom dar. Dieses Jahr steht die Reihe ganz im Zeichen der Musik des Barock. Ein weiterer internationaler H\u00f6hepunkt wird die museale Ausstellung \u201ePferde \u2013 Kunst von der Antike bis heute\u201c in der Kunststation Kleinsassen sein.<\/p>\n<p>Theater ist ein weiterer Schwerpunkt. \u201eGluck dem Sternenfischer\u201c begeistert Kinder und Erwachsene gleicherma\u00dfen. Open-Air-Theater klassisch wird im Schlosshof Steinau mit \u201eWallenstein\u201c und \u201eDer B\u00fcrger als Edelmann\u201c unter der Regie von G\u00fcnter Keim gezeigt. Doch nicht nur \u201egro\u00dfes\u201c Theater ist zu sehen. Mit \u201eKleinkunst auf dem Lande\u201c f\u00f6rdert die Sparkassen-Kulturstiftung besondere Angebote wie \u201eUnd es wallet und siedet und brauset und zischt\u201c auf Burg F\u00fcrsteneck, \u201eEdi der Froschk\u00f6nig\u201c vor dem Br\u00fcder-Grimm-Haus in Steinau, \u201eGenerationencocktail\u201c unter gro\u00dfen B\u00e4umen im ehemaligen H\u00fcttnergut \u201eLenzis\u201c in Flieden und Rolf Miller mit \u201eTatsachen\u201c am Alten Schloss in Sch\u00f6neck-B\u00fcdesheim.<\/p>\n<p>Der diesj\u00e4hrige Kultursommer will auch wieder ein Programm f\u00fcr die ganze Familie bieten. Zum Finale am 29. August am Dicken Turm in K\u00fcnzell treten die Luftgaukler mit \u201eDer T\u00f6lpel und die T\u00e4nzerin\u201c sowie dem \u201eZaubervogel\u201c auf. Dazwischen gibt es Seiltanz zum Mitmachen f\u00fcr Kinder. Den Abschluss bildet Volker Rosin, der singt, kleine Geschichten erz\u00e4hlt, spielt, dazu tanzt und alle auch die Erwachsenen zum Mitmachen einl\u00e4dt.<\/p>\n<p>Bei schlechtem Wetter sind Ausweichorte zu den einzelnen Veranstaltungen angegeben. \u00c4nderungen werden im Internet aktualisiert. Karten gibt es bei den \u00f6rtlichen Veranstaltern, die im Programmheft abgedruckt sind, sowie im Internet unter \u201eInfo &amp; Vorverkauf\u201c <a href=\"http:\/\/www.kultursommer-hessen.de\/\">www.kultursommer-hessen.de<\/a>. Das Programmheft kann kostenlos angefordert werden beim Kultursommer Main-Kinzig-Fulda, Tel. 0661\/25199-55, oder unter <a href=\"mailto:kultursommer@landkreis-fulda.de\">kultursommer@landkreis-fulda.de<\/a> .<\/p>\n","protected":false},"excerpt":{"rendered":"<div class=\"tmnf_excerpt\"><p>Fulda\/Main-Kinzig. Am kommenden Freitag, 28. Mai, startet der 11. Kultursommer an Main, Kinzig und Fulda und wird um 19.00 Uhr in der Bergkirche Niedergr\u00fcndau durch den Landrat des Mainz-Kinzig-Kreises, Erich Pipa, im Rahmen des Konzerts \u201eMit Pauken und Trompeten\u201c offiziell er\u00f6ffnet. Bis zum 29. August wird in 22 Kommunen ein abwechslungsreiches und anspruchsvolles Programm f\u00fcr &hellip;<\/p>\n<\/div>","protected":false},"author":1,"featured_media":0,"comment_status":"closed","ping_status":"closed","sticky":false,"template":"","format":"standard","meta":{"footnotes":""},"categories":[1,44,78],"tags":[],"class_list":["post-60378","post","type-post","status-publish","format-standard","hentry","category-startseite","category-kultur","category-topthema"],"_links":{"self":[{"href":"https:\/\/www.fuldaernachrichten.de\/index.php?rest_route=\/wp\/v2\/posts\/60378","targetHints":{"allow":["GET"]}}],"collection":[{"href":"https:\/\/www.fuldaernachrichten.de\/index.php?rest_route=\/wp\/v2\/posts"}],"about":[{"href":"https:\/\/www.fuldaernachrichten.de\/index.php?rest_route=\/wp\/v2\/types\/post"}],"author":[{"embeddable":true,"href":"https:\/\/www.fuldaernachrichten.de\/index.php?rest_route=\/wp\/v2\/users\/1"}],"replies":[{"embeddable":true,"href":"https:\/\/www.fuldaernachrichten.de\/index.php?rest_route=%2Fwp%2Fv2%2Fcomments&post=60378"}],"version-history":[{"count":5,"href":"https:\/\/www.fuldaernachrichten.de\/index.php?rest_route=\/wp\/v2\/posts\/60378\/revisions"}],"predecessor-version":[{"id":60474,"href":"https:\/\/www.fuldaernachrichten.de\/index.php?rest_route=\/wp\/v2\/posts\/60378\/revisions\/60474"}],"wp:attachment":[{"href":"https:\/\/www.fuldaernachrichten.de\/index.php?rest_route=%2Fwp%2Fv2%2Fmedia&parent=60378"}],"wp:term":[{"taxonomy":"category","embeddable":true,"href":"https:\/\/www.fuldaernachrichten.de\/index.php?rest_route=%2Fwp%2Fv2%2Fcategories&post=60378"},{"taxonomy":"post_tag","embeddable":true,"href":"https:\/\/www.fuldaernachrichten.de\/index.php?rest_route=%2Fwp%2Fv2%2Ftags&post=60378"}],"curies":[{"name":"wp","href":"https:\/\/api.w.org\/{rel}","templated":true}]}}