{"id":60362,"date":"2010-05-26T05:10:35","date_gmt":"2010-05-26T03:10:35","guid":{"rendered":"http:\/\/www.fuldaer-nachrichten.de\/?p=60362"},"modified":"2010-05-26T08:12:06","modified_gmt":"2010-05-26T06:12:06","slug":"klinikum-fulda-wuerdigt-mitarbeiter-fuer-langjaehrige-verdienste-an-kranken-menschen","status":"publish","type":"post","link":"https:\/\/www.fuldaernachrichten.de\/?p=60362","title":{"rendered":"Klinikum Fulda w\u00fcrdigt Mitarbeiter f\u00fcr langj\u00e4hrige Verdienste an kranken Menschen"},"content":{"rendered":"<p><a href=\"http:\/\/www.fuldaer-nachrichten.de\/wp-content\/uploads\/2010\/05\/MA-Jubil\u00e4umsveranstaltung_05-2010DSC_0278.jpg\"><img decoding=\"async\" class=\"alignleft size-thumbnail wp-image-60369\" title=\"MA-Jubil\u00e4umsveranstaltung_05-2010DSC_0278\" src=\"http:\/\/www.fuldaer-nachrichten.de\/wp-content\/uploads\/2010\/05\/MA-Jubil\u00e4umsveranstaltung_05-2010DSC_0278-265x167.jpg\" alt=\"MA-Jubil\u00e4umsveranstaltung_05-2010DSC_0278\" width=\"265\" height=\"167\" \/><\/a>Fulda. Im Rahmen der regelm\u00e4\u00dfig\u00c2\u00a0 stattfindenden Jubil\u00e4umsveranstaltung wurden 27 Mitarbeiterinnen und Mitarbeiter des Klinikums Fulda f\u00fcr ihr 25-j\u00e4hriges und drei Mitarbeiter f\u00fcr ihr 40-j\u00e4hriges Dienstjubil\u00e4um geehrt. Ebenso wurden 12 Mitarbeiterinnen und Mitarbeiter in ihren Ruhestand verabschiedet.<!--more--><\/p>\n<p>Der Vorstand des Klinikums Fulda, Harald Jeguschke, sprach den Jubilaren seinen pers\u00f6nlichen Dank f\u00fcr die jahrelange engagierte und die erfolgreiche Mitarbeit\u00c2\u00a0 aus. \u201eIch freue mich, dass wir im Klinikum Fulda und Heilig Geist Seniorenzentrum so viele Mitarbeiterinnen und Mitarbeiter haben, die dem Unternehmen \u00fcber Jahre hinweg die Treue halten\u201c, betonte\u00c2\u00a0 Jeguschke. Es sei nicht selbstverst\u00e4ndlich, dass Mitarbeiter \u00fcber eine derart lange Zeit in einem und demselben Unternehmen t\u00e4tig sind. Weiterhin dankte er den Jubilaren und Ruhest\u00e4ndlern f\u00fcr ihren unerm\u00fcdlichen Einsatz zum Wohle der Patienten.<\/p>\n<p><em> <\/em><\/p>\n<p>Im Namen des gesamten Betriebsratsgremiums \u00fcbermittelte Anita Mohr herzliche Gl\u00fcckw\u00fcnsche. Sie hob hervor wie wichtig es sei, auf die Kompetenz, die Erfahrung sowie das Engagement der langj\u00e4hrigen Mitarbeiterinnen und Mitarbeiter bauen zu k\u00f6nnen. Erfahrene Mitarbeiter k\u00f6nnten mit Ausnahmesituationen oftmals gelassener und zum Teil professioneller umgehen und bieten zudem eine Vorbildfunktion f\u00fcr j\u00fcngere Mitarbeiter. Der Medizinische Direktor, Priv.-Doz. Dr. Achim Hellinger, bedankte sich \u201ef\u00fcr die vertrauensvolle Zusammenarbeit \u00fcber viele Jahre\u201c und stellte im Anschluss an die Dankesworte den jeweiligen beruflichen Lebenslauf der zu Ehrenden vor. Im Rahmen der Feierstunde \u00fcberreichte er in Vertretung des Vorstandes allen Jubilaren und Ruhest\u00e4ndlern als Zeichen des Dankes und der Verbundenheit Urkunden und Pr\u00e4sente.<\/p>\n<p><strong>F\u00fcr ihr 40-J\u00e4hriges Dienstjubil\u00e4um wurden geehrt:<\/strong><\/p>\n<p><strong>Margot Hahner <\/strong>war von 1970 bis 1971 als Kinderkrankenschwester auf der Fr\u00fchgeborenenstation eingesetzt und ist seit 1991 als Kinderkrankenschwester auf der Station K0 t\u00e4tig.<strong> <\/strong><\/p>\n<p><strong>Karin Kindler <\/strong>wurde im Juni 1989 als Pflegehelferin f\u00fcr die Station 4A eingestellt und erlangte im Dezember 1989 ihre Anerkennung als Krankenschwester. Seit dem ist sie auf der Station 4A eingesetzt.<\/p>\n<p><strong>Klaus-Werner von Pape <\/strong>wurde im Februar 1970 als Medizinisch-Technischer-Labor-Assistent (MTLA) f\u00fcr das Zentrallabor eingestellt und 1989 zum leitenden MTLA ernannt.<\/p>\n<p><strong>F\u00fcr ihr 25-J\u00e4hriges Dienstjubil\u00e4um im \u00f6ffentlichen Dienst wurden geehrt:<\/strong><\/p>\n<p><strong>Wiebke Bengtsson <\/strong>war von 1985 bis 1987 stellvertretende Stationsschwester der Entbindungsstation und ist seit Januar 1991 als Krankenschwester in der Psychiatrie \u00c2\u00a0eingesetzt.<strong> <\/strong><\/p>\n<p><strong>Beate Br\u00e4hler <\/strong>wurde nach ihrer Ausbildung zur B\u00fcrogehilfin im Juni 1985 in die Zentrale Patientenaufnahme \u00fcbernommen.<strong> <\/strong><\/p>\n<p><strong>Ankica Cicak <\/strong>ist seit Mai 1985 als K\u00fcchenhilfe in der K\u00fcche des Klinikums t\u00e4tig.<strong> <\/strong><\/p>\n<p><strong>Beate Deckwerth-Wilhelm <\/strong>ist seit Juli 1986 als Krankenschwester auf der Intensiv-Therapie-Station eingesetzt.<strong> <\/strong><\/p>\n<p><strong>Marion Feldmann <\/strong>war von 1987 bis 2004 als Krankenschwester auf der Station 9A und von 2004 bis August 2005 auf der Station 9B eingesetzt. Seit September 2005 ist sie auf der Station 6B t\u00e4tig.<strong> <\/strong><\/p>\n<p><strong>Sabine Galinski <\/strong>wurde nach ihrer Ausbildung zur Krankenschwester in 1985 auf die Station 3B \u00fcbernommen und ist seit 1992 auf der Station 3B-Wach (Wachstation) besch\u00e4ftigt.<strong> <\/strong><\/p>\n<p><strong>Maria Hasenauer <\/strong>wurde im Februar 1985 als Krankenschwester f\u00fcr die Station U1E \u00c2\u00a0(Isolierstation) eingestellt. Hier ist sie bis heute t\u00e4tig.<strong> <\/strong><\/p>\n<p><strong>Armin Heiner <\/strong>wurde im November 1988 als Krankenpfleger f\u00fcr den Zentral-OP eingestellt. Seit Februar 1994 ist er Bereichsleiter des OP der Gef\u00e4\u00dfchirurgie sowie der Herz-\/Thoraxchirurgie.<\/p>\n<p><strong> <\/strong><\/p>\n<p><strong>Marita Herchenhan<\/strong> ist seit Januar 1986 im B\u00fcro f\u00fcr Textverarbeitung besch\u00e4ftigt.<\/p>\n<p><strong>Dr. med. Gisela Kachel <\/strong>wurde im April 1985 als Assistenz\u00e4rztin f\u00fcr die Klinik f\u00fcr An\u00e4sthesiologie, Intensiv- und Notfallmedizin eingestellt. <strong> <\/strong><\/p>\n<p><strong>Prof. Dr. med. Tilman K\u00e4lble <\/strong>ist seit Februar 1999 als Direktor der Klinik f\u00fcr Urologie und Kinderurologie am Klinikum Fulda t\u00e4tig.<strong> <\/strong><\/p>\n<p><strong>Antje Kuschke <\/strong>ist seit Mai 1985 als K\u00fcchenhilfe in der K\u00fcche des Klinikums eingesetzt.<\/p>\n<p><strong>Susanne Laudemann <\/strong>wurde im April 1986 als Kinderkrankenschwester eingestellt. Seit dem ist sie auf der Station K2BF eingesetzt.<strong> <\/strong><\/p>\n<p><strong>Heike Lauer <\/strong>wurde im Mai 1985 als Krankenschwester f\u00fcr die Station 7B eingestellt und wechselte in 1989 auf die Station 3A.<strong> <\/strong><\/p>\n<p><strong>Dr. med. Werner Maus <\/strong>wurde im M\u00e4rz 1985 als Assistenzarzt f\u00fcr die Frauenklinik eingestellt. Seit 1996 ist er als abrechnungsbeauftragter Oberarzt des DRG-Centers eingesetzt.<strong> <\/strong><\/p>\n<p><strong>Claudia Markworth <\/strong>ist seit April 1985 als Krankenschwester auf der Intensiv-Therapie-Station t\u00e4tig.<strong> <\/strong><\/p>\n<p><strong>Dr. med. Norbert Mikulasch <\/strong>wurde im M\u00e4rz 1988 als Assistenzarzt f\u00fcr die Klinik f\u00fcr An\u00e4sthesiologie, Intensiv- und Notfallmedizin eingestellt. 1991 wurde er zum Funktionsoberarzt und 1992 zum Oberarzt dieser Klinik ernannt.<strong> <\/strong><\/p>\n<p><strong>Birgit M\u00f6ller <\/strong>wurde nach ihrer Ausbildung zur Kinderkrankenschwester in 1984 auf die Station K0 \u00fcbernommen. Von 1991 bis 1995 war sie als stellvertretende \u00c2\u00a0Stationsleitung eingesetzt. Seit 1997 ist sie dort als Stationsleitung t\u00e4tig.<strong> <\/strong><\/p>\n<p><strong>Prof. Dr. rer. nat. Roland Radziwill <\/strong>wurde im M\u00e4rz 1985 als Apotheker f\u00fcr die Klinikapotheke eingestellt. Von 1986 bis 1991 war er dort der Stellvertretende Direktor. Seit 1991 ist er Direktor der Klinikapotheke.<strong><\/strong><\/p>\n<p><strong>Bettina Rehbein <\/strong>absolvierte von 1980 bis 1983 ihre Ausbildung am Klinikum Fulda. Seit 1989 ist sie als Krankenschwester auf der Station 6A eingesetzt.<strong><\/strong><\/p>\n<p><strong>Corinna Sauerbrei <\/strong>wurde im Januar 1989 als Krankenschwester f\u00fcr die Station 2A eingestellt. 1993 wechselte sie als Stationsleitung auf die Station 4A.<strong><\/strong><\/p>\n<p><strong>Regine Schmidt <\/strong>ist seit 1982 als Krankenschwester auf der Station 1B t\u00e4tig.<strong><\/strong><\/p>\n<p><strong>Theresia Schmitt <\/strong>wurde im Juni 1985 als Mitarbeiterin f\u00fcr die Zentralsterilisation eingestellt. Seit Januar 1989 ist sie als Mitarbeiterin in der W\u00e4scherei t\u00e4tig.<strong><\/strong><\/p>\n<p><strong>Carmen Schuhej <\/strong>ist seit Dezember 1986 als Krankenschwester auf der Station 3B besch\u00e4ftigt.<strong><\/strong><\/p>\n<p><strong>Stefan Voigt <\/strong>wurde im April 1991 als Krankenpfleger f\u00fcr die Psychiatrie \u00c2\u00a0eingestellt. Seit September 1994 ist er Gruppenleiter der Station 3 Nord.<strong><\/strong><\/p>\n<p><strong>Dr. med. Johannes Weber <\/strong>wurde im Oktober 1991 als Oberarzt f\u00fcr die Kinderklinik eingestellt. Seit Mai 2002 ist er dort leitender Oberarzt.<\/p>\n<p><strong>Christina Woytaszek<\/strong> wurde nach ihrer Ausbildung zur Kinderkrankenschwester im Oktober 1982 auf die Station K1A \u00fcbernommen. Von 1989 bis 2000 war sie als stellvertretende Stationsleitung der K1A eingesetzt.<\/p>\n<p><strong> <\/strong><\/p>\n<p><strong>In den Ruhestand wurden verabschiedet:<\/strong><\/p>\n<p><strong> <\/strong><\/p>\n<p>Lothar Bott (Krankenpfleger, Ambulanz der Unfallchirurgie\/Orthop\u00e4die), Gerlinde Bugdoll\u00c2\u00a0 (Mitarbeiterin der W\u00e4scherei), Renate Etzel (Stationshilfe, Station 9B), Barbara G\u00fctter (MTRA, Radiologie-Zentrum), Christa Kempka (Stationshilfe, Station 5B), Siglinde Rau (Leitende MTRA, Radiologie-Zentrum), Ute Schmidt (Masseurin, Heilig Geist Seniorenzentrum), Ingrid Schr\u00f6der (Hebamme, Krei\u00dfsaal), Mechthild Schuster (Krankenpflegehelferin, Station 5B), Anette Vogel (Krankenschwester, Heilig Geist Seniorenzentrum), Kurt Wagner (Krankenpfleger, An\u00e4sthesie), Irmgard Zigelski-Krass, Betriebsratsmitglied<\/p>\n","protected":false},"excerpt":{"rendered":"<div class=\"tmnf_excerpt\"><p>Fulda. Im Rahmen der regelm\u00e4\u00dfig\u00c2\u00a0 stattfindenden Jubil\u00e4umsveranstaltung wurden 27 Mitarbeiterinnen und Mitarbeiter des Klinikums Fulda f\u00fcr ihr 25-j\u00e4hriges und drei Mitarbeiter f\u00fcr ihr 40-j\u00e4hriges Dienstjubil\u00e4um geehrt. Ebenso wurden 12 Mitarbeiterinnen und Mitarbeiter in ihren Ruhestand verabschiedet.<\/p>\n<\/div>","protected":false},"author":1,"featured_media":0,"comment_status":"closed","ping_status":"closed","sticky":false,"template":"","format":"standard","meta":{"footnotes":""},"categories":[1,51],"tags":[],"class_list":["post-60362","post","type-post","status-publish","format-standard","hentry","category-startseite","category-medizin"],"_links":{"self":[{"href":"https:\/\/www.fuldaernachrichten.de\/index.php?rest_route=\/wp\/v2\/posts\/60362","targetHints":{"allow":["GET"]}}],"collection":[{"href":"https:\/\/www.fuldaernachrichten.de\/index.php?rest_route=\/wp\/v2\/posts"}],"about":[{"href":"https:\/\/www.fuldaernachrichten.de\/index.php?rest_route=\/wp\/v2\/types\/post"}],"author":[{"embeddable":true,"href":"https:\/\/www.fuldaernachrichten.de\/index.php?rest_route=\/wp\/v2\/users\/1"}],"replies":[{"embeddable":true,"href":"https:\/\/www.fuldaernachrichten.de\/index.php?rest_route=%2Fwp%2Fv2%2Fcomments&post=60362"}],"version-history":[{"count":2,"href":"https:\/\/www.fuldaernachrichten.de\/index.php?rest_route=\/wp\/v2\/posts\/60362\/revisions"}],"predecessor-version":[{"id":60370,"href":"https:\/\/www.fuldaernachrichten.de\/index.php?rest_route=\/wp\/v2\/posts\/60362\/revisions\/60370"}],"wp:attachment":[{"href":"https:\/\/www.fuldaernachrichten.de\/index.php?rest_route=%2Fwp%2Fv2%2Fmedia&parent=60362"}],"wp:term":[{"taxonomy":"category","embeddable":true,"href":"https:\/\/www.fuldaernachrichten.de\/index.php?rest_route=%2Fwp%2Fv2%2Fcategories&post=60362"},{"taxonomy":"post_tag","embeddable":true,"href":"https:\/\/www.fuldaernachrichten.de\/index.php?rest_route=%2Fwp%2Fv2%2Ftags&post=60362"}],"curies":[{"name":"wp","href":"https:\/\/api.w.org\/{rel}","templated":true}]}}