{"id":60357,"date":"2010-05-26T03:54:17","date_gmt":"2010-05-26T01:54:17","guid":{"rendered":"http:\/\/www.fuldaer-nachrichten.de\/?p=60357"},"modified":"2010-05-26T07:55:27","modified_gmt":"2010-05-26T05:55:27","slug":"landkreis-fulda-will-heimunterbringung-von-kindern-und-jugendlichen-vermeiden","status":"publish","type":"post","link":"https:\/\/www.fuldaernachrichten.de\/?p=60357","title":{"rendered":"Landkreis Fulda will Heimunterbringung von Kindern und Jugendlichen vermeiden"},"content":{"rendered":"<p>\u201eWir warten nicht ab, bis das Kind erst in den Brunnen gefallen ist, sondern setzen bereits im Vorfeld durch ein B\u00fcndel von Ma\u00dfnahmen an\u201c, betont Erster Kreisbeigeordneter Dr. Heiko Wingenfeld. Die St\u00e4rkung von Familiensystemen sei schon allein aus p\u00e4dagogischen Gr\u00fcnden geboten, um pr\u00e4ventiv Hilfe leisten zu k\u00f6nnen. Auf diese Weise werde man dem Kindeswohl und den Interessen aller am Erziehungsprozess Beteiligten am Besten gerecht. Hinzu komme der finanzielle Aspekt, der vor dem Hintergrund rasant ansteigender Kosten in der Jugendhilfe nicht vernachl\u00e4ssigt werden d\u00fcrfe.<!--more--><\/p>\n<p>Sachgebietsleiter Markus Dostal hat f\u00fcr den Fachausschuss Erziehungshilfe des Landkreises eine Statistik zusammengestellt, die Trends bei der Entwicklung der Fallzahlen und der Kosten im Bereich der Hilfe zur Erziehung aufzeigt. Danach sind vor allem die Fallzahlen bei der Sozialp\u00e4dagogischen Familienhilfe und der Betreuung in p\u00e4dagogischen Tagesgruppen deutlich angestiegen, w\u00e4hrend die Zahl der Heimerziehungen weiter r\u00fcckl\u00e4ufig ist. Damit korrespondieren steigende Aufwendungen f\u00fcr ambulante und zur\u00fcckgehende Aufwendungen f\u00fcr station\u00e4re Ma\u00dfnahmen.<\/p>\n<p>Insgesamt hat der Landkreis Fulda im letzten Jahr 11,9 Millionen Euro f\u00fcr Hilfen zur Erziehung und Inobhutnahmen ausgegeben. In 2008 lagen die Aufwendungen bei 13,5 Millionen, in 2007 bei 12,4 Millionen und in 2006 bei 12,1 Millionen Euro. Gr\u00f6\u00dfte Ausgabenposten waren in 2009 die Heimerziehung und die station\u00e4re Eingliederungshilfe f\u00fcr Kinder und Jugendliche mit 3,8 Millionen und 2,0 Millionen Euro. Allerdings gingen bei diesen Hilfen die Kosten um 1,8 Millionen Euro im Vergleich zu 2006 zur\u00fcck. Im gleichen Zeitraum erh\u00f6hten sich die Ausgaben f\u00fcr die Sozialp\u00e4dagogische Familienhilfe und die Betreuung in Tagesgruppen um\u00c2\u00a0 je 350.000 Euro.<\/p>\n<p>Erster Kreisbeigeordneter Dr. Wingenfeld: \u201eWir wollen auch k\u00fcnftig verst\u00e4rkt auf pr\u00e4ventive Angebote setzen, um bei Erziehungsschwierigkeiten fr\u00fchzeitig gegensteuern zu k\u00f6nnen, damit es nicht zu einschneidenden Ma\u00dfnahmen kommen muss.\u201c Weitere Beispiele seien die Auszeitklasse sowie die geplante Schule f\u00fcr Erziehungshilfe.<\/p>\n","protected":false},"excerpt":{"rendered":"<div class=\"tmnf_excerpt\"><p>\u201eWir warten nicht ab, bis das Kind erst in den Brunnen gefallen ist, sondern setzen bereits im Vorfeld durch ein B\u00fcndel von Ma\u00dfnahmen an\u201c, betont Erster Kreisbeigeordneter Dr. Heiko Wingenfeld. Die St\u00e4rkung von Familiensystemen sei schon allein aus p\u00e4dagogischen Gr\u00fcnden geboten, um pr\u00e4ventiv Hilfe leisten zu k\u00f6nnen. Auf diese Weise werde man dem Kindeswohl und &hellip;<\/p>\n<\/div>","protected":false},"author":1,"featured_media":0,"comment_status":"closed","ping_status":"closed","sticky":false,"template":"","format":"standard","meta":{"footnotes":""},"categories":[1,72,29],"tags":[],"class_list":["post-60357","post","type-post","status-publish","format-standard","hentry","category-startseite","category-jugend","category-politik"],"_links":{"self":[{"href":"https:\/\/www.fuldaernachrichten.de\/index.php?rest_route=\/wp\/v2\/posts\/60357","targetHints":{"allow":["GET"]}}],"collection":[{"href":"https:\/\/www.fuldaernachrichten.de\/index.php?rest_route=\/wp\/v2\/posts"}],"about":[{"href":"https:\/\/www.fuldaernachrichten.de\/index.php?rest_route=\/wp\/v2\/types\/post"}],"author":[{"embeddable":true,"href":"https:\/\/www.fuldaernachrichten.de\/index.php?rest_route=\/wp\/v2\/users\/1"}],"replies":[{"embeddable":true,"href":"https:\/\/www.fuldaernachrichten.de\/index.php?rest_route=%2Fwp%2Fv2%2Fcomments&post=60357"}],"version-history":[{"count":1,"href":"https:\/\/www.fuldaernachrichten.de\/index.php?rest_route=\/wp\/v2\/posts\/60357\/revisions"}],"predecessor-version":[{"id":60358,"href":"https:\/\/www.fuldaernachrichten.de\/index.php?rest_route=\/wp\/v2\/posts\/60357\/revisions\/60358"}],"wp:attachment":[{"href":"https:\/\/www.fuldaernachrichten.de\/index.php?rest_route=%2Fwp%2Fv2%2Fmedia&parent=60357"}],"wp:term":[{"taxonomy":"category","embeddable":true,"href":"https:\/\/www.fuldaernachrichten.de\/index.php?rest_route=%2Fwp%2Fv2%2Fcategories&post=60357"},{"taxonomy":"post_tag","embeddable":true,"href":"https:\/\/www.fuldaernachrichten.de\/index.php?rest_route=%2Fwp%2Fv2%2Ftags&post=60357"}],"curies":[{"name":"wp","href":"https:\/\/api.w.org\/{rel}","templated":true}]}}