{"id":60348,"date":"2010-05-25T04:01:52","date_gmt":"2010-05-25T02:01:52","guid":{"rendered":"http:\/\/www.fuldaer-nachrichten.de\/?p=60348"},"modified":"2010-05-25T08:02:54","modified_gmt":"2010-05-25T06:02:54","slug":"restplaetze-fuer-sommerfreizeiten-des-evangelischen-kirchenkreises","status":"publish","type":"post","link":"https:\/\/www.fuldaernachrichten.de\/?p=60348","title":{"rendered":"Restpl\u00e4tze f\u00fcr Sommerfreizeiten des evangelischen Kirchenkreises"},"content":{"rendered":"<p><a href=\"http:\/\/www.fuldaer-nachrichten.de\/wp-content\/uploads\/2010\/05\/Foto-Segelschiff.jpg\"><img fetchpriority=\"high\" decoding=\"async\" class=\"alignleft size-thumbnail wp-image-60349\" title=\"Foto-Segelschiff\" src=\"http:\/\/www.fuldaer-nachrichten.de\/wp-content\/uploads\/2010\/05\/Foto-Segelschiff-265x200.jpg\" alt=\"Foto-Segelschiff\" width=\"265\" height=\"200\" srcset=\"https:\/\/www.fuldaernachrichten.de\/wp-content\/uploads\/2010\/05\/Foto-Segelschiff-265x200.jpg 265w, https:\/\/www.fuldaernachrichten.de\/wp-content\/uploads\/2010\/05\/Foto-Segelschiff.jpg 592w\" sizes=\"(max-width: 265px) 100vw, 265px\" \/><\/a>Fulda. Die Jugendreferentin des evangelischen Kirchenkreises Fulda, Laura Ossenkopp, teilt mit, dass es noch Restpl\u00e4tze f\u00fcr Kinder- und Jugendfreizeit gibt. Die Jugendfreizeit f\u00fcr die Altersgruppe von 13 bis 17 Jahren f\u00fchrt vom 4.-16. Juli 2010 nach Holland, eine Woche davon wird auf einem Segelschiff verbracht. Die Kosten belaufen sich auf 430 Euro. Die Kinderfreizeit f\u00fcr Kinder von 7 bis 12 Jahren in Kooperation mit der Evangelischen Kreuzkirche findet vom 19.-23.07.2010 in der N\u00e4he des Edersees statt. Neben Spielen, Ausfl\u00fcgen und Spa\u00df werden Geschichten rund um den J\u00fcnger\u00c2\u00a0 Petrus erz\u00e4hlt. Die Kosten betragen 105 Euro. Anmeldungen sind bei Ossenkopp noch bis zum 7. Juni 2010 unter Tel. 0661\/90190456 oder per Mail jugend@evang-kirche-fulda.de m\u00f6glich.<\/p>\n","protected":false},"excerpt":{"rendered":"<div class=\"tmnf_excerpt\"><p>Fulda. Die Jugendreferentin des evangelischen Kirchenkreises Fulda, Laura Ossenkopp, teilt mit, dass es noch Restpl\u00e4tze f\u00fcr Kinder- und Jugendfreizeit gibt. Die Jugendfreizeit f\u00fcr die Altersgruppe von 13 bis 17 Jahren f\u00fchrt vom 4.-16. Juli 2010 nach Holland, eine Woche davon wird auf einem Segelschiff verbracht. Die Kosten belaufen sich auf 430 Euro. Die Kinderfreizeit f\u00fcr &hellip;<\/p>\n<\/div>","protected":false},"author":1,"featured_media":0,"comment_status":"closed","ping_status":"closed","sticky":false,"template":"","format":"standard","meta":{"footnotes":""},"categories":[1,50],"tags":[],"class_list":["post-60348","post","type-post","status-publish","format-standard","hentry","category-startseite","category-kirche"],"_links":{"self":[{"href":"https:\/\/www.fuldaernachrichten.de\/index.php?rest_route=\/wp\/v2\/posts\/60348","targetHints":{"allow":["GET"]}}],"collection":[{"href":"https:\/\/www.fuldaernachrichten.de\/index.php?rest_route=\/wp\/v2\/posts"}],"about":[{"href":"https:\/\/www.fuldaernachrichten.de\/index.php?rest_route=\/wp\/v2\/types\/post"}],"author":[{"embeddable":true,"href":"https:\/\/www.fuldaernachrichten.de\/index.php?rest_route=\/wp\/v2\/users\/1"}],"replies":[{"embeddable":true,"href":"https:\/\/www.fuldaernachrichten.de\/index.php?rest_route=%2Fwp%2Fv2%2Fcomments&post=60348"}],"version-history":[{"count":2,"href":"https:\/\/www.fuldaernachrichten.de\/index.php?rest_route=\/wp\/v2\/posts\/60348\/revisions"}],"predecessor-version":[{"id":60351,"href":"https:\/\/www.fuldaernachrichten.de\/index.php?rest_route=\/wp\/v2\/posts\/60348\/revisions\/60351"}],"wp:attachment":[{"href":"https:\/\/www.fuldaernachrichten.de\/index.php?rest_route=%2Fwp%2Fv2%2Fmedia&parent=60348"}],"wp:term":[{"taxonomy":"category","embeddable":true,"href":"https:\/\/www.fuldaernachrichten.de\/index.php?rest_route=%2Fwp%2Fv2%2Fcategories&post=60348"},{"taxonomy":"post_tag","embeddable":true,"href":"https:\/\/www.fuldaernachrichten.de\/index.php?rest_route=%2Fwp%2Fv2%2Ftags&post=60348"}],"curies":[{"name":"wp","href":"https:\/\/api.w.org\/{rel}","templated":true}]}}