{"id":60341,"date":"2010-05-25T09:10:06","date_gmt":"2010-05-25T07:10:06","guid":{"rendered":"http:\/\/www.fuldaer-nachrichten.de\/?p=60341"},"modified":"2010-05-25T09:14:19","modified_gmt":"2010-05-25T07:14:19","slug":"bischof-algermissen-weihte-zwei-junge-maenner-zu-priestern","status":"publish","type":"post","link":"https:\/\/www.fuldaernachrichten.de\/?p=60341","title":{"rendered":"Bischof Algermissen weihte zwei junge M\u00e4nner zu Priestern"},"content":{"rendered":"<p><strong>Fulda\/Hanau\/Kassel\/Kassel<\/strong> (bpf). In einem feierlichen Festgottesdienst im Fuldaer Dom und unter gro\u00dfer Anteilnahme und Freude vieler Gottesdienstbesucher hat Bischof Heinz Josef Algermissen am Samstag zwei M\u00e4nner zu Priestern geweiht. Das Sakrament der Priesterweihe erhielten die Diakone Martin Fischer (Pfarrei St. Peter, Petersberg) und Robert Vukovic (Pfarrei Maria K\u00f6nigin, Maintal-D\u00f6rnigheim).<\/p>\n<p><strong>Fotos (69): <\/strong>Karl-Eugen Klug<\/p>\n<p><a title=\"Foto: Karl-Eugen Klug\" rel=\"lightbox[roadtrip]\" href=\"http:\/\/www.schoene-nachrichten.de\/wp-content\/uploads\/2010\/05\/100525_Sorek_011.jpg\" target=\"_blank\"><img decoding=\"async\" src=\"http:\/\/www.schoene-nachrichten.de\/wp-content\/uploads\/2010\/05\/100525_Sorek_011.thumbnail.jpg\" alt=\"100525_Sorek_011.jpg\" width=\"265\" \/><\/a> <a title=\"Foto: Karl-Eugen  Klug\" rel=\"lightbox[roadtrip]\" href=\"http:\/\/www.schoene-nachrichten.de\/wp-content\/uploads\/2010\/05\/100525_Sorek_012.jpg\" target=\"_blank\"><img decoding=\"async\" src=\"http:\/\/www.schoene-nachrichten.de\/wp-content\/uploads\/2010\/05\/100525_Sorek_012.thumbnail.jpg\" alt=\"100525_Sorek_012.jpg\" width=\"265\" \/><\/a><\/p>\n<p><a href=\"..\/wp-content\/uploads\/2010\/05\/Bild2.jpg\"><img fetchpriority=\"high\" decoding=\"async\" title=\"Bild2\" src=\"..\/wp-content\/uploads\/2010\/05\/Bild2-265x398.jpg\" alt=\"Bild2\" width=\"265\" height=\"398\" \/><\/a> <a title=\"Foto: Karl-Eugen Klug\" rel=\"lightbox[roadtrip]\" href=\"http:\/\/www.schoene-nachrichten.de\/wp-content\/uploads\/2010\/05\/100525_Sorek_014.jpg\" target=\"_blank\"><img decoding=\"async\" src=\"http:\/\/www.schoene-nachrichten.de\/wp-content\/uploads\/2010\/05\/100525_Sorek_014.thumbnail.jpg\" alt=\"100525_Sorek_014.jpg\" width=\"265\" \/><\/a><a href=\"..\/wp-content\/uploads\/2010\/05\/Bild2.jpg\"> <\/a><\/p>\n<p><!--more--><\/p>\n<p>In seiner Festpredigt ging Bischof Algermissen auf die Bedeutung des Weihegebets ein, das der Bischof bei der Priesterweihe spricht: \u201eErneuere in ihnen den Geist der Heiligkeit. Das Amt, das sie aus deiner Hand, o Gott, empfangen, die Teilhabe am Priesterdienst, sei ihr Anteil f\u00fcr immer. So sei ihr Leben f\u00fcr alle Vorbild und Richtschnur\u201c.<\/p>\n<p>An jedem einzelnen Satz des Gebetes machte der Bischof beispielhaft deutlich, welche Sinnhaftigkeit und Wahrheit darin liegt und wie diese auf und f\u00fcr die Weihekandidaten wirkt. So ist das grundlegende Moment der Priesterweihe die Taufe, die f\u00fcr den jungen Priester Aufbruch, Begeisterung und niemals Stillstand bedeutet. Bischof Algermissen erinnerte auch an die Aufgabe des Priesters als Christusnachfolger: \u201eChristus macht sich im Priester menschlich ber\u00fchrbar\u201c, so sei der Priester dann auch immer \u201eOrientierung und Ermutigung f\u00fcr andere\u201c.<\/p>\n<p>Mit einer eindrucksvollen Bitte, die zugleich Zielsetzung und gro\u00dfen Dank erkennen lie\u00df, beschloss der Bischof seine Weihepredigt:<br \/>\n\u201eWerden und bleiben Sie Priester\u201c, so Algermissen, denn \u201esolche Priester machen nicht abh\u00e4ngig sondern frei, sie f\u00fchren zur Ehrfurcht vor dem Geheimnis Gottes, sie treten nicht an die Stelle Jesu, sondern halten ihm den Platz frei, sie sind ein gro\u00dfes Geschenk!\u201c<\/p>\n<p>Im Gottesdienst musizierten die Capella Cathedralis Fulda unter der Leitung von Domkapellmeister Franz-Peter Huber. Aufgef\u00fchrt wurden Chors\u00e4tze aus der \u201eMissa brevis in C (Missa aulica)\u201c von F. X. Brixi, Chors\u00e4tze von M. Stickel und J. B. Dykes sowie weitere Chor\u00e4le im Wechsel mit der Gemeinde. Die Orgel spielte Domorganist Prof. Hans-J\u00fcrgen Kaiser.<\/p>\n<p><a title=\"Foto: Karl-Eugen Klug\" rel=\"lightbox[roadtrip]\" href=\"http:\/\/www.schoene-nachrichten.de\/wp-content\/uploads\/2010\/05\/100525_Sorek_001.jpg\" target=\"_blank\"><img decoding=\"async\" src=\"http:\/\/www.schoene-nachrichten.de\/wp-content\/uploads\/2010\/05\/100525_Sorek_001.thumbnail.jpg\" alt=\"100525_Sorek_001.jpg\" width=\"265\" \/><\/a> <a title=\"Foto: Karl-Eugen Klug\" rel=\"lightbox[roadtrip]\" href=\"http:\/\/www.schoene-nachrichten.de\/wp-content\/uploads\/2010\/05\/100525_Sorek_013.jpg\" target=\"_blank\"><img decoding=\"async\" src=\"http:\/\/www.schoene-nachrichten.de\/wp-content\/uploads\/2010\/05\/100525_Sorek_013.thumbnail.jpg\" alt=\"100525_Sorek_013.jpg\" width=\"265\" \/><\/a> <a title=\"Foto: Karl-Eugen Klug\" rel=\"lightbox[roadtrip]\" href=\"http:\/\/www.schoene-nachrichten.de\/wp-content\/uploads\/2010\/05\/100525_Sorek_002.jpg\" target=\"_blank\"><img decoding=\"async\" src=\"http:\/\/www.schoene-nachrichten.de\/wp-content\/uploads\/2010\/05\/100525_Sorek_002.thumbnail.jpg\" alt=\"100525_Sorek_002.jpg\" width=\"265\" \/><\/a><\/p>\n<p><a title=\"Foto: Karl-Eugen Klug\" rel=\"lightbox[roadtrip]\" href=\"http:\/\/www.schoene-nachrichten.de\/wp-content\/uploads\/2010\/05\/100525_Sorek_003.jpg\" target=\"_blank\"><img decoding=\"async\" src=\"http:\/\/www.schoene-nachrichten.de\/wp-content\/uploads\/2010\/05\/100525_Sorek_003.thumbnail.jpg\" alt=\"100525_Sorek_003.jpg\" width=\"265\" \/><\/a> <a title=\"Foto: Karl-Eugen Klug\" rel=\"lightbox[roadtrip]\" href=\"http:\/\/www.schoene-nachrichten.de\/wp-content\/uploads\/2010\/05\/100525_Sorek_004.jpg\" target=\"_blank\"><img decoding=\"async\" src=\"http:\/\/www.schoene-nachrichten.de\/wp-content\/uploads\/2010\/05\/100525_Sorek_004.thumbnail.jpg\" alt=\"100525_Sorek_004.jpg\" width=\"265\" \/><\/a><\/p>\n<p><a title=\"Foto: Karl-Eugen Klug\" rel=\"lightbox[roadtrip]\" href=\"http:\/\/www.schoene-nachrichten.de\/wp-content\/uploads\/2010\/05\/100525_Sorek_005.jpg\" target=\"_blank\"><img decoding=\"async\" src=\"http:\/\/www.schoene-nachrichten.de\/wp-content\/uploads\/2010\/05\/100525_Sorek_005.thumbnail.jpg\" alt=\"100525_Sorek_005.jpg\" width=\"265\" \/><\/a> <a title=\"Foto: Karl-Eugen Klug\" rel=\"lightbox[roadtrip]\" href=\"http:\/\/www.schoene-nachrichten.de\/wp-content\/uploads\/2010\/05\/100525_Sorek_006.jpg\" target=\"_blank\"><img decoding=\"async\" src=\"http:\/\/www.schoene-nachrichten.de\/wp-content\/uploads\/2010\/05\/100525_Sorek_006.thumbnail.jpg\" alt=\"100525_Sorek_006.jpg\" width=\"265\" \/><\/a><\/p>\n<p><a title=\"Foto: Karl-Eugen Klug\" rel=\"lightbox[roadtrip]\" href=\"http:\/\/www.schoene-nachrichten.de\/wp-content\/uploads\/2010\/05\/100525_Sorek_007.jpg\" target=\"_blank\"><img decoding=\"async\" src=\"http:\/\/www.schoene-nachrichten.de\/wp-content\/uploads\/2010\/05\/100525_Sorek_007.thumbnail.jpg\" alt=\"100525_Sorek_007.jpg\" width=\"265\" \/><\/a> <a title=\"Foto: Karl-Eugen Klug\" rel=\"lightbox[roadtrip]\" href=\"http:\/\/www.schoene-nachrichten.de\/wp-content\/uploads\/2010\/05\/100525_Sorek_008.jpg\" target=\"_blank\"><img decoding=\"async\" src=\"http:\/\/www.schoene-nachrichten.de\/wp-content\/uploads\/2010\/05\/100525_Sorek_008.thumbnail.jpg\" alt=\"100525_Sorek_008.jpg\" width=\"265\" \/><\/a><\/p>\n<p><a title=\"Foto: Karl-Eugen Klug\" rel=\"lightbox[roadtrip]\" href=\"http:\/\/www.schoene-nachrichten.de\/wp-content\/uploads\/2010\/05\/100525_Sorek_009.jpg\" target=\"_blank\"><img decoding=\"async\" src=\"http:\/\/www.schoene-nachrichten.de\/wp-content\/uploads\/2010\/05\/100525_Sorek_009.thumbnail.jpg\" alt=\"100525_Sorek_009.jpg\" width=\"265\" \/><\/a> <a title=\"Foto: Karl-Eugen Klug\" rel=\"lightbox[roadtrip]\" href=\"http:\/\/www.schoene-nachrichten.de\/wp-content\/uploads\/2010\/05\/100525_Sorek_010.jpg\" target=\"_blank\"><img decoding=\"async\" src=\"http:\/\/www.schoene-nachrichten.de\/wp-content\/uploads\/2010\/05\/100525_Sorek_010.thumbnail.jpg\" alt=\"100525_Sorek_010.jpg\" width=\"265\" \/><\/a><\/p>\n<p><a title=\"Foto: Karl-Eugen Klug\" rel=\"lightbox[roadtrip]\" href=\"http:\/\/www.schoene-nachrichten.de\/wp-content\/uploads\/2010\/05\/100525_Sorek_015.jpg\" target=\"_blank\"><img decoding=\"async\" src=\"http:\/\/www.schoene-nachrichten.de\/wp-content\/uploads\/2010\/05\/100525_Sorek_015.thumbnail.jpg\" alt=\"100525_Sorek_015.jpg\" width=\"265\" \/><\/a> <a title=\"Foto: Karl-Eugen Klug\" rel=\"lightbox[roadtrip]\" href=\"http:\/\/www.schoene-nachrichten.de\/wp-content\/uploads\/2010\/05\/100525_Sorek_016.jpg\" target=\"_blank\"><img decoding=\"async\" src=\"http:\/\/www.schoene-nachrichten.de\/wp-content\/uploads\/2010\/05\/100525_Sorek_016.thumbnail.jpg\" alt=\"100525_Sorek_016.jpg\" width=\"265\" \/><\/a><\/p>\n<p><a title=\"Foto: Karl-Eugen Klug\" rel=\"lightbox[roadtrip]\" href=\"http:\/\/www.schoene-nachrichten.de\/wp-content\/uploads\/2010\/05\/100525_Sorek_017.jpg\" target=\"_blank\"><img decoding=\"async\" src=\"http:\/\/www.schoene-nachrichten.de\/wp-content\/uploads\/2010\/05\/100525_Sorek_017.thumbnail.jpg\" alt=\"100525_Sorek_017.jpg\" width=\"265\" \/><\/a> <a title=\"Foto: Karl-Eugen Klug\" rel=\"lightbox[roadtrip]\" href=\"http:\/\/www.schoene-nachrichten.de\/wp-content\/uploads\/2010\/05\/100525_Sorek_018.jpg\" target=\"_blank\"><img decoding=\"async\" src=\"http:\/\/www.schoene-nachrichten.de\/wp-content\/uploads\/2010\/05\/100525_Sorek_018.thumbnail.jpg\" alt=\"100525_Sorek_018.jpg\" width=\"265\" \/><\/a><\/p>\n<p><a title=\"Foto: Karl-Eugen Klug\" rel=\"lightbox[roadtrip]\" href=\"http:\/\/www.schoene-nachrichten.de\/wp-content\/uploads\/2010\/05\/100525_Sorek_019.jpg\" target=\"_blank\"><img decoding=\"async\" src=\"http:\/\/www.schoene-nachrichten.de\/wp-content\/uploads\/2010\/05\/100525_Sorek_019.thumbnail.jpg\" alt=\"100525_Sorek_019.jpg\" width=\"265\" \/><\/a> <a title=\"Foto: Karl-Eugen Klug\" rel=\"lightbox[roadtrip]\" href=\"http:\/\/www.schoene-nachrichten.de\/wp-content\/uploads\/2010\/05\/100525_Sorek_020.jpg\" target=\"_blank\"><img decoding=\"async\" src=\"http:\/\/www.schoene-nachrichten.de\/wp-content\/uploads\/2010\/05\/100525_Sorek_020.thumbnail.jpg\" alt=\"100525_Sorek_020.jpg\" width=\"265\" \/><\/a><\/p>\n<p><a title=\"Foto: Karl-Eugen Klug\" rel=\"lightbox[roadtrip]\" href=\"http:\/\/www.schoene-nachrichten.de\/wp-content\/uploads\/2010\/05\/100525_Sorek_021.jpg\" target=\"_blank\"><img decoding=\"async\" src=\"http:\/\/www.schoene-nachrichten.de\/wp-content\/uploads\/2010\/05\/100525_Sorek_021.thumbnail.jpg\" alt=\"100525_Sorek_021.jpg\" width=\"265\" \/><\/a> <a title=\"Foto: Karl-Eugen Klug\" rel=\"lightbox[roadtrip]\" href=\"http:\/\/www.schoene-nachrichten.de\/wp-content\/uploads\/2010\/05\/100525_Sorek_022.jpg\" target=\"_blank\"><img decoding=\"async\" src=\"http:\/\/www.schoene-nachrichten.de\/wp-content\/uploads\/2010\/05\/100525_Sorek_022.thumbnail.jpg\" alt=\"100525_Sorek_022.jpg\" width=\"265\" \/><\/a><\/p>\n<p><a title=\"Foto: Karl-Eugen Klug\" rel=\"lightbox[roadtrip]\" href=\"http:\/\/www.schoene-nachrichten.de\/wp-content\/uploads\/2010\/05\/100525_Sorek_023.jpg\" target=\"_blank\"><img decoding=\"async\" src=\"http:\/\/www.schoene-nachrichten.de\/wp-content\/uploads\/2010\/05\/100525_Sorek_023.thumbnail.jpg\" alt=\"100525_Sorek_023.jpg\" width=\"265\" \/><\/a> <a title=\"Foto: Karl-Eugen Klug\" rel=\"lightbox[roadtrip]\" href=\"http:\/\/www.schoene-nachrichten.de\/wp-content\/uploads\/2010\/05\/100525_Sorek_024.jpg\" target=\"_blank\"><img decoding=\"async\" src=\"http:\/\/www.schoene-nachrichten.de\/wp-content\/uploads\/2010\/05\/100525_Sorek_024.thumbnail.jpg\" alt=\"100525_Sorek_024.jpg\" width=\"265\" \/><\/a><\/p>\n<p><a title=\"Foto: Karl-Eugen Klug\" rel=\"lightbox[roadtrip]\" href=\"http:\/\/www.schoene-nachrichten.de\/wp-content\/uploads\/2010\/05\/100525_Sorek_025.jpg\" target=\"_blank\"><img decoding=\"async\" src=\"http:\/\/www.schoene-nachrichten.de\/wp-content\/uploads\/2010\/05\/100525_Sorek_025.thumbnail.jpg\" alt=\"100525_Sorek_025.jpg\" width=\"265\" \/><\/a> <a title=\"Foto: Karl-Eugen Klug\" rel=\"lightbox[roadtrip]\" href=\"http:\/\/www.schoene-nachrichten.de\/wp-content\/uploads\/2010\/05\/100525_Sorek_026.jpg\" target=\"_blank\"><img decoding=\"async\" src=\"http:\/\/www.schoene-nachrichten.de\/wp-content\/uploads\/2010\/05\/100525_Sorek_026.thumbnail.jpg\" alt=\"100525_Sorek_026.jpg\" width=\"265\" \/><\/a><\/p>\n<p><a title=\"Foto: Karl-Eugen Klug\" rel=\"lightbox[roadtrip]\" href=\"http:\/\/www.schoene-nachrichten.de\/wp-content\/uploads\/2010\/05\/100525_Sorek_027.jpg\" target=\"_blank\"><img decoding=\"async\" src=\"http:\/\/www.schoene-nachrichten.de\/wp-content\/uploads\/2010\/05\/100525_Sorek_027.thumbnail.jpg\" alt=\"100525_Sorek_027.jpg\" width=\"265\" \/><\/a> <a title=\"Foto: Karl-Eugen Klug\" rel=\"lightbox[roadtrip]\" href=\"http:\/\/www.schoene-nachrichten.de\/wp-content\/uploads\/2010\/05\/100525_Sorek_028.jpg\" target=\"_blank\"><img decoding=\"async\" src=\"http:\/\/www.schoene-nachrichten.de\/wp-content\/uploads\/2010\/05\/100525_Sorek_028.thumbnail.jpg\" alt=\"100525_Sorek_028.jpg\" width=\"265\" \/><\/a><\/p>\n<p><a title=\"Foto: Karl-Eugen Klug\" rel=\"lightbox[roadtrip]\" href=\"http:\/\/www.schoene-nachrichten.de\/wp-content\/uploads\/2010\/05\/100525_Sorek_029.jpg\" target=\"_blank\"><img decoding=\"async\" src=\"http:\/\/www.schoene-nachrichten.de\/wp-content\/uploads\/2010\/05\/100525_Sorek_029.thumbnail.jpg\" alt=\"100525_Sorek_029.jpg\" width=\"265\" \/><\/a> <a title=\"Foto: Karl-Eugen Klug\" rel=\"lightbox[roadtrip]\" href=\"http:\/\/www.schoene-nachrichten.de\/wp-content\/uploads\/2010\/05\/100525_Sorek_030.jpg\" target=\"_blank\"><img decoding=\"async\" src=\"http:\/\/www.schoene-nachrichten.de\/wp-content\/uploads\/2010\/05\/100525_Sorek_030.thumbnail.jpg\" alt=\"100525_Sorek_030.jpg\" width=\"265\" \/><\/a><\/p>\n<p><a title=\"Foto: Karl-Eugen Klug\" rel=\"lightbox[roadtrip]\" href=\"http:\/\/www.schoene-nachrichten.de\/wp-content\/uploads\/2010\/05\/100525_Sorek_031.jpg\" target=\"_blank\"><img decoding=\"async\" src=\"http:\/\/www.schoene-nachrichten.de\/wp-content\/uploads\/2010\/05\/100525_Sorek_031.thumbnail.jpg\" alt=\"100525_Sorek_031.jpg\" width=\"265\" \/><\/a> <a title=\"Foto: Karl-Eugen Klug\" rel=\"lightbox[roadtrip]\" href=\"http:\/\/www.schoene-nachrichten.de\/wp-content\/uploads\/2010\/05\/100525_Sorek_032.jpg\" target=\"_blank\"><img decoding=\"async\" src=\"http:\/\/www.schoene-nachrichten.de\/wp-content\/uploads\/2010\/05\/100525_Sorek_032.thumbnail.jpg\" alt=\"100525_Sorek_032.jpg\" width=\"265\" \/><\/a><\/p>\n<p><a title=\"Foto: Karl-Eugen Klug\" rel=\"lightbox[roadtrip]\" href=\"http:\/\/www.schoene-nachrichten.de\/wp-content\/uploads\/2010\/05\/100525_Sorek_033.jpg\" target=\"_blank\"><img decoding=\"async\" src=\"http:\/\/www.schoene-nachrichten.de\/wp-content\/uploads\/2010\/05\/100525_Sorek_033.thumbnail.jpg\" alt=\"100525_Sorek_033.jpg\" width=\"265\" \/><\/a> <a title=\"Foto: Karl-Eugen Klug\" rel=\"lightbox[roadtrip]\" href=\"http:\/\/www.schoene-nachrichten.de\/wp-content\/uploads\/2010\/05\/100525_Sorek_034.jpg\" target=\"_blank\"><img decoding=\"async\" src=\"http:\/\/www.schoene-nachrichten.de\/wp-content\/uploads\/2010\/05\/100525_Sorek_034.thumbnail.jpg\" alt=\"100525_Sorek_034.jpg\" width=\"265\" \/><\/a><\/p>\n<p><a title=\"Foto: Karl-Eugen Klug\" rel=\"lightbox[roadtrip]\" href=\"http:\/\/www.schoene-nachrichten.de\/wp-content\/uploads\/2010\/05\/100525_Sorek_035.jpg\" target=\"_blank\"><img decoding=\"async\" src=\"http:\/\/www.schoene-nachrichten.de\/wp-content\/uploads\/2010\/05\/100525_Sorek_035.thumbnail.jpg\" alt=\"100525_Sorek_035.jpg\" width=\"265\" \/><\/a> <a title=\"Foto: Karl-Eugen Klug\" rel=\"lightbox[roadtrip]\" href=\"http:\/\/www.schoene-nachrichten.de\/wp-content\/uploads\/2010\/05\/100525_Sorek_036.jpg\" target=\"_blank\"><img decoding=\"async\" src=\"http:\/\/www.schoene-nachrichten.de\/wp-content\/uploads\/2010\/05\/100525_Sorek_036.thumbnail.jpg\" alt=\"100525_Sorek_036.jpg\" width=\"265\" \/><\/a><\/p>\n<p><a title=\"Foto: Karl-Eugen Klug\" rel=\"lightbox[roadtrip]\" href=\"http:\/\/www.schoene-nachrichten.de\/wp-content\/uploads\/2010\/05\/100525_Sorek_037.jpg\" target=\"_blank\"><img decoding=\"async\" src=\"http:\/\/www.schoene-nachrichten.de\/wp-content\/uploads\/2010\/05\/100525_Sorek_037.thumbnail.jpg\" alt=\"100525_Sorek_037.jpg\" width=\"265\" \/><\/a> <a title=\"Foto: Karl-Eugen Klug\" rel=\"lightbox[roadtrip]\" href=\"http:\/\/www.schoene-nachrichten.de\/wp-content\/uploads\/2010\/05\/100525_Sorek_038.jpg\" target=\"_blank\"><img decoding=\"async\" src=\"http:\/\/www.schoene-nachrichten.de\/wp-content\/uploads\/2010\/05\/100525_Sorek_038.thumbnail.jpg\" alt=\"100525_Sorek_038.jpg\" width=\"265\" \/><\/a><\/p>\n<p><a title=\"Foto: Karl-Eugen Klug\" rel=\"lightbox[roadtrip]\" href=\"http:\/\/www.schoene-nachrichten.de\/wp-content\/uploads\/2010\/05\/100525_Sorek_039.jpg\" target=\"_blank\"><img decoding=\"async\" src=\"http:\/\/www.schoene-nachrichten.de\/wp-content\/uploads\/2010\/05\/100525_Sorek_039.thumbnail.jpg\" alt=\"100525_Sorek_039.jpg\" width=\"265\" \/><\/a> <a title=\"Foto: Karl-Eugen Klug\" rel=\"lightbox[roadtrip]\" href=\"http:\/\/www.schoene-nachrichten.de\/wp-content\/uploads\/2010\/05\/100525_Sorek_040.jpg\" target=\"_blank\"><img decoding=\"async\" src=\"http:\/\/www.schoene-nachrichten.de\/wp-content\/uploads\/2010\/05\/100525_Sorek_040.thumbnail.jpg\" alt=\"100525_Sorek_040.jpg\" width=\"265\" \/><\/a><\/p>\n<p><a title=\"Foto: Karl-Eugen Klug\" rel=\"lightbox[roadtrip]\" href=\"http:\/\/www.schoene-nachrichten.de\/wp-content\/uploads\/2010\/05\/100525_Sorek_041.jpg\" target=\"_blank\"><img decoding=\"async\" src=\"http:\/\/www.schoene-nachrichten.de\/wp-content\/uploads\/2010\/05\/100525_Sorek_041.thumbnail.jpg\" alt=\"100525_Sorek_041.jpg\" width=\"265\" \/><\/a> <a title=\"Foto: Karl-Eugen Klug\" rel=\"lightbox[roadtrip]\" href=\"http:\/\/www.schoene-nachrichten.de\/wp-content\/uploads\/2010\/05\/100525_Sorek_042.jpg\" target=\"_blank\"><img decoding=\"async\" src=\"http:\/\/www.schoene-nachrichten.de\/wp-content\/uploads\/2010\/05\/100525_Sorek_042.thumbnail.jpg\" alt=\"100525_Sorek_042.jpg\" width=\"265\" \/><\/a><\/p>\n<p><a title=\"Foto: Karl-Eugen Klug\" rel=\"lightbox[roadtrip]\" href=\"http:\/\/www.schoene-nachrichten.de\/wp-content\/uploads\/2010\/05\/100525_Sorek_043.jpg\" target=\"_blank\"><img decoding=\"async\" src=\"http:\/\/www.schoene-nachrichten.de\/wp-content\/uploads\/2010\/05\/100525_Sorek_043.thumbnail.jpg\" alt=\"100525_Sorek_043.jpg\" width=\"265\" \/><\/a> <a title=\"Foto: Karl-Eugen Klug\" rel=\"lightbox[roadtrip]\" href=\"http:\/\/www.schoene-nachrichten.de\/wp-content\/uploads\/2010\/05\/100525_Sorek_044.jpg\" target=\"_blank\"><img decoding=\"async\" src=\"http:\/\/www.schoene-nachrichten.de\/wp-content\/uploads\/2010\/05\/100525_Sorek_044.thumbnail.jpg\" alt=\"100525_Sorek_044.jpg\" width=\"265\" \/><\/a><\/p>\n<p><a title=\"Foto: Karl-Eugen Klug\" rel=\"lightbox[roadtrip]\" href=\"http:\/\/www.schoene-nachrichten.de\/wp-content\/uploads\/2010\/05\/100525_Sorek_045.jpg\" target=\"_blank\"><img decoding=\"async\" src=\"http:\/\/www.schoene-nachrichten.de\/wp-content\/uploads\/2010\/05\/100525_Sorek_045.thumbnail.jpg\" alt=\"100525_Sorek_045.jpg\" width=\"265\" \/><\/a> <a title=\"Foto: Karl-Eugen Klug\" rel=\"lightbox[roadtrip]\" href=\"http:\/\/www.schoene-nachrichten.de\/wp-content\/uploads\/2010\/05\/100525_Sorek_046.jpg\" target=\"_blank\"><img decoding=\"async\" src=\"http:\/\/www.schoene-nachrichten.de\/wp-content\/uploads\/2010\/05\/100525_Sorek_046.thumbnail.jpg\" alt=\"100525_Sorek_046.jpg\" width=\"265\" \/><\/a><\/p>\n<p><a title=\"Foto: Karl-Eugen Klug\" rel=\"lightbox[roadtrip]\" href=\"http:\/\/www.schoene-nachrichten.de\/wp-content\/uploads\/2010\/05\/100525_Sorek_047.jpg\" target=\"_blank\"><img decoding=\"async\" src=\"http:\/\/www.schoene-nachrichten.de\/wp-content\/uploads\/2010\/05\/100525_Sorek_047.thumbnail.jpg\" alt=\"100525_Sorek_047.jpg\" width=\"265\" \/><\/a> <a title=\"Foto: Karl-Eugen Klug\" rel=\"lightbox[roadtrip]\" href=\"http:\/\/www.schoene-nachrichten.de\/wp-content\/uploads\/2010\/05\/100525_Sorek_048.jpg\" target=\"_blank\"><img decoding=\"async\" src=\"http:\/\/www.schoene-nachrichten.de\/wp-content\/uploads\/2010\/05\/100525_Sorek_048.thumbnail.jpg\" alt=\"100525_Sorek_048.jpg\" width=\"265\" \/><\/a><\/p>\n<p><a title=\"Foto: Karl-Eugen Klug\" rel=\"lightbox[roadtrip]\" href=\"http:\/\/www.schoene-nachrichten.de\/wp-content\/uploads\/2010\/05\/100525_Sorek_049.jpg\" target=\"_blank\"><img decoding=\"async\" src=\"http:\/\/www.schoene-nachrichten.de\/wp-content\/uploads\/2010\/05\/100525_Sorek_049.thumbnail.jpg\" alt=\"100525_Sorek_049.jpg\" width=\"265\" \/><\/a> <a title=\"Foto: Karl-Eugen Klug\" rel=\"lightbox[roadtrip]\" href=\"http:\/\/www.schoene-nachrichten.de\/wp-content\/uploads\/2010\/05\/100525_Sorek_050.jpg\" target=\"_blank\"><img decoding=\"async\" src=\"http:\/\/www.schoene-nachrichten.de\/wp-content\/uploads\/2010\/05\/100525_Sorek_050.thumbnail.jpg\" alt=\"100525_Sorek_050.jpg\" width=\"265\" \/><\/a><\/p>\n<p><a title=\"Foto: Karl-Eugen Klug\" rel=\"lightbox[roadtrip]\" href=\"http:\/\/www.schoene-nachrichten.de\/wp-content\/uploads\/2010\/05\/100525_Sorek_051.jpg\" target=\"_blank\"><img decoding=\"async\" src=\"http:\/\/www.schoene-nachrichten.de\/wp-content\/uploads\/2010\/05\/100525_Sorek_051.thumbnail.jpg\" alt=\"100525_Sorek_051.jpg\" width=\"265\" \/><\/a> <a title=\"Foto: Karl-Eugen Klug\" rel=\"lightbox[roadtrip]\" href=\"http:\/\/www.schoene-nachrichten.de\/wp-content\/uploads\/2010\/05\/100525_Sorek_052.jpg\" target=\"_blank\"><img decoding=\"async\" src=\"http:\/\/www.schoene-nachrichten.de\/wp-content\/uploads\/2010\/05\/100525_Sorek_052.thumbnail.jpg\" alt=\"100525_Sorek_052.jpg\" width=\"265\" \/><\/a><\/p>\n<p><a title=\"Foto: Karl-Eugen Klug\" rel=\"lightbox[roadtrip]\" href=\"http:\/\/www.schoene-nachrichten.de\/wp-content\/uploads\/2010\/05\/100525_Sorek_053.jpg\" target=\"_blank\"><img decoding=\"async\" src=\"http:\/\/www.schoene-nachrichten.de\/wp-content\/uploads\/2010\/05\/100525_Sorek_053.thumbnail.jpg\" alt=\"100525_Sorek_053.jpg\" width=\"265\" \/><\/a> <a title=\"Foto: Karl-Eugen Klug\" rel=\"lightbox[roadtrip]\" href=\"http:\/\/www.schoene-nachrichten.de\/wp-content\/uploads\/2010\/05\/100525_Sorek_054.jpg\" target=\"_blank\"><img decoding=\"async\" src=\"http:\/\/www.schoene-nachrichten.de\/wp-content\/uploads\/2010\/05\/100525_Sorek_054.thumbnail.jpg\" alt=\"100525_Sorek_054.jpg\" width=\"265\" \/><\/a><\/p>\n<p><a title=\"Foto: Karl-Eugen Klug\" rel=\"lightbox[roadtrip]\" href=\"http:\/\/www.schoene-nachrichten.de\/wp-content\/uploads\/2010\/05\/100525_Sorek_055.jpg\" target=\"_blank\"><img decoding=\"async\" src=\"http:\/\/www.schoene-nachrichten.de\/wp-content\/uploads\/2010\/05\/100525_Sorek_055.thumbnail.jpg\" alt=\"100525_Sorek_055.jpg\" width=\"265\" \/><\/a> <a title=\"Foto: Karl-Eugen Klug\" rel=\"lightbox[roadtrip]\" href=\"http:\/\/www.schoene-nachrichten.de\/wp-content\/uploads\/2010\/05\/100525_Sorek_056.jpg\" target=\"_blank\"><img decoding=\"async\" src=\"http:\/\/www.schoene-nachrichten.de\/wp-content\/uploads\/2010\/05\/100525_Sorek_056.thumbnail.jpg\" alt=\"100525_Sorek_056.jpg\" width=\"265\" \/><\/a><\/p>\n<p><a title=\"Foto: Karl-Eugen Klug\" rel=\"lightbox[roadtrip]\" href=\"http:\/\/www.schoene-nachrichten.de\/wp-content\/uploads\/2010\/05\/100525_Sorek_057.jpg\" target=\"_blank\"><img decoding=\"async\" src=\"http:\/\/www.schoene-nachrichten.de\/wp-content\/uploads\/2010\/05\/100525_Sorek_057.thumbnail.jpg\" alt=\"100525_Sorek_057.jpg\" width=\"265\" \/><\/a> <a title=\"Foto: Karl-Eugen Klug\" rel=\"lightbox[roadtrip]\" href=\"http:\/\/www.schoene-nachrichten.de\/wp-content\/uploads\/2010\/05\/100525_Sorek_058.jpg\" target=\"_blank\"><img decoding=\"async\" src=\"http:\/\/www.schoene-nachrichten.de\/wp-content\/uploads\/2010\/05\/100525_Sorek_058.thumbnail.jpg\" alt=\"100525_Sorek_058.jpg\" width=\"265\" \/><\/a><\/p>\n<p><a title=\"Foto: Karl-Eugen Klug\" rel=\"lightbox[roadtrip]\" href=\"http:\/\/www.schoene-nachrichten.de\/wp-content\/uploads\/2010\/05\/100525_Sorek_059.jpg\" target=\"_blank\"><img decoding=\"async\" src=\"http:\/\/www.schoene-nachrichten.de\/wp-content\/uploads\/2010\/05\/100525_Sorek_059.thumbnail.jpg\" alt=\"100525_Sorek_059.jpg\" width=\"265\" \/><\/a> <a title=\"Foto: Karl-Eugen Klug\" rel=\"lightbox[roadtrip]\" href=\"http:\/\/www.schoene-nachrichten.de\/wp-content\/uploads\/2010\/05\/100525_Sorek_060.jpg\" target=\"_blank\"><img decoding=\"async\" src=\"http:\/\/www.schoene-nachrichten.de\/wp-content\/uploads\/2010\/05\/100525_Sorek_060.thumbnail.jpg\" alt=\"100525_Sorek_060.jpg\" width=\"265\" \/><\/a><\/p>\n<p><a title=\"Foto: Karl-Eugen Klug\" rel=\"lightbox[roadtrip]\" href=\"http:\/\/www.schoene-nachrichten.de\/wp-content\/uploads\/2010\/05\/100525_Sorek_061.jpg\" target=\"_blank\"><img decoding=\"async\" src=\"http:\/\/www.schoene-nachrichten.de\/wp-content\/uploads\/2010\/05\/100525_Sorek_061.thumbnail.jpg\" alt=\"100525_Sorek_061.jpg\" width=\"265\" \/><\/a> <a title=\"Foto: Karl-Eugen Klug\" rel=\"lightbox[roadtrip]\" href=\"http:\/\/www.schoene-nachrichten.de\/wp-content\/uploads\/2010\/05\/100525_Sorek_062.jpg\" target=\"_blank\"><img decoding=\"async\" src=\"http:\/\/www.schoene-nachrichten.de\/wp-content\/uploads\/2010\/05\/100525_Sorek_062.thumbnail.jpg\" alt=\"100525_Sorek_062.jpg\" width=\"265\" \/><\/a><\/p>\n<p><a title=\"Foto: Karl-Eugen Klug\" rel=\"lightbox[roadtrip]\" href=\"http:\/\/www.schoene-nachrichten.de\/wp-content\/uploads\/2010\/05\/100525_Sorek_063.jpg\" target=\"_blank\"><img decoding=\"async\" src=\"http:\/\/www.schoene-nachrichten.de\/wp-content\/uploads\/2010\/05\/100525_Sorek_063.thumbnail.jpg\" alt=\"100525_Sorek_063.jpg\" width=\"265\" \/><\/a> <a title=\"Foto: Karl-Eugen Klug\" rel=\"lightbox[roadtrip]\" href=\"http:\/\/www.schoene-nachrichten.de\/wp-content\/uploads\/2010\/05\/100525_Sorek_064.jpg\" target=\"_blank\"><img decoding=\"async\" src=\"http:\/\/www.schoene-nachrichten.de\/wp-content\/uploads\/2010\/05\/100525_Sorek_064.thumbnail.jpg\" alt=\"100525_Sorek_064.jpg\" width=\"265\" \/><\/a><\/p>\n<p><a title=\"Foto: Karl-Eugen Klug\" rel=\"lightbox[roadtrip]\" href=\"http:\/\/www.schoene-nachrichten.de\/wp-content\/uploads\/2010\/05\/100525_Sorek_065.jpg\" target=\"_blank\"><img decoding=\"async\" src=\"http:\/\/www.schoene-nachrichten.de\/wp-content\/uploads\/2010\/05\/100525_Sorek_065.thumbnail.jpg\" alt=\"100525_Sorek_065.jpg\" width=\"265\" \/><\/a> <a title=\"Foto: Karl-Eugen Klug\" rel=\"lightbox[roadtrip]\" href=\"http:\/\/www.schoene-nachrichten.de\/wp-content\/uploads\/2010\/05\/100525_Sorek_066.jpg\" target=\"_blank\"><img decoding=\"async\" src=\"http:\/\/www.schoene-nachrichten.de\/wp-content\/uploads\/2010\/05\/100525_Sorek_066.thumbnail.jpg\" alt=\"100525_Sorek_066.jpg\" width=\"265\" \/><\/a><\/p>\n<p><a title=\"Foto: Karl-Eugen Klug\" rel=\"lightbox[roadtrip]\" href=\"http:\/\/www.schoene-nachrichten.de\/wp-content\/uploads\/2010\/05\/100525_Sorek_067.jpg\" target=\"_blank\"><img decoding=\"async\" src=\"http:\/\/www.schoene-nachrichten.de\/wp-content\/uploads\/2010\/05\/100525_Sorek_067.thumbnail.jpg\" alt=\"100525_Sorek_067.jpg\" width=\"265\" \/><\/a> <a title=\"Foto: Karl-Eugen Klug\" rel=\"lightbox[roadtrip]\" href=\"http:\/\/www.schoene-nachrichten.de\/wp-content\/uploads\/2010\/05\/100525_Sorek_068.jpg\" target=\"_blank\"><img decoding=\"async\" src=\"http:\/\/www.schoene-nachrichten.de\/wp-content\/uploads\/2010\/05\/100525_Sorek_068.thumbnail.jpg\" alt=\"100525_Sorek_068.jpg\" width=\"265\" \/><\/a><\/p>\n<p><a title=\"Foto: Karl-Eugen Klug\" rel=\"lightbox[roadtrip]\" href=\"http:\/\/www.schoene-nachrichten.de\/wp-content\/uploads\/2010\/05\/100525_Sorek_069.jpg\" target=\"_blank\"><img decoding=\"async\" src=\"http:\/\/www.schoene-nachrichten.de\/wp-content\/uploads\/2010\/05\/100525_Sorek_069.thumbnail.jpg\" alt=\"100525_Sorek_069.jpg\" width=\"265\" \/><\/a><\/p>\n","protected":false},"excerpt":{"rendered":"<div class=\"tmnf_excerpt\"><p>Fulda\/Hanau\/Kassel\/Kassel (bpf). In einem feierlichen Festgottesdienst im Fuldaer Dom und unter gro\u00dfer Anteilnahme und Freude vieler Gottesdienstbesucher hat Bischof Heinz Josef Algermissen am Samstag zwei M\u00e4nner zu Priestern geweiht. Das Sakrament der Priesterweihe erhielten die Diakone Martin Fischer (Pfarrei St. Peter, Petersberg) und Robert Vukovic (Pfarrei Maria K\u00f6nigin, Maintal-D\u00f6rnigheim). Fotos (69): Karl-Eugen Klug<\/p>\n<\/div>","protected":false},"author":1,"featured_media":0,"comment_status":"closed","ping_status":"closed","sticky":false,"template":"","format":"standard","meta":{"footnotes":""},"categories":[1,50],"tags":[],"class_list":["post-60341","post","type-post","status-publish","format-standard","hentry","category-startseite","category-kirche"],"_links":{"self":[{"href":"https:\/\/www.fuldaernachrichten.de\/index.php?rest_route=\/wp\/v2\/posts\/60341","targetHints":{"allow":["GET"]}}],"collection":[{"href":"https:\/\/www.fuldaernachrichten.de\/index.php?rest_route=\/wp\/v2\/posts"}],"about":[{"href":"https:\/\/www.fuldaernachrichten.de\/index.php?rest_route=\/wp\/v2\/types\/post"}],"author":[{"embeddable":true,"href":"https:\/\/www.fuldaernachrichten.de\/index.php?rest_route=\/wp\/v2\/users\/1"}],"replies":[{"embeddable":true,"href":"https:\/\/www.fuldaernachrichten.de\/index.php?rest_route=%2Fwp%2Fv2%2Fcomments&post=60341"}],"version-history":[{"count":4,"href":"https:\/\/www.fuldaernachrichten.de\/index.php?rest_route=\/wp\/v2\/posts\/60341\/revisions"}],"predecessor-version":[{"id":60353,"href":"https:\/\/www.fuldaernachrichten.de\/index.php?rest_route=\/wp\/v2\/posts\/60341\/revisions\/60353"}],"wp:attachment":[{"href":"https:\/\/www.fuldaernachrichten.de\/index.php?rest_route=%2Fwp%2Fv2%2Fmedia&parent=60341"}],"wp:term":[{"taxonomy":"category","embeddable":true,"href":"https:\/\/www.fuldaernachrichten.de\/index.php?rest_route=%2Fwp%2Fv2%2Fcategories&post=60341"},{"taxonomy":"post_tag","embeddable":true,"href":"https:\/\/www.fuldaernachrichten.de\/index.php?rest_route=%2Fwp%2Fv2%2Ftags&post=60341"}],"curies":[{"name":"wp","href":"https:\/\/api.w.org\/{rel}","templated":true}]}}